{"id":53963,"date":"2025-03-26T10:33:33","date_gmt":"2025-03-26T10:33:33","guid":{"rendered":"https:\/\/dekkbi.com\/?p=53963"},"modified":"2025-03-26T10:33:34","modified_gmt":"2025-03-26T10:33:34","slug":"senegal-agricole-le-nouveau-plan-durgence-propose-par-le-mouvement-progres-pour-resoudre-la-lancinante-question-de-la-souverainete-alimentaire","status":"publish","type":"post","link":"https:\/\/dekkbi.com\/?p=53963","title":{"rendered":"S\u00e9n\u00e9gal agricole : Le nouveau plan d\u2019urgence propos\u00e9 par le mouvement Progr\u00e8s pour r\u00e9soudre la lancinante question de la souverainet\u00e9 alimentaire"},"content":{"rendered":"\n<p><strong>Depuis les ind\u00e9pendances, les r\u00e9gimes se succ\u00e8dent et sont marqu\u00e9s par des \u00e9checs r\u00e9p\u00e9t\u00e9s en mati\u00e8re de politique agricole.<\/strong><\/p>\n\n\n\n<p>Les programmes agricoles, souvent creux et d\u00e9pourvus d\u2019orientations claires et d\u2019innovation, laissent les acteurs dans l\u2019inertie, sans parvenir \u00e0 mobiliser une partie importante de la jeunesse, malgr\u00e9 les ressources disponibles.<\/p>\n\n\n\n<p>Il y a dix ans, en 2015, le r\u00e9gime pr\u00e9c\u00e9dent avait promis que le S\u00e9n\u00e9gal atteindrait l\u2019autosuffisance en riz.<\/p>\n\n\n\n<p>Cette promesse s\u2019appuyait sur le potentiel de la vall\u00e9e du fleuve S\u00e9n\u00e9gal, mais aussi sur celui des zones de production rizicole de plateaux de la zone pluviale.<\/p>\n\n\n\n<p>Malgr\u00e9 les ressources mobilis\u00e9es \u00e0 travers des programmes sectoriels comme le PRACAS et le PNAR, cet objectif n\u2019a jamais \u00e9t\u00e9 atteint. L\u2019ancien ministre, chercheur et expert en agriculture, qui portait ce message sur les ondes hertziennes, ne me d\u00e9mentira pas.<\/p>\n\n\n\n<p>Pourtant, malgr\u00e9 l\u2019\u00e9chec cuisant des programmes de souverainet\u00e9 alimentaire \u00e0 travers les diff\u00e9rents r\u00e9gimes, ces derniers ne sont jamais \u00e9valu\u00e9s et aucune responsabilit\u00e9 n\u2019est situ\u00e9e.Il est grand temps que cette agriculture, qui occupe 70 % de la population, cesse d\u2019\u00eatre prise en otage par des politiciens qui cherchent davantage \u00e0 se construire une image qu\u2019\u00e0 aborder la question avec s\u00e9rieux.<\/p>\n\n\n\n<p>Les programmes sectoriels, souvent farfelus, se succ\u00e8dent sans r\u00e9elle coh\u00e9rence, avec un mode op\u00e9ratoire qui semble viser \u00e0 enrichir sans effort des hommes de main des r\u00e9gimes pr\u00e9c\u00e9dents.<\/p>\n\n\n\n<p>Ce qui fait que tout le mat\u00e9riel import\u00e9 est de mauvaise qualit\u00e9 et est livr\u00e9 tout le temps aux pauvres paysans. Ces derniers, abandonn\u00e9s \u00e0 leur sort, sans services apr\u00e8s ventes, ni pi\u00e8ces de rechanges, finissent par les abandonner pour devenir des \u00e9paves, perdus \u00e0 chaque kilom\u00e8tre dans les zones de production.<\/p>\n\n\n\n<p>Face \u00e0 ce constat, nous venons de porter d\u00e9mocratiquement au pouvoir une nouvelle \u00e9quipe, ou plut\u00f4t un nouveau r\u00e9gime, charg\u00e9 de la gestion du pays et de la prise en charge du destin des populations.Je vous interpelle aujourd\u2019hui sur deux probl\u00e9matiques majeures auxquelles nous devons faire face. La premi\u00e8re concerne le mal-\u00eatre des S\u00e9n\u00e9galais, plong\u00e9s dans une situation \u00e9conomique d\u00e9favorable, h\u00e9rit\u00e9e des \u00e9checs r\u00e9p\u00e9t\u00e9s des r\u00e9gimes pr\u00e9c\u00e9dents.<\/p>\n\n\n\n<p>La seconde est celle de l\u2019emploi des jeunes, dont le taux de ch\u00f4mage \u00e9lev\u00e9 constitue un d\u00e9fi urgent \u00e0 relever.Pour r\u00e9soudre ces deux probl\u00e8mes, il ne suffit pas de lancer des programmes annonc\u00e9s avec fracas et sans r\u00e9elle substance. Je crois fermement qu\u2019il est fondamental que les nouvelles autorit\u00e9s initient des assises nationales sur l\u2019agriculture et le ch\u00f4mage des jeunes.<\/p>\n\n\n\n<p>Ces assises devront impliquer toutes les parties prenantes afin d\u2019\u00e9laborer une feuille de route claire et des strat\u00e9gies concr\u00e8tes pour apporter des solutions durables.<\/p>\n\n\n\n<p>Elu d\u00e9mocratiquement le 24 Mars 2024, le Pr\u00e9sident de la R\u00e9publique M. Bassirou Diomaye Diakhar FAYE vient de boucler une ann\u00e9e \u00e0 la t\u00eate de ce pays. Malgr\u00e9 toutes les pertinentes strat\u00e9gies mises en place dans plusieurs secteurs, \u00e0 l\u2019image de beaucoup de pays du monde, la probl\u00e9matique de l\u2019emploi des jeunes reste toujours un v\u00e9ritable casse-t\u00eate. Pour pallier cette pressante pr\u00e9occupation des actions concr\u00e8tes doivent \u00eatre pos\u00e9es. Pour se faire, le mouvement PROGRES propose le programme \u00ab SENEGAL AGRICOLE \u00bb.<\/p>\n\n\n\n<p>D\u00e8s cette campagne de l\u2019hivernage 2025, de concert avec tous les acteurs et citoyens (Enseignants, militaires, \u00e9tudiants, ministres, d\u00e9put\u00e9s, commer\u00e7ants, entrepreneurs) l\u2019Etat devra mettre en place des m\u00e9canismes pour assurer un retour vers l\u2019agriculture.<\/p>\n\n\n\n<p>Le d\u00e9veloppement de notre agriculture passe in\u00e9luctablement par le d\u00e9veloppement des chaines de valeur agricoles dans les diff\u00e9rentes zones agro-\u00e9cologiques du pays.<\/p>\n\n\n\n<p>En d\u2019autres termes chaque zone a ses sp\u00e9cificit\u00e9s et doit faire l\u2019objet de cr\u00e9ation de richesse et d\u2019emploi en fonction des potentialit\u00e9s intrins\u00e8ques. Il s\u2019agira entre autres de poser des actes concrets pour proc\u00e9der \u00e0 l\u2019\u00e9largissement des superficies emblav\u00e9es, renforcer et finaliser le projet de cr\u00e9ation des zones de d\u00e9veloppement agricoles sp\u00e9cialis\u00e9es (DAC, ANIDA, Agropoles etc.), le d\u00e9veloppement de l\u2019agro-industrie en collaboration avec le secteur priv\u00e9 local (agro-industrie et unit\u00e9s artisanales), une implication r\u00e9fl\u00e9chie et raisonn\u00e9e de la jeunesse et enfin de concert avec les structures d\u2019appui techniques renforcer la structuration des chaines de valeur agricoles en prenant en compte l\u2019existent.<\/p>\n\n\n\n<p>Je rappelle qu\u2019a date le monde rural regorge aussi des mod\u00e8les \u00e9conomiques r\u00e9ussis qui ont valu beaucoup de success stories aux faiti\u00e8res (Union de D\u00e9bit Tiguette, Union Pont Gendarme, Union NDIAYE, Union Thil\u00e9ne, FEPROMAS, Entente de Diouloulou etc.).<\/p>\n\n\n\n<p>En sus, des interprofessions tr\u00e8s bien organis\u00e9es existent et sont capables de porter les politiques de d\u00e9veloppement agricoles en interagissant avec la tutelle et toutes les parties prenantes.<\/p>\n\n\n\n<p>Il suffit juste de mettre en place des cadres et un dispositif de suivi \u00e9valuation qui sera manag\u00e9 par les structures agricoles d\u00e9centralis\u00e9es. NB : Il est imp\u00e9ratif de d\u00e9gager des strat\u00e9gies pour attirer la jeunesse \u00e0 exercer l\u2019activit\u00e9 agricole.<\/p>\n\n\n\n<p>En d\u2019autres termes, nous devons rendre notre agriculture sexy pour inciter cette jeunesse technologique de la pratiquer. C\u2019est un pr\u00e9alable qu\u2019il faudra imp\u00e9rativement int\u00e9grer.<\/p>\n\n\n\n<p><strong>L\u2019ACCES AUX FACTEURS DE PRODUCTION : UN PREALABLE POUR LE DEVELOPPEMENT DE NOTRE AGRICULTURE :<\/strong><\/p>\n\n\n\n<p>Gestion de l\u2019eau agricole et de l\u2019\u00e9nergie : Jusqu\u2019ici, en grande partie, notre agriculture est d\u00e9pendante de la pluviom\u00e9trie. Le bassin arachidier, une zone \u00e0 fort potentiel agricole reste purement d\u00e9di\u00e9 \u00e0 la production de l\u2019arachide.<\/p>\n\n\n\n<p>Et pourtant, elle regorge d\u2019\u00e9normes potentialit\u00e9s pour la production maraich\u00e8re.Relativement, \u00e0 la maitrise de l\u2019eau et de l\u2019\u00e9nergie : \u00e0 travers les eaux de surface et souterraine : il faut actionner les leviers pour la mise en place de technologie moderne pour la matrise de l\u2019eau \u00e0 travers tout le pays. En fonction des diff\u00e9rentes sp\u00e9culations, mettre en place des syst\u00e8mes et r\u00e9seau d\u2019irrigation au profit des acteurs de l\u2019agrobusiness et des petits producteurs \u00e0 travers des mod\u00e8les de partenariat public priv\u00e9 (PPP). En d\u2019autres termes, ce chantier sera mis en \u0153uvre de concert avec les structures publiques et les partenaires techniques qui sont \u00e0 la base.Parall\u00e8lement, les initiatives relatives \u00e0 la gestion, la maitrise et la revalorisation des eaux pluviales doivent \u00eatre accentu\u00e9es \u00e0 travers des bassins de collecte.<\/p>\n\n\n\n<p>Les techniciens capables de porter ce projet existent et des success stories existent aussi dans ce domaine.<\/p>\n\n\n\n<p>En collaboration avec le secteur priv\u00e9 local, encourager et renforcer, \u00e0 travers des subventions (priv\u00e9es ou publiques), la construction et la r\u00e9habilitation des forages pour un acc\u00e8s en tout temps \u00e0 l\u2019eau dans les zones surtout horticoles. Pour augmenter le revenu du producteur, rentabiliser notre agriculture et l\u2019inscrire dans la durabilit\u00e9, l\u2019\u00e9nergie solaire constitue une r\u00e9elle alternative pour accompagner la m\u00e9canisation relative \u00e0 la production agricole.<\/p>\n\n\n\n<p>Fort heureusement, nous avons aussi un secteur priv\u00e9 local capable d\u2019installer des dispositifs solaires dans les diff\u00e9rentes zones agro\u00e9cologiques. Nous pouvons citer : BONERGIE, IBRIZ, PARAR CONSULTING, HEXING etc.<\/p>\n\n\n\n<p>Il suffit juste de visiter la zone des niayes et la vall\u00e9e du fleuve S\u00e9n\u00e9gal pour appr\u00e9cier la qualit\u00e9 de leurs services au profit des producteursAcc\u00e8s au foncier : Il est temps de proc\u00e9der \u00e0 la r\u00e9vision de toutes les spoliations fonci\u00e8res des communaut\u00e9s afin de garantir aux populations rurales un acc\u00e8s prioritaire sur les terres de leur terroir. L\u2019acc\u00e8s doit \u00eatre aussi facilit\u00e9 par les jeunes et les femmes qui constituent un maillon essentiel dans les diff\u00e9rentes chaines de valeur agricoles. En d\u00e9finitive, la terre devra revenir \u00e0 ceux ou celles qui la cultivent.<\/p>\n\n\n\n<p>Pour pallier la lancinante question relative \u00e0 l\u2019acc\u00e8s au cr\u00e9dit, le foncier doit \u00eatre identifi\u00e9, valoris\u00e9 et cartographi\u00e9 afin de servir de garantie aux producteurs.<\/p>\n\n\n\n<p><strong>Organisation et accroissement des financements : Pour intensifier l\u2019agriculture, l\u2019acc\u00e8s au cr\u00e9dit constitue un maillon tr\u00e8s important.<\/strong><\/p>\n\n\n\n<p>De concert avec toutes les parties prenantes, il faut mettre en place une strat\u00e9gie durable et ambitieuse pour d\u00e9mocratiser le cr\u00e9dit et le rentabiliser afin d\u2019augmenter la valeur ajout\u00e9e au profit du petit producteur.<\/p>\n\n\n\n<p>Il s\u2019agira \u00e0 priori de regrouper les diff\u00e9rentes institutions de fonds d\u2019appui&nbsp;au secteur agricole afin d\u2019optimiser les services de l\u2019agriculture, de mettre en place des fonds de garantie \u00e0 travers des PPP, de booster l\u2019investissement et en priorit\u00e9 pour les cultures pluviales, les cultures maraich\u00e8res, l\u2019arachide etc., de mettre en place des lignes de financements pour les fermes familiales, d\u2019exon\u00e9rer et subventionner le mat\u00e9riel et \u00e9quipements agricoles. En sus, l\u2019Etat devra inciter les banques classiques \u00e0 investir dans l\u2019agriculture \u00e0 travers des m\u00e9canismes comme le cr\u00e9dit-bail, le warrantage, le syst\u00e8me de r\u00e9c\u00e9piss\u00e9 d\u2019entrep\u00f4t (SRE), l\u2019affacturage etc.<\/p>\n\n\n\n<p>Pour pallier les risques inh\u00e9rents \u00e0 l\u2019activit\u00e9 agricole, la Compagnie Nationale d\u2019Assurance Agricole du S\u00e9n\u00e9gal (CNAAS) doit \u00eatre appuy\u00e9e de concert avec sa tutelle.<\/p>\n\n\n\n<p>Le secteur priv\u00e9 en collaboration avec les structures d\u2019appui techniques doit aussi \u00eatre appuy\u00e9 afin de participer activement au processus de mis en place des sch\u00e9mas de financement s\u00e9curisant dans les diff\u00e9rentes zones agricoles du pays.<\/p>\n\n\n\n<p>Cr\u00e9ation de chaines de valeurs : De concert avec les structures d\u2019appui technique et le secteur priv\u00e9 agricole, l\u2019Etat devra mettre en place\/renforcer une dynamique organisationnelle des diff\u00e9rentes chaines de valeurs agricoles \u00e0 travers l\u2019\u00e9chiquier national.<\/p>\n\n\n\n<p>Les faiti\u00e8res seront consolid\u00e9es et des mises en relations entre les diff\u00e9rents acteurs seront initi\u00e9es. Comme mentionn\u00e9 plus haut des mod\u00e8les existent et doivent \u00eatre renforc\u00e9s.<\/p>\n\n\n\n<p>Pour \u00e9viter les pertes post-r\u00e9coltes, \u00e0 travers l\u2019innovation technologique, la transformation et le conditionnement des produits agricoles doit \u00eatre une r\u00e9alit\u00e9.<\/p>\n\n\n\n<p>Une d\u00e9marche qualit\u00e9 devra aussi mise en place pour les besoins de comp\u00e9titivit\u00e9 et d\u2019exportation de nos produits agricoles.<\/p>\n\n\n\n<p>Accroissement et modernisation des \u00e9quipements et infrastructures agricoles&nbsp;:Il s\u2019agira d\u2019accompagner les structures de recherche afin de proposer des \u00e9quipements et&nbsp;infrastructures adapt\u00e9s \u00e0 chaque zone agro-\u00e9cologique, de cr\u00e9er des hubs agricoles, d\u2019actualiser la carte d\u2019aptitude culturale du pays et enfin de restaurer la recherche agricole et foresti\u00e8re comme une priorit\u00e9 de d\u00e9veloppement.<\/p>\n\n\n\n<p><strong>Instituions agricoles et Ressources humaines et reconstitution du capital semencier<\/strong><\/p>\n\n\n\n<p>Apr\u00e8s un an d\u2019exercice, il faudra imp\u00e9rativement faire un diagnostic institutionnel afin d\u2019appuyer et d\u2019am\u00e9liorer les conditions de travail des structures agricoles comme la SAED, SODAGRI, la DHORT, l\u2019INP, la SONACOS, l\u2019ISRA, MAERSA, ANAQ, ANCAR, DRDR etc.<\/p>\n\n\n\n<p>Pour appuyer l\u2019ISRA dans le cadre du programme de reconstitution du capital semencier&nbsp;il faudra&nbsp;: commanditer une \u00e9tude du syst\u00e8me semencier, de la s\u00e9lection \u00e0 la consommation, \u00e9laborer une politique semenci\u00e8re en ad\u00e9quation avec les chaines de valeurs semenci\u00e8res, mettre en place un&nbsp; fonds souverain pour le financement des \u00e9quipes de s\u00e9lection, les unit\u00e9s de production de semences, du service de contr\u00f4le et de certification des semences (Disem, Drdr, Sddr, laboratoires semences, personnel et moyens, am\u00e9liorer la base productive pour installer des grandes fermes d\u00e9di\u00e9es a la semences (am\u00e9lioration des terres, irrigation, m\u00e9canisation et conservation, cl\u00f4ture, etc.), mise en place de cr\u00e9dit pour le secteur priv\u00e9 et les acteurs semenciers pour la production, la commercialisation et la conservation des semences de base et certifi\u00e9es et enfin assurer la tra\u00e7abilit\u00e9 et la digitalisation des flux et circuits semences jusqu\u2019aux destinataires finaux.<\/p>\n\n\n\n<p>Il s\u2019agira aussi d\u2019augmenter le budget de fonctionnement et de moderniser la logistique de ces instituions afin de r\u00e9pondre en toute c\u00e9l\u00e9rit\u00e9 aux besoins des producteurs \u00e0 la base. Tous les agents doivent \u00eatre form\u00e9s et capacit\u00e9s p\u00e9riodiquement.<\/p>\n\n\n\n<p>La recherche doit activement \u00eatre appuy\u00e9e pour pourvoir r\u00e9gler les pr\u00e9occupations relatives \u00e0 la raret\u00e9 de l\u2019engrais, \u00e0 la faiblesse de l\u2019innovation technologique, \u00e0 la vulgarisation et de transfert technologique.Ce chantier doit aussi \u00eatre mis en \u0153uvre \u00e0 travers des passerelles via les institutions de formation professionnelles agricole comme l\u2019ENSA de Thi\u00e8s, l\u2019ISFAR de Bambey, les UFR agricoles de l\u2019UCAD, de l\u2019UGB, de l\u2019UASZ, les ISEP etc.<\/p>\n\n\n\n<p><strong>La Transformation et le conditionnement des produits agricoles<\/strong><\/p>\n\n\n\n<p>Pour faire face aux pertes post-r\u00e9coltes, booster le revenu des producteurs et cr\u00e9er de l\u2019emplois permanents dans le secteur de l\u2019agriculture, l\u2019Etat devra accorder une importance capitale \u00e0 l\u2019agro-industrie et l\u2019agroalimentaire.<\/p>\n\n\n\n<p>En collaboration avec l\u2019ITA et le secteur priv\u00e9, les faiti\u00e8res et les acteurs de la recherche en g\u00e9n\u00e9ral, des formations\/renforcements de capacit\u00e9s doivent \u00eatre effectu\u00e9s au profit de tous les acteurs de ce maillon et \u00e0 travers les diff\u00e9rentes zones agro-\u00e9cologiques.Des strat\u00e9gies allant dans le sens d\u2019am\u00e9liorer le plateau technique des agroindustriels (vall\u00e9e du fleuve, Touba, SONACOS, Zone Sud, Zone Centre) doivent \u00eatre mises en \u0153uvre de concert avec le secteur priv\u00e9, les institutions de financement etc. C\u2019est possible gr\u00e2ce \u00e0 des mod\u00e8les et sch\u00e9mas de co-investissement.<\/p>\n\n\n\n<p>L\u2019accent devra \u00eatre mis surtout sur les produits p\u00e9rissables tels que la pomme de terre, l\u2019oignon, la mangue, la tomate, la banane et les produits \u00e0 haute valeur ajout\u00e9e en g\u00e9n\u00e9ral etc. Les initiatives priv\u00e9es pour le d\u00e9veloppement de la transformation et l\u2019acquisition d\u2019infrastructures de stockage et de conditionnement doivent aussi \u00eatre encourag\u00e9es pour le d\u00e9veloppement des chaines de valeurs agricoles et agroalimentaires. Enfin, les coop\u00e9ratives productives solidaires qui seront cr\u00e9\u00e9s seront tr\u00e8s utiles pour faciliter la mise en place de syst\u00e8me de march\u00e9 \u00e0 travers des sch\u00e9mas contractuels afin de faciliter l\u2019\u00e9coulement de la production agricole et agroalimentaire.Au total, ces fortes propositions relatives \u00e0 la promotion de la transformation et la conservation des produits agricoles ont pour finalit\u00e9 la cr\u00e9ation de valeur ajout\u00e9e au niveau rural, seule voie pour enrichir et am\u00e9liorer le niveau de vie du producteur agricole. Au demeurant, elles concourent \u00e0 l\u2019am\u00e9lioration de la qualit\u00e9 et la comp\u00e9titivit\u00e9 des produits agricoles et agroalimentaires et la cr\u00e9ation d\u2019emplois suppl\u00e9mentaires sp\u00e9cifiques au profit des jeunes et des femmes.<\/p>\n\n\n\n<p><strong>M. Djibril BA<\/strong><\/p>\n\n\n\n<p><strong>Ing\u00e9nieur Agronome<\/strong><\/p>\n\n\n\n<p><strong>Ing\u00e9nieur FinancierMBA en finance et management<\/strong><\/p>\n\n\n\n<p><strong>Doctorant en sciences \u00e9conomique et de gestion<\/strong><\/p>\n\n\n\n<p><strong>Pr\u00e9sident du Mouvement Progr\u00e8s, Alli\u00e9 de la Mouvance Pr\u00e9sidentielle<\/strong><\/p>\n\n\n\n<p><\/p>\n","protected":false},"excerpt":{"rendered":"<p>Depuis les ind\u00e9pendances, les r\u00e9gimes se succ\u00e8dent et sont marqu\u00e9s par des \u00e9checs r\u00e9p\u00e9t\u00e9s en mati\u00e8re de politique agricole. Les<\/p>\n","protected":false},"author":1,"featured_media":53964,"comment_status":"open","ping_status":"open","sticky":false,"template":"","format":"standard","meta":{"footnotes":""},"categories":[3],"tags":[],"class_list":["post-53963","post","type-post","status-publish","format-standard","has-post-thumbnail","hentry","category-event-more-news"],"_links":{"self":[{"href":"https:\/\/dekkbi.com\/index.php?rest_route=\/wp\/v2\/posts\/53963","targetHints":{"allow":["GET"]}}],"collection":[{"href":"https:\/\/dekkbi.com\/index.php?rest_route=\/wp\/v2\/posts"}],"about":[{"href":"https:\/\/dekkbi.com\/index.php?rest_route=\/wp\/v2\/types\/post"}],"author":[{"embeddable":true,"href":"https:\/\/dekkbi.com\/index.php?rest_route=\/wp\/v2\/users\/1"}],"replies":[{"embeddable":true,"href":"https:\/\/dekkbi.com\/index.php?rest_route=%2Fwp%2Fv2%2Fcomments&post=53963"}],"version-history":[{"count":1,"href":"https:\/\/dekkbi.com\/index.php?rest_route=\/wp\/v2\/posts\/53963\/revisions"}],"predecessor-version":[{"id":53965,"href":"https:\/\/dekkbi.com\/index.php?rest_route=\/wp\/v2\/posts\/53963\/revisions\/53965"}],"wp:featuredmedia":[{"embeddable":true,"href":"https:\/\/dekkbi.com\/index.php?rest_route=\/wp\/v2\/media\/53964"}],"wp:attachment":[{"href":"https:\/\/dekkbi.com\/index.php?rest_route=%2Fwp%2Fv2%2Fmedia&parent=53963"}],"wp:term":[{"taxonomy":"category","embeddable":true,"href":"https:\/\/dekkbi.com\/index.php?rest_route=%2Fwp%2Fv2%2Fcategories&post=53963"},{"taxonomy":"post_tag","embeddable":true,"href":"https:\/\/dekkbi.com\/index.php?rest_route=%2Fwp%2Fv2%2Ftags&post=53963"}],"curies":[{"name":"wp","href":"https:\/\/api.w.org\/{rel}","templated":true}]}}