{"id":53960,"date":"2025-03-26T10:21:08","date_gmt":"2025-03-26T10:21:08","guid":{"rendered":"https:\/\/dekkbi.com\/?p=53960"},"modified":"2025-03-26T10:21:08","modified_gmt":"2025-03-26T10:21:08","slug":"construction-dun-centre-des-grands-brules-la-fondation-senelec-aux-cotes-de-principal","status":"publish","type":"post","link":"https:\/\/dekkbi.com\/?p=53960","title":{"rendered":"Construction d\u2019un Centre des grands br\u00fbl\u00e9s: La Fondation Senelec aux c\u00f4t\u00e9s de Principal"},"content":{"rendered":"\n<p><strong>Birame Soul\u00e8ye Diop, ministre de l\u2019Energie, du p\u00e9trole et des mines, fait montre d\u2019une \u00e9l\u00e9gance r\u00e9publicaine en reconnaissant le r\u00f4le jou\u00e9 par deux anciens directeurs g\u00e9n\u00e9raux de la Senelec sous l\u2019ancien r\u00e9gime, \u00e0 savoir Mouhamadou Makhtar Ciss\u00e9 et Pape Demba Bit\u00e8ye, pour valoir aujourd\u2019hui au S\u00e9n\u00e9gal de construire un Centre des grands br\u00fbl\u00e9s au sein de l\u2019h\u00f4pital Principal.&nbsp;<\/strong><strong>Par Amadou MBODJI \u2013<\/strong><\/p>\n\n\n\n<p>&nbsp;Lors de la pr\u00e9sentation, hier au Building administratif Mamadou Dia, du projet de construction du Centre des&nbsp; grands br\u00fbl\u00e9s au sein de l\u2019h\u00f4pital Principal,&nbsp;Birame Soul\u00e8ye Diop, ministre de l\u2019Energie, du p\u00e9trole et des mines, a fait sienne la r\u00e9alit\u00e9 qui veut que l\u2019Etat est une continuit\u00e9, en reconnaissant le r\u00f4le jou\u00e9 par deux directeurs g\u00e9n\u00e9raux de la Senelec. Il s\u2019agit de Mouha\u00admadou Makhtar Ciss\u00e9 et Pape Demba Bit\u00e8ye, qui ont dirig\u00e9 cette bo\u00eete sous l\u2019ancien r\u00e9gime. En citant ces deux Dg dans son discours, il a salu\u00e9 leur implication&nbsp; dans la mise en \u0153uvre de ce projet \u00e0 travers la Fondation Senelec.&nbsp;\u00abPermettez-moi de relever pour le saluer, l\u2019engagement sans faille de l\u2019h\u00f4pital Principal de Dakar, de la Fondation Senelec et des responsables qui ont permis la concr\u00e9tisation de ce projet. C\u2019est l\u2019occasion pour moi aussi de saluer la vision des Dg qui ont port\u00e9 ou soutenu le projet, je veux nommer Makhtar Ciss\u00e9 et M. Bit\u00e8ye, qui ont transmis le flambeau au Dg Toby Gaye, pr\u00e9sent ce jour avec nous. Nous devons l\u2019\u00e9tape qui nous r\u00e9unit aujourd\u2019hui \u00e0 leur abn\u00e9gation\u00bb, a d\u00e9clar\u00e9 Birame Soul\u00e8ye Diop.<\/p>\n\n\n\n<p><strong>Birame Soul\u00e8ye Diop salue la vision de Ciss\u00e9 et Bit\u00e8ye<\/strong><br>Le ministre a salu\u00e9 aussi les efforts faits par les agents des minist\u00e8res des Forces arm\u00e9es et de la Sant\u00e9 dans le cadre dudit projet qui, selon lui, \u00abt\u00e9moignent d\u2019une volont\u00e9 profonde de contribuer au bien-\u00eatre de nos populations et d\u2019am\u00e9liorer les conditions de soins dans notre pays\u00bb. Et de permettre aussi \u00e0 ceux qui sont victimes de br\u00fblures graves de ne plus \u00eatre oblig\u00e9s de faire recours \u00e0 une \u00e9vacuation sanitaire \u00e0 l\u2019\u00e9tranger avec un co\u00fbt financier exorbitant.<\/p>\n\n\n\n<p>\u00abLe nouveau Centre des grands br\u00fbl\u00e9s ne sera pas qu\u2019un simple b\u00e2timent. Il marquera un v\u00e9ritable tournant dans la prise en charge des victimes de br\u00fblures\u00bb, assure-t-il. Et de rappeler qu\u2019en 2020 et 2021, le Covid-19 a renseign\u00e9 sur les faiblesses du syst\u00e8me sanitaire. \u00abNous ne devons plus attendre d\u2019\u00eatre confront\u00e9s \u00e0 des difficult\u00e9s pour chercher \u00e0 trouver des solutions, parce que les solutions, c\u2019est maintenant qu\u2019il faut les trouver. Et ce centre-l\u00e0 ambitionne de sauver de nombreuses vies\u00bb, note le ministre de l\u2019Energie.<\/p>\n\n\n\n<p>Le Centre des grands br\u00fbl\u00e9s constitue une volont\u00e9 d\u2019anticiper sur les risques relatifs \u00e0 l\u2019exploitation du p\u00e9trole et du gaz.&nbsp;Son co\u00fbt global est de 15 milliards de francs Cfa, selon Bassirou Sylla,&nbsp;administrateur de la Fondation Senelec, qui a pr\u00e9sent\u00e9 le projet hier \u00e0 l\u2019autorit\u00e9. Pour d\u00e9marrer le chantier, une enveloppe de 7 milliards de francs est d\u00e9j\u00e0 disponible. Une lev\u00e9e de fonds est lanc\u00e9e depuis hier pour boucler le budget.<\/p>\n\n\n\n<p>D\u2019ailleurs, le ministre Birame Soul\u00e8ye Diop annonce qu\u2019il va s\u2019associer \u00e0 la Senelec pour amener les autres entreprises \u00e0 participer \u00e0 l\u2019effort de construction de ce Centre des grands br\u00fbl\u00e9s, avec un mur&nbsp;o\u00f9 seront inscrites les entreprises ayant contribu\u00e9 \u00e0 sa r\u00e9alisation.<br><strong>ambodji@lequotidien.sn<\/strong><\/p>\n","protected":false},"excerpt":{"rendered":"<p>Birame Soul\u00e8ye Diop, ministre de l\u2019Energie, du p\u00e9trole et des mines, fait montre d\u2019une \u00e9l\u00e9gance r\u00e9publicaine en reconnaissant le r\u00f4le<\/p>\n","protected":false},"author":1,"featured_media":53961,"comment_status":"open","ping_status":"open","sticky":false,"template":"","format":"standard","meta":{"footnotes":""},"categories":[3],"tags":[],"class_list":["post-53960","post","type-post","status-publish","format-standard","has-post-thumbnail","hentry","category-event-more-news"],"_links":{"self":[{"href":"https:\/\/dekkbi.com\/index.php?rest_route=\/wp\/v2\/posts\/53960","targetHints":{"allow":["GET"]}}],"collection":[{"href":"https:\/\/dekkbi.com\/index.php?rest_route=\/wp\/v2\/posts"}],"about":[{"href":"https:\/\/dekkbi.com\/index.php?rest_route=\/wp\/v2\/types\/post"}],"author":[{"embeddable":true,"href":"https:\/\/dekkbi.com\/index.php?rest_route=\/wp\/v2\/users\/1"}],"replies":[{"embeddable":true,"href":"https:\/\/dekkbi.com\/index.php?rest_route=%2Fwp%2Fv2%2Fcomments&post=53960"}],"version-history":[{"count":1,"href":"https:\/\/dekkbi.com\/index.php?rest_route=\/wp\/v2\/posts\/53960\/revisions"}],"predecessor-version":[{"id":53962,"href":"https:\/\/dekkbi.com\/index.php?rest_route=\/wp\/v2\/posts\/53960\/revisions\/53962"}],"wp:featuredmedia":[{"embeddable":true,"href":"https:\/\/dekkbi.com\/index.php?rest_route=\/wp\/v2\/media\/53961"}],"wp:attachment":[{"href":"https:\/\/dekkbi.com\/index.php?rest_route=%2Fwp%2Fv2%2Fmedia&parent=53960"}],"wp:term":[{"taxonomy":"category","embeddable":true,"href":"https:\/\/dekkbi.com\/index.php?rest_route=%2Fwp%2Fv2%2Fcategories&post=53960"},{"taxonomy":"post_tag","embeddable":true,"href":"https:\/\/dekkbi.com\/index.php?rest_route=%2Fwp%2Fv2%2Ftags&post=53960"}],"curies":[{"name":"wp","href":"https:\/\/api.w.org\/{rel}","templated":true}]}}