{"id":5395,"date":"2022-12-28T10:40:01","date_gmt":"2022-12-28T10:40:01","guid":{"rendered":"https:\/\/dekkbi.com\/?p=5395"},"modified":"2022-12-28T10:40:02","modified_gmt":"2022-12-28T10:40:02","slug":"fin-de-mandat-depuis-un-an-le-saes-demande-le-depart-du-recteur-de-luidt","status":"publish","type":"post","link":"https:\/\/dekkbi.com\/?p=5395","title":{"rendered":"Fin de mandat depuis un an : Le Saes demande le d\u00e9part du Recteur de l\u2019Uidt"},"content":{"rendered":"\n<p><strong>A la rentr\u00e9e, l\u2019universit\u00e9 Iba Der Thiam risque de conna\u00eetre une paralysie. Le Saes r\u00e9clame le d\u00e9part de la professeure Ramatoulaye Diagne du Rectorat, car \u00abson mandat\u00a0est arriv\u00e9 \u00e0 terme\u00bb depuis plus d\u2019un an.<\/strong><\/p>\n\n\n\n<p><strong>Par Cheikh CAMARA \u2013&nbsp;<\/strong>\u00abSi la poursuite des int\u00e9r\u00eats personnels de la Rectrice est privil\u00e9gi\u00e9e au d\u00e9triment de la bonne marche de l\u2019Universit\u00e9 Iba Der Thiam de Thi\u00e8s (Uidt) et du respect des textes r\u00e9glementaires, la Coordination Saes de Thi\u00e8s, fid\u00e8le \u00e0 ses principes, s\u2019y opposera en usant de tous les moyens n\u00e9cessaires et tiendra les autorit\u00e9s comp\u00e9tentes comme seuls responsables de tout ce qui en d\u00e9coulera.\u00bb L\u2019avertissement est de la Coordination du campus de Thi\u00e8s du Syndicat autonome de l\u2019enseignement sup\u00e9rieur (Saes), qui s\u2019offusque des \u00abd\u00e9rives et errements r\u00e9p\u00e9titifs de la Rectrice devenus insupportables et qui portent pr\u00e9judice \u00e0 l\u2019Uidt\u00bb, du \u00abnon-respect des textes avec des abus qui ont \u00e9t\u00e9 observ\u00e9s quant \u00e0 la gestion du personnel, mais aussi de la fin de son mandat\u00bb. En effet, rappellent le Secr\u00e9taire g\u00e9n\u00e9ral de la Coordination du Campus de Thi\u00e8s du Syndicat autonome de l\u2019enseignement sup\u00e9rieur (Saes), Mamadou Tandiang Diaw, et ses camarades, \u00abla Rectrice de l\u2019universit\u00e9 Iba Der Thiam de Thi\u00e8s, professeure Ramatoulaye Diagne Mbengue, a \u00e9t\u00e9 nomm\u00e9e depuis le 11 octobre 2017 et avait pris service le 1er d\u00e9cembre 2017 (d\u00e9cret 2017-1938)\u00bb. Aussi, ils soulignent que la loi 2015-26 du 28 d\u00e9cembre 2015, qui stipule en son article 16 que \u00able Recteur est nomm\u00e9 pour un mandat de quatre (4) ans, renouvelable une fois\u00bb, pr\u00e9cise \u00e9galement, en son article 21, que \u00abdans un d\u00e9lai de deux \u00e0 compter de l\u2019entr\u00e9e en vigueur de la loi, le Recteur est nomm\u00e9 par d\u00e9cret, mais apr\u00e8s une proc\u00e9dure d\u2019appel \u00e0 candidature dont les modalit\u00e9s sont fix\u00e9es par d\u00e9cret\u00bb. Ainsi, \u00e0 compter du 28 d\u00e9cembre 2017, aucun Recteur n\u2019aurait d\u00fb \u00eatre nomm\u00e9 sans une proc\u00e9dure d\u2019appel \u00e0 candidature. Malheureusement, d\u00e9crie la Coordination du campus de Thi\u00e8s, \u00able d\u00e9cret fixant les modalit\u00e9s de nomination des recteurs ne fut pris que le 24 juin 2021 (d\u00e9cret 2021-846)\u00bb. L\u2019article premier de ce d\u00e9cret dit&nbsp;: \u00abLorsque le mandat du Recteur arrive \u00e0 son terme ou lorsqu\u2019une vacance de poste se produit, le pr\u00e9sident de la R\u00e9publique proc\u00e8de, par d\u00e9cret, \u00e0 la nomination d\u2019un Recteur \u00e0 la suite d\u2019un appel \u00e0 candidature.\u00bb Dans son article 2, le m\u00eame d\u00e9cret dit que \u00ab90 jours avant la fin du mandat, ou au plus, 30 jours apr\u00e8s le terme, un comit\u00e9 de s\u00e9lection de candidature pour la nomination d\u2019un nouveau Recteur est mis en place\u00bb. Autrement dit, souligne la Coordination du campus de Thi\u00e8s, \u00abla Rectrice aurait d\u00fb, entre le 2 septembre 2021 et le 31 d\u00e9cembre 2021, saisir le Pca de l\u2019universit\u00e9 et le Mesri pour la mise en place d\u2019un comit\u00e9 de s\u00e9lection afin de nommer un Recteur \u00e0 l\u2019Universit\u00e9 Iba Der Thiam de Thi\u00e8s (Uidt) conform\u00e9ment aux textes qu\u2019elle s\u2019empresse de faire semblant de vouloir utiliser avec l\u2019\u00e9lection de vice-recteurs qui, de toute fa\u00e7on, seront chang\u00e9s lorsque le prochain Recteur sera nomm\u00e9\u00bb.<\/p>\n\n\n\n<p><strong>Exemple de l\u2019Ugb<\/strong><\/p>\n\n\n\n<p><br>Mamadou Tandiang Diaw et ses camarades disent avoir constat\u00e9, \u00abmalheureusement\u00bb, que \u00abla Rectrice n\u2019a pas pris conscience de la fin de son mandat et semble se projeter dans la mise en \u0153uvre de la nouvelle gouvernance des universit\u00e9s\u00bb. Pourtant, se rappellent-ils, \u00abelle n\u2019a pas attendu la fin du mandat des membres de nos anciens conseils (d\u2019administration et acad\u00e9mique) pour proc\u00e9der \u00e0 la mise en conformit\u00e9 de leur composition aux d\u00e9crets 2020-979 et 2021-1504 qui s\u2019imposaient \u00e0 nous tous\u00bb. Aussi de consid\u00e9rer\u00a0: \u00abPar parall\u00e9lisme des formes, elle aurait d\u00fb, en application des textes r\u00e9glementaires et l\u00e9gislatifs, informer qui de droit de la fin de son mandat et de l\u2019impossibilit\u00e9 de son renouvellement vu le changement de conditions de nomination, comme l\u2019a fait son coll\u00e8gue de l\u2019Ugb qui n\u2019a pas attendu l\u2019autorit\u00e9.\u00bb<br>La Coordination du campus de Thi\u00e8s dit avoir adress\u00e9 un courrier \u00e0 la professeure Ramatoulaye Diagne Mbengue, avec ampliation aux Mesri et Secr\u00e9taire g\u00e9n\u00e9ral du Saes, afin que ces derniers \u00abse saisissent de cette situation de l\u2019Uidt o\u00f9 un Recteur dont le mandat est arriv\u00e9 \u00e0 terme depuis plus d\u2019un an, cherche \u00e0 se maintenir \u00e0 son poste, au lieu de s\u2019inspirer de la jurisprudence du Recteur de l\u2019Ugb\u00bb. Elle trouve \u00abvraiment dommage\u00bb de constater que \u00abla Rectrice de l\u2019Uidt, qui a \u00e9t\u00e9 nomm\u00e9e avant celui de l\u2019Ugb, et qui aurait d\u00fb montrer la voie, s\u2019accroche d\u00e9sesp\u00e9r\u00e9ment \u00e0 un fauteuil au lieu de faire appliquer les textes\u00bb. Pour cette raison, le Syndicat autonome de l\u2019enseignement sup\u00e9rieur (Saes) exige \u00abl\u2019arr\u00eat de la proc\u00e9dure d\u2019\u00e9lection des vice-recteurs\u00bb, \u00abla saisine du Conseil d\u2019administration et du Conseil acad\u00e9mique afin que chacun d\u2019eux propose les deux professeurs titulaires qui composeront le comit\u00e9 de s\u00e9lection\u00bb et \u00abla transmission au Mesri, des noms des personnes choisies par les deux conseils pour la mise en place du comit\u00e9 de s\u00e9lection du nouveau Recteur\u00bb. Les syndicalistes esp\u00e8rent qu\u2019\u00abils comprendront que les textes l\u00e9gislatifs et r\u00e9glementaires sus-\u00e9voqu\u00e9s s\u2019imposent \u00e0 nous tous\u00bb, et que \u00able n\u00e9cessaire sera fait pour \u00e9viter \u00e0 notre ch\u00e8re Uidt vive une crise inutile\u00bb.<\/p>\n\n\n\n<p><br>Les syndicalistes de la communaut\u00e9 universitaire informent de \u00abl\u2019Assembl\u00e9e g\u00e9n\u00e9rale qui sera organis\u00e9e juste \u00e0 la reprise des cours pour \u00e9valuer et mettre en place un plan d\u2019actions pour la mise en conformit\u00e9 de tous nos organes de gouvernance\u00bb.<\/p>\n\n\n\n<p><br><strong>Correspondant<\/strong>  LEQUOTIDIEN<\/p>\n","protected":false},"excerpt":{"rendered":"<p>A la rentr\u00e9e, l\u2019universit\u00e9 Iba Der Thiam risque de conna\u00eetre une paralysie. Le Saes r\u00e9clame le d\u00e9part de la professeure<\/p>\n","protected":false},"author":1,"featured_media":5396,"comment_status":"open","ping_status":"open","sticky":false,"template":"","format":"standard","meta":{"footnotes":""},"categories":[21],"tags":[],"class_list":["post-5395","post","type-post","status-publish","format-standard","has-post-thumbnail","hentry","category-societe"],"_links":{"self":[{"href":"https:\/\/dekkbi.com\/index.php?rest_route=\/wp\/v2\/posts\/5395","targetHints":{"allow":["GET"]}}],"collection":[{"href":"https:\/\/dekkbi.com\/index.php?rest_route=\/wp\/v2\/posts"}],"about":[{"href":"https:\/\/dekkbi.com\/index.php?rest_route=\/wp\/v2\/types\/post"}],"author":[{"embeddable":true,"href":"https:\/\/dekkbi.com\/index.php?rest_route=\/wp\/v2\/users\/1"}],"replies":[{"embeddable":true,"href":"https:\/\/dekkbi.com\/index.php?rest_route=%2Fwp%2Fv2%2Fcomments&post=5395"}],"version-history":[{"count":1,"href":"https:\/\/dekkbi.com\/index.php?rest_route=\/wp\/v2\/posts\/5395\/revisions"}],"predecessor-version":[{"id":5397,"href":"https:\/\/dekkbi.com\/index.php?rest_route=\/wp\/v2\/posts\/5395\/revisions\/5397"}],"wp:featuredmedia":[{"embeddable":true,"href":"https:\/\/dekkbi.com\/index.php?rest_route=\/wp\/v2\/media\/5396"}],"wp:attachment":[{"href":"https:\/\/dekkbi.com\/index.php?rest_route=%2Fwp%2Fv2%2Fmedia&parent=5395"}],"wp:term":[{"taxonomy":"category","embeddable":true,"href":"https:\/\/dekkbi.com\/index.php?rest_route=%2Fwp%2Fv2%2Fcategories&post=5395"},{"taxonomy":"post_tag","embeddable":true,"href":"https:\/\/dekkbi.com\/index.php?rest_route=%2Fwp%2Fv2%2Ftags&post=5395"}],"curies":[{"name":"wp","href":"https:\/\/api.w.org\/{rel}","templated":true}]}}