{"id":53943,"date":"2025-03-26T10:01:15","date_gmt":"2025-03-26T10:01:15","guid":{"rendered":"https:\/\/dekkbi.com\/?p=53943"},"modified":"2025-03-26T10:15:17","modified_gmt":"2025-03-26T10:15:17","slug":"pca-soleil-mody-niang-jette-leponge-pour-raisons-de-sante","status":"publish","type":"post","link":"https:\/\/dekkbi.com\/?p=53943","title":{"rendered":"PCA Soleil: Mody Niang jette l\u2019\u00e9ponge pour raisons de sant\u00e9"},"content":{"rendered":"\n<p><a href=\"https:\/\/lesoleil.sn\/wp-content\/uploads\/2025\/03\/PCA-Soleil-min.jpg\"><\/a>Mody Niang n\u2019est plus le pr\u00e9sident du conseil d\u2019administration (PCA) du quotidien national. Nomm\u00e9 en ao\u00fbt 2024 par le pr\u00e9sident Bassirou Diomaye Faye, il a pris la d\u00e9cision de d\u00e9missionner, invoquant des raisons de sant\u00e9, comme le rapporte le journal Le T\u00e9moin.<\/p>\n\n\n\n<p>Dans une d\u00e9claration relay\u00e9e par la presse, il explique que son \u00e9tat de sant\u00e9 ne lui permet plus d\u2019assurer pleinement ses fonctions. \u00ab J\u2019ai pris service le 6 septembre et, apr\u00e8s quelque temps, j\u2019ai constat\u00e9 que, pour des raisons essentiellement de sant\u00e9, je ne serais pas en mesure de remplir cette mission avec l\u2019efficacit\u00e9 attendue par le pr\u00e9sident de la R\u00e9publique, le Premier ministre et le Directeur g\u00e9n\u00e9ral du quotidien national \u00bb, a-t-il d\u00e9clar\u00e9.<\/p>\n\n\n\n<p>Souhaitant dissiper toute interpr\u00e9tation erron\u00e9e, Mody Niang a tenu \u00e0 pr\u00e9ciser que sa d\u00e9cision \u00e9tait purement li\u00e9e \u00e0 sa condition physique et non \u00e0 des divergences politiques. \u00ab Je pr\u00e9cise ici, \u00e0 l\u2019intention de tous mes compatriotes, que ma d\u00e9mission n\u2019a rien \u00e0 voir, vraiment rien \u00e0 voir, avec mon engagement \u00e0 accompagner Ousmane Sonko et Pastef \u00bb, a-t-il insist\u00e9.<\/p>\n\n\n\n<p>Ainsi, bien qu\u2019il quitte son poste au sein du quotidien national, Mody Niang r\u00e9affirme son soutien au projet politique du parti au pouvoir.<\/p>\n\n\n\n<p><strong>C.G. DIOP<\/strong><\/p>\n\n\n\n<p>LESOLEIL<\/p>\n","protected":false},"excerpt":{"rendered":"<p>Mody Niang n\u2019est plus le pr\u00e9sident du conseil d\u2019administration (PCA) du quotidien national. Nomm\u00e9 en ao\u00fbt 2024 par le pr\u00e9sident<\/p>\n","protected":false},"author":1,"featured_media":53944,"comment_status":"open","ping_status":"open","sticky":false,"template":"","format":"standard","meta":{"footnotes":""},"categories":[26],"tags":[],"class_list":["post-53943","post","type-post","status-publish","format-standard","has-post-thumbnail","hentry","category-fait-divers"],"_links":{"self":[{"href":"https:\/\/dekkbi.com\/index.php?rest_route=\/wp\/v2\/posts\/53943","targetHints":{"allow":["GET"]}}],"collection":[{"href":"https:\/\/dekkbi.com\/index.php?rest_route=\/wp\/v2\/posts"}],"about":[{"href":"https:\/\/dekkbi.com\/index.php?rest_route=\/wp\/v2\/types\/post"}],"author":[{"embeddable":true,"href":"https:\/\/dekkbi.com\/index.php?rest_route=\/wp\/v2\/users\/1"}],"replies":[{"embeddable":true,"href":"https:\/\/dekkbi.com\/index.php?rest_route=%2Fwp%2Fv2%2Fcomments&post=53943"}],"version-history":[{"count":1,"href":"https:\/\/dekkbi.com\/index.php?rest_route=\/wp\/v2\/posts\/53943\/revisions"}],"predecessor-version":[{"id":53945,"href":"https:\/\/dekkbi.com\/index.php?rest_route=\/wp\/v2\/posts\/53943\/revisions\/53945"}],"wp:featuredmedia":[{"embeddable":true,"href":"https:\/\/dekkbi.com\/index.php?rest_route=\/wp\/v2\/media\/53944"}],"wp:attachment":[{"href":"https:\/\/dekkbi.com\/index.php?rest_route=%2Fwp%2Fv2%2Fmedia&parent=53943"}],"wp:term":[{"taxonomy":"category","embeddable":true,"href":"https:\/\/dekkbi.com\/index.php?rest_route=%2Fwp%2Fv2%2Fcategories&post=53943"},{"taxonomy":"post_tag","embeddable":true,"href":"https:\/\/dekkbi.com\/index.php?rest_route=%2Fwp%2Fv2%2Ftags&post=53943"}],"curies":[{"name":"wp","href":"https:\/\/api.w.org\/{rel}","templated":true}]}}