{"id":53940,"date":"2025-03-26T09:54:58","date_gmt":"2025-03-26T09:54:58","guid":{"rendered":"https:\/\/dekkbi.com\/?p=53940"},"modified":"2025-03-26T09:54:59","modified_gmt":"2025-03-26T09:54:59","slug":"senum-sa-et-sonatel-un-partenariat-strategique-pour-un-senegal-numerique-et-connecte","status":"publish","type":"post","link":"https:\/\/dekkbi.com\/?p=53940","title":{"rendered":"SENUM SA ET SONATEL : UN PARTENARIAT STRAT\u00c9GIQUE POUR UN S\u00c9N\u00c9GAL NUM\u00c9RIQUE ET CONNECT\u00c9"},"content":{"rendered":"\n<p>SENUM SA et SONATEL unissent leurs forces pour acc\u00e9l\u00e9rer la transformation num\u00e9rique du S\u00e9n\u00e9gal \u00e0 travers la signature d\u2019un partenariat strat\u00e9gique. L\u2019accord, sign\u00e9 par les directeurs g\u00e9n\u00e9raux des deux entit\u00e9s, M. Isidore Diouf et M. S\u00e9kou Dram\u00e9, marque une avanc\u00e9e majeure dans la mise en \u0153uvre du&nbsp;<strong>New Deal Technologique<\/strong>, la strat\u00e9gie nationale lanc\u00e9e par le pr\u00e9sident de la R\u00e9publique,&nbsp;<strong>Bassirou Diomaye Diakhar Faye<\/strong>.<\/p>\n\n\n\n<p>Ce partenariat s\u2019inscrit dans l\u2019<strong>Agenda S\u00e9n\u00e9gal 2050<\/strong>, qui vise \u00e0 moderniser l\u2019administration et \u00e0 favoriser une \u00e9conomie num\u00e9rique performante. Il repose sur plusieurs axes strat\u00e9giques, notamment la&nbsp;<strong>mutualisation des r\u00e9seaux et infrastructures<\/strong>&nbsp;pour optimiser les ressources et garantir une meilleure connectivit\u00e9 sur l\u2019ensemble du territoire. Une&nbsp;<strong>interconnexion des c\u00e2bles sous-marins<\/strong>&nbsp;de SENUM SA et SONATEL est \u00e9galement pr\u00e9vue afin de renforcer la r\u00e9silience des infrastructures num\u00e9riques. Dans la m\u00eame dynamique, les deux partenaires s\u2019engagent \u00e0&nbsp;<strong>r\u00e9activer le point d\u2019\u00e9change internet SENIX<\/strong>, un \u00e9l\u00e9ment cl\u00e9 pour am\u00e9liorer la gestion des flux de donn\u00e9es et garantir une meilleure souverainet\u00e9 num\u00e9rique. L\u2019<strong>h\u00e9bergement des donn\u00e9es des entreprises s\u00e9n\u00e9galaises<\/strong>&nbsp;devient un enjeu majeur de cette collaboration, avec une volont\u00e9 affirm\u00e9e de d\u00e9velopper des solutions s\u00e9curis\u00e9es et adapt\u00e9es aux besoins des acteurs \u00e9conomiques locaux.<\/p>\n\n\n\n<p>L\u2019accord pr\u00e9voit aussi une&nbsp;<strong>interconnexion des p\u00f4les S\u00e9n\u00e9gal Services et Orange Digital Service<\/strong>, cr\u00e9ant ainsi une synergie entre les plateformes publiques et priv\u00e9es pour renforcer l\u2019accessibilit\u00e9 aux services num\u00e9riques. L\u2019objectif est \u00e9galement de&nbsp;<strong>renforcer l\u2019employabilit\u00e9 des jeunes et la comp\u00e9titivit\u00e9 des startups<\/strong>&nbsp;\u00e0 travers des initiatives port\u00e9es par&nbsp;<strong>ODC S\u00e9n\u00e9gal, Digitalab et S\u00e9n\u00e9gal Service<\/strong>. Sur le plan environnemental, SENUM SA et SONATEL mettent en place un programme de&nbsp;<strong>recyclage et de gestion des d\u00e9chets \u00e9lectroniques<\/strong>, afin de promouvoir une \u00e9conomie circulaire et de pr\u00e9server l\u2019environnement. Un syst\u00e8me d\u2019<strong>e-certificats<\/strong>&nbsp;viendra appuyer cette d\u00e9marche en garantissant la tra\u00e7abilit\u00e9 et la conformit\u00e9 des actions entreprises. Enfin, une attention particuli\u00e8re est port\u00e9e \u00e0 la&nbsp;<strong>couverture des zones blanches<\/strong>, notamment en milieu rural, pour garantir un acc\u00e8s \u00e9quitable \u00e0 Internet sur l\u2019ensemble du territoire.<\/p>\n\n\n\n<p>Selon&nbsp;<strong>Isidore Diouf, Directeur g\u00e9n\u00e9ral de SENUM SA<\/strong>, cette convention refl\u00e8te la volont\u00e9 des deux entit\u00e9s d\u2019accompagner l\u2019administration et la population vers une&nbsp;<strong>transformation digitale efficace et des \u00e9conomies budg\u00e9taires durables<\/strong>. De son c\u00f4t\u00e9,&nbsp;<strong>S\u00e9kou Dram\u00e9, Directeur g\u00e9n\u00e9ral de SONATEL<\/strong>, a r\u00e9affirm\u00e9 l\u2019engagement de SONATEL \u00e0 jouer un r\u00f4le cl\u00e9 dans la modernisation num\u00e9rique du S\u00e9n\u00e9gal, en mettant \u00e0 disposition son expertise et ses infrastructures pour garantir un service de qualit\u00e9 aux citoyens et aux entreprises.<\/p>\n\n\n\n<p>Ce partenariat marque ainsi une&nbsp;<strong>\u00e9tape d\u00e9cisive vers la consolidation du S\u00e9n\u00e9gal comme hub technologique r\u00e9gional<\/strong>, en garantissant des infrastructures modernes, une inclusion num\u00e9rique renforc\u00e9e et une gestion responsable des ressources num\u00e9riques et environnementales.<\/p>\n\n\n\n<p>SOURCE RTS.SN<\/p>\n","protected":false},"excerpt":{"rendered":"<p>SENUM SA et SONATEL unissent leurs forces pour acc\u00e9l\u00e9rer la transformation num\u00e9rique du S\u00e9n\u00e9gal \u00e0 travers la signature d\u2019un partenariat<\/p>\n","protected":false},"author":1,"featured_media":53941,"comment_status":"open","ping_status":"open","sticky":false,"template":"","format":"standard","meta":{"footnotes":""},"categories":[3],"tags":[],"class_list":["post-53940","post","type-post","status-publish","format-standard","has-post-thumbnail","hentry","category-event-more-news"],"_links":{"self":[{"href":"https:\/\/dekkbi.com\/index.php?rest_route=\/wp\/v2\/posts\/53940","targetHints":{"allow":["GET"]}}],"collection":[{"href":"https:\/\/dekkbi.com\/index.php?rest_route=\/wp\/v2\/posts"}],"about":[{"href":"https:\/\/dekkbi.com\/index.php?rest_route=\/wp\/v2\/types\/post"}],"author":[{"embeddable":true,"href":"https:\/\/dekkbi.com\/index.php?rest_route=\/wp\/v2\/users\/1"}],"replies":[{"embeddable":true,"href":"https:\/\/dekkbi.com\/index.php?rest_route=%2Fwp%2Fv2%2Fcomments&post=53940"}],"version-history":[{"count":1,"href":"https:\/\/dekkbi.com\/index.php?rest_route=\/wp\/v2\/posts\/53940\/revisions"}],"predecessor-version":[{"id":53942,"href":"https:\/\/dekkbi.com\/index.php?rest_route=\/wp\/v2\/posts\/53940\/revisions\/53942"}],"wp:featuredmedia":[{"embeddable":true,"href":"https:\/\/dekkbi.com\/index.php?rest_route=\/wp\/v2\/media\/53941"}],"wp:attachment":[{"href":"https:\/\/dekkbi.com\/index.php?rest_route=%2Fwp%2Fv2%2Fmedia&parent=53940"}],"wp:term":[{"taxonomy":"category","embeddable":true,"href":"https:\/\/dekkbi.com\/index.php?rest_route=%2Fwp%2Fv2%2Fcategories&post=53940"},{"taxonomy":"post_tag","embeddable":true,"href":"https:\/\/dekkbi.com\/index.php?rest_route=%2Fwp%2Fv2%2Ftags&post=53940"}],"curies":[{"name":"wp","href":"https:\/\/api.w.org\/{rel}","templated":true}]}}