{"id":53937,"date":"2025-03-26T09:52:51","date_gmt":"2025-03-26T09:52:51","guid":{"rendered":"https:\/\/dekkbi.com\/?p=53937"},"modified":"2025-03-26T10:14:48","modified_gmt":"2025-03-26T10:14:48","slug":"activites-commemoratives-2025-en-souvenir-des-victimes-de-lesclavage-et-de-la-traite-transatlantique-combattre-les-inegalites-heritees-de-cette-tragedie","status":"publish","type":"post","link":"https:\/\/dekkbi.com\/?p=53937","title":{"rendered":"Activit\u00e9s comm\u00e9moratives 2025 en souvenir des victimes de l\u2019esclavage et de la traite transatlantique : combattre les in\u00e9galit\u00e9s h\u00e9rit\u00e9es de cette trag\u00e9die"},"content":{"rendered":"\n<p><strong>Le M\u00e9morial de Gor\u00e9e et le Mus\u00e9e des Civilisations Noires (MCN) ont conjointement organis\u00e9 une journ\u00e9e de comm\u00e9moration en hommage aux victimes de l\u2019esclavage et de la traite transatlantique. Plac\u00e9e sous le th\u00e8me&nbsp;<em>\u201cReconna\u00eetre le pass\u00e9, r\u00e9parer le pr\u00e9sent, construire l\u2019avenir avec dignit\u00e9 et justice\u201d<\/em>, cette c\u00e9r\u00e9monie a rassembl\u00e9 des personnalit\u00e9s politiques, diplomatiques, des chercheurs et des \u00e9tudiants, unis dans un devoir de m\u00e9moire et un engagement panafricain. En plus, le secr\u00e9taire g\u00e9n\u00e9ral des Nations Unies, Antonio Guterres, soutient \u00ab&nbsp;la traite transatlantique fut un crime contre l\u2019humanit\u00e9 dont les r\u00e9percussions persistent aujourd\u2019hui&nbsp;\u00bb.<\/strong><\/p>\n\n\n\n<p>Mod\u00e9r\u00e9 par&nbsp;Amadou Lamine Sall, Secr\u00e9taire g\u00e9n\u00e9ral de la Fondation mondiale pour le M\u00e9morial et la pr\u00e9servation de Gor\u00e9e, le panel a r\u00e9uni des intervenants parmi lesquels,&nbsp;M. Iro, directeur du Centre d\u2019Information des Nations Unies (CINU) \u00e0 Dakar. Il a rappel\u00e9 l\u2019importance de la m\u00e9moire collective et la n\u00e9cessit\u00e9 de combattre les in\u00e9galit\u00e9s syst\u00e9miques h\u00e9rit\u00e9es de cette trag\u00e9die. Il a \u00e9galement transmis un message poignant du Secr\u00e9taire g\u00e9n\u00e9ral des Nations Unies,&nbsp;Antonio Guterres, soulignant que&nbsp;<em>\u201cla traite transatlantique fut un crime contre l\u2019humanit\u00e9 dont les r\u00e9percussions persistent aujourd\u2019hui\u201d<\/em>.<\/p>\n\n\n\n<p>Pour sa part, le&nbsp;ministre secr\u00e9taire d\u2019\u00c9tat \u00e0 la Culture, Bacary Sarr, a insist\u00e9 sur l\u2019engagement du S\u00e9n\u00e9gal \u00e0 promouvoir une politique m\u00e9morielle forte, notamment \u00e0 travers le projet du M\u00e9morial de Gor\u00e9e.&nbsp;<em>\u201cNous devons agir pour que cette m\u00e9moire occupe la place qu\u2019elle m\u00e9rite, comme le souhaite la communaut\u00e9 internationale et les diasporas africaines\u201d<\/em>, a-t-il d\u00e9clar\u00e9. Il a \u00e9galement mis en avant l\u2019axe 4 du r\u00e9f\u00e9rentiel 2050 du S\u00e9n\u00e9gal, qui place l\u2019engagement panafricain au c\u0153ur des priorit\u00e9s nationales.<\/p>\n\n\n\n<p>L\u2019ambassadrice de Colombie, repr\u00e9sentante d\u2019un pays marqu\u00e9 lui aussi par l\u2019h\u00e9ritage de l\u2019esclavage, a partag\u00e9 les initiatives de son pays pour honorer la m\u00e9moire des victimes et promouvoir la r\u00e9conciliation. Elle a salu\u00e9 la collaboration entre la Colombie et le S\u00e9n\u00e9gal dans ce domaine, soulignant l\u2019importance d\u2019une approche globale pour affronter les s\u00e9quelles de l\u2019esclavage.<\/p>\n\n\n\n<p>Le d\u00e9put\u00e9 Guy Maris Sagna, figure militante, a quant \u00e0 lui abord\u00e9 la dimension \u00e9conomique de l\u2019esclavage, d\u00e9non\u00e7ant une&nbsp;<em>\u201centreprise financi\u00e8re bas\u00e9e sur le travail gratuit\u201d<\/em>. Il a appel\u00e9 \u00e0 une d\u00e9construction des discours de l\u00e9gitimation de l\u2019oppression et \u00e0 un renforcement de l\u2019Afrique pour garantir le respect de ses descendants.&nbsp;<em>\u201cQuand l\u2019Afrique sera forte, ses enfants seront respect\u00e9s\u201d<\/em>, a-t-il affirm\u00e9.<\/p>\n\n\n\n<p><strong>Le Mus\u00e9e des Civilisations Noires, un foyer du panafricanisme<\/strong><\/p>\n\n\n\n<p>Concernant les \u0153uvres de son institution, le&nbsp;directeur g\u00e9n\u00e9ral du MCN, Mouhamed Abdalah Ly a pr\u00e9sent\u00e9 les actions concr\u00e8tes du mus\u00e9e pour perp\u00e9tuer la m\u00e9moire de l\u2019esclavage et promouvoir le panafricanisme. Il a annonc\u00e9 une exposition majeure pr\u00e9vue pour 2027, en collaboration avec la Smithsonian Institution, qui explorera les dimensions locales et internationales de l\u2019esclavage.&nbsp;<em>\u201cNotre mus\u00e9e est un lieu de r\u00e9flexion et d\u2019action, port\u00e9 par l\u2019\u00e9lan panafricain qui a inspir\u00e9 sa cr\u00e9ation\u201d<\/em>, a-t-il expliqu\u00e9. Des projets comme le centenaire d\u2019Amilcar Cabral ou les d\u00e9bats avec le CODESRIA illustrent cet engagement.<\/p>\n\n\n\n<p>La pr\u00e9sence d\u2019\u00e9l\u00e8ves et d\u2019\u00e9tudiants a \u00e9t\u00e9 particuli\u00e8rement soulign\u00e9e, rappelant l\u2019importance de transmettre cette histoire aux g\u00e9n\u00e9rations futures. Des extraits de la d\u00e9claration du MCN ont \u00e9t\u00e9 lus, insistant sur la n\u00e9cessit\u00e9 d\u2019\u00e9duquer les jeunes pour qu\u2019ils s\u2019engagent contre toutes les formes modernes d\u2019esclavage.<\/p>\n\n\n\n<p><strong>Vers un avenir de dignit\u00e9 et de justice<\/strong><\/p>\n\n\n\n<p>Cette comm\u00e9moration a \u00e9t\u00e9 l\u2019occasion de r\u00e9affirmer l\u2019importance du travail de m\u00e9moire, mais aussi de passer \u00e0 l\u2019action pour r\u00e9parer les injustices et construire un avenir fond\u00e9 sur la dignit\u00e9. &nbsp;Amadou Lamine Sall l\u2019a ainsi r\u00e9sum\u00e9&nbsp;:&nbsp;<em>\u201cReconna\u00eetre le pass\u00e9, c\u2019est aussi regarder dans le r\u00e9troviseur pour mieux avancer\u201d<\/em>.<\/p>\n\n\n\n<p>En partenariat avec des institutions internationales et locales, le M\u00e9morial de Gor\u00e9e et le MCN continueront \u00e0 \u0153uvrer pour que cette histoire ne soit jamais oubli\u00e9e, tout en tra\u00e7ant la voie vers un monde plus juste et fraternel.<\/p>\n\n\n\n<p><strong>\u00a0\u00a0 Lamine Di\u00e9dhiou<\/strong> &#8211; SUDQUOTIDIEN<\/p>\n","protected":false},"excerpt":{"rendered":"<p>Le M\u00e9morial de Gor\u00e9e et le Mus\u00e9e des Civilisations Noires (MCN) ont conjointement organis\u00e9 une journ\u00e9e de comm\u00e9moration en hommage<\/p>\n","protected":false},"author":1,"featured_media":53938,"comment_status":"open","ping_status":"open","sticky":false,"template":"","format":"standard","meta":{"footnotes":""},"categories":[26],"tags":[],"class_list":["post-53937","post","type-post","status-publish","format-standard","has-post-thumbnail","hentry","category-fait-divers"],"_links":{"self":[{"href":"https:\/\/dekkbi.com\/index.php?rest_route=\/wp\/v2\/posts\/53937","targetHints":{"allow":["GET"]}}],"collection":[{"href":"https:\/\/dekkbi.com\/index.php?rest_route=\/wp\/v2\/posts"}],"about":[{"href":"https:\/\/dekkbi.com\/index.php?rest_route=\/wp\/v2\/types\/post"}],"author":[{"embeddable":true,"href":"https:\/\/dekkbi.com\/index.php?rest_route=\/wp\/v2\/users\/1"}],"replies":[{"embeddable":true,"href":"https:\/\/dekkbi.com\/index.php?rest_route=%2Fwp%2Fv2%2Fcomments&post=53937"}],"version-history":[{"count":1,"href":"https:\/\/dekkbi.com\/index.php?rest_route=\/wp\/v2\/posts\/53937\/revisions"}],"predecessor-version":[{"id":53939,"href":"https:\/\/dekkbi.com\/index.php?rest_route=\/wp\/v2\/posts\/53937\/revisions\/53939"}],"wp:featuredmedia":[{"embeddable":true,"href":"https:\/\/dekkbi.com\/index.php?rest_route=\/wp\/v2\/media\/53938"}],"wp:attachment":[{"href":"https:\/\/dekkbi.com\/index.php?rest_route=%2Fwp%2Fv2%2Fmedia&parent=53937"}],"wp:term":[{"taxonomy":"category","embeddable":true,"href":"https:\/\/dekkbi.com\/index.php?rest_route=%2Fwp%2Fv2%2Fcategories&post=53937"},{"taxonomy":"post_tag","embeddable":true,"href":"https:\/\/dekkbi.com\/index.php?rest_route=%2Fwp%2Fv2%2Ftags&post=53937"}],"curies":[{"name":"wp","href":"https:\/\/api.w.org\/{rel}","templated":true}]}}