{"id":53927,"date":"2025-03-26T09:26:49","date_gmt":"2025-03-26T09:26:49","guid":{"rendered":"https:\/\/dekkbi.com\/?p=53927"},"modified":"2025-03-26T09:33:23","modified_gmt":"2025-03-26T09:33:23","slug":"loi-interpretative-de-la-loi-damnistie-la-nouvelle-mouture-de-amadou-ba","status":"publish","type":"post","link":"https:\/\/dekkbi.com\/?p=53927","title":{"rendered":"Loi interpr\u00e9tative de la loi d\u2019amnistie: LA NOUVELLE MOUTURE DE AMADOU B\u00c2"},"content":{"rendered":"\n<p><strong>Amadou B\u00e2, qui a fait des amendements, tente de clarifier sa pens\u00e9e et le champ d\u2019application de sa proposition de loi interpr\u00e9tative pour essayer de calmer les contestations. Si l\u2019esprit n\u2019a pas totalement chang\u00e9, trois articles de la pr\u00e9c\u00e9dente proposition (2, 5 et 6) ont \u00e9t\u00e9 biff\u00e9s dans le nouveau document qui devrait \u00eatre soumis au vote le 2 avril.<\/strong><\/p>\n\n\n\n<p>Face \u00e0 la pol\u00e9mique, le d\u00e9put\u00e9 de Pastef\/Les patriotes, Amadou B\u00e2, a apport\u00e9 des amendements sur la proposition de loi interpr\u00e9tative de la loi d\u2019amnistie. Selon le nouveau document, \u00abau sens de l\u2019article 1er de la loi n\u00b02024-09 du 13 mars 2024 portant amnistie, sont exclus du champ de l\u2019amnistie les faits survenus entre le 1er f\u00e9vrier 2021 et le 25 f\u00e9vrier 2024, tant au S\u00e9n\u00e9gal qu\u2019\u00e0 l\u2019\u00e9tranger, sans lien avec l\u2019exercice d\u2019une libert\u00e9 publique ou d\u2019un droit d\u00e9mocratique, et qualifi\u00e9s notamment d\u2019assassinats, de meurtres, de crimes de torture, d\u2019actes de barbarie, de traitements inhumains, cruels ou d\u00e9gradants, m\u00eame si ces faits se rapportent \u00e0 des manifestations, quelle qu\u2019en soit la motivation, et indiff\u00e9remment de leurs auteurs\u00bb. Si \u00abla pr\u00e9sente proposition de loi ne comporte plus que les dispositions \u00e0 interpr\u00e9ter, \u00e0 savoir l\u2019article premier et l\u2019article 3\u00bb, dans le nouveau document pr\u00e9sent\u00e9 \u00e0 la Commission des lois le 21 mars, l\u2019article 1er de la loi n\u00b02024-09 du 13 mars 2024 portant amnistie, il faut comprendre les \u00abfaits susceptibles de qualification criminelle ou correctionnelle ayant une motivation politique ou se rapportant \u00e0 des manifestations s\u2019entendent comme des faits li\u00e9s \u00e0 l\u2019exercice d\u2019une libert\u00e9 publique ou d\u2019un droit d\u00e9mocratique, que leurs auteurs aient \u00e9t\u00e9 jug\u00e9s ou non\u00bb.<\/p>\n\n\n\n<p>Par ailleurs, le parrain de cette proposition ajoute dans son amendement qu\u2019au sens de l\u2019article 3 de la loi n\u00b02024-09 du 13 mars 2024, \u00abl\u2019amnistie ne pr\u00e9judicie ni aux droits des tiers ni aux droits des victimes \u00e0 une r\u00e9paration int\u00e9grale\u00bb. Alors que le troisi\u00e8me article stipule que \u00ables articles 2, 5 et 6 sont supprim\u00e9s du texte de la proposition de loi portant interpr\u00e9tation\u00bb.<\/p>\n\n\n\n<p><strong>Les articles 2, 5 et 6 sont supprim\u00e9s du texte de la proposition de loi portant interpr\u00e9tation<\/strong><\/p>\n\n\n\n<p>Qu\u2019est-ce qui a chang\u00e9\u00a0? Il faut savoir que l\u2019article premier du document initial, qui a soulev\u00e9 des controverses et des pol\u00e9miques, \u00e9tait ainsi intitul\u00e9 : \u00abSont amnisti\u00e9s, de plein droit, tous les faits susceptibles de qualification criminelle ou correctionnelle ayant exclusivement une motivation politique, y compris ceux commis par tous supports de communication, entre le 1er f\u00e9vrier 2021 et le 25 f\u00e9vrier 2024, tant au S\u00e9n\u00e9gal qu\u2019\u00e0 l\u2019\u00e9tranger. Mais les faits se rapportant \u00e0 des manifestations ne sont compris dans le champ de la loi que s\u2019ils ont une motivation exclusivement politique.\u00bb<\/p>\n\n\n\n<p>Que disaient les articles 2, 5 et 6 initialement \u00e9voqu\u00e9s dans le premier document&nbsp;? Respectivement&nbsp;: \u00abL\u2019amnistie entra\u00eene, sans qu\u2019elle ne puisse jamais donner lieu \u00e0 restitution, la remise totale de toutes les peines principales, accessoires et compl\u00e9mentaires, ainsi que la disparition de toutes les d\u00e9ch\u00e9ances, exclusions, incapacit\u00e9s et privations de droits attach\u00e9es \u00e0 la peine.\u00bb<\/p>\n\n\n\n<p>\u00abLes contestations relatives \u00e0 l\u2019application de la pr\u00e9sente loi d\u2019amnistie sont jug\u00e9es par la Chambre d\u2019accusation de la Cour d\u2019appel de Dakar, dans les conditions pr\u00e9vues par l\u2019article 735 du Code de proc\u00e9dure p\u00e9nale.\u00bb<\/p>\n\n\n\n<p>\u00abIl est interdit \u00e0 tout magistrat ou fonctionnaire de rappeler ou de laisser subsister sous quelque forme que ce soit dans un dossier judiciaire ou de police ou dans tout document officiel, les condamnations, d\u00e9ch\u00e9ances, exclusions, incapacit\u00e9s, et privations de droits attach\u00e9s \u00e0 la peine effac\u00e9e par l\u2019amnistie sauf dispositions pr\u00e9vues \u00e0 l\u2019article de la pr\u00e9sente loi. (\u2026)\u00bb Au sens de l\u2019article 3 de la loi n\u00b02024-09 du 13 mars 2024, \u00abl\u2019amnistie ne pr\u00e9judicie ni aux droits des tiers ni aux droits des victimes \u00e0 une r\u00e9paration. Egalement, la contrainte par corps ne peut \u00eatre exerc\u00e9e contre les condamn\u00e9s ayant b\u00e9n\u00e9fici\u00e9 de l\u2019amnistie, si ce n\u2019est \u00e0 la requ\u00eate des victimes de l\u2019infraction ou de leurs ayants droit\u00bb.<\/p>\n\n\n\n<p>Pr\u00e9vu le 2 avril, le vote de la loi interpr\u00e9tative de la loi d\u2019amnistie continue \u00e0 charrier des protestations avec l\u2019encha\u00eenement des appels \u00e0 manifester le jour-j pour faire retirer cette proposition de loi interpr\u00e9tative.<\/p>\n\n\n\n<p><strong>bsakho@lequotidien.sn<\/strong><\/p>\n\n\n\n<p><\/p>\n","protected":false},"excerpt":{"rendered":"<p>Amadou B\u00e2, qui a fait des amendements, tente de clarifier sa pens\u00e9e et le champ d\u2019application de sa proposition de<\/p>\n","protected":false},"author":1,"featured_media":53915,"comment_status":"open","ping_status":"open","sticky":false,"template":"","format":"standard","meta":{"footnotes":""},"categories":[6],"tags":[],"class_list":["post-53927","post","type-post","status-publish","format-standard","has-post-thumbnail","hentry","category-politics"],"_links":{"self":[{"href":"https:\/\/dekkbi.com\/index.php?rest_route=\/wp\/v2\/posts\/53927","targetHints":{"allow":["GET"]}}],"collection":[{"href":"https:\/\/dekkbi.com\/index.php?rest_route=\/wp\/v2\/posts"}],"about":[{"href":"https:\/\/dekkbi.com\/index.php?rest_route=\/wp\/v2\/types\/post"}],"author":[{"embeddable":true,"href":"https:\/\/dekkbi.com\/index.php?rest_route=\/wp\/v2\/users\/1"}],"replies":[{"embeddable":true,"href":"https:\/\/dekkbi.com\/index.php?rest_route=%2Fwp%2Fv2%2Fcomments&post=53927"}],"version-history":[{"count":2,"href":"https:\/\/dekkbi.com\/index.php?rest_route=\/wp\/v2\/posts\/53927\/revisions"}],"predecessor-version":[{"id":53930,"href":"https:\/\/dekkbi.com\/index.php?rest_route=\/wp\/v2\/posts\/53927\/revisions\/53930"}],"wp:featuredmedia":[{"embeddable":true,"href":"https:\/\/dekkbi.com\/index.php?rest_route=\/wp\/v2\/media\/53915"}],"wp:attachment":[{"href":"https:\/\/dekkbi.com\/index.php?rest_route=%2Fwp%2Fv2%2Fmedia&parent=53927"}],"wp:term":[{"taxonomy":"category","embeddable":true,"href":"https:\/\/dekkbi.com\/index.php?rest_route=%2Fwp%2Fv2%2Fcategories&post=53927"},{"taxonomy":"post_tag","embeddable":true,"href":"https:\/\/dekkbi.com\/index.php?rest_route=%2Fwp%2Fv2%2Ftags&post=53927"}],"curies":[{"name":"wp","href":"https:\/\/api.w.org\/{rel}","templated":true}]}}