{"id":53869,"date":"2025-03-25T10:13:51","date_gmt":"2025-03-25T10:13:51","guid":{"rendered":"https:\/\/dekkbi.com\/?p=53869"},"modified":"2025-03-25T10:13:52","modified_gmt":"2025-03-25T10:13:52","slug":"un-an-de-presidence-de-bassirou-diomaye-faye-une-diplomatie-de-rupture-face-aux-enjeux-de-la-continuite-strategique","status":"publish","type":"post","link":"https:\/\/dekkbi.com\/?p=53869","title":{"rendered":"UN AN DE PRESIDENCE DE BASSIROU DIOMAYE FAYE \u00a0&#8211; Une diplomatie de \u00ab rupture \u00bb face aux enjeux de la continuit\u00e9 strat\u00e9gique \u00a0"},"content":{"rendered":"\n<p><em><strong>Il y a un an, le Pastef arrivait au pouvoir avec 54 % des voix, marquant la troisi\u00e8me alternance politique en moins d\u2019un quart de si\u00e8cle au S\u00e9n\u00e9gal. Port\u00e9 par une id\u00e9ologie panafricaniste et souverainiste, ce parti, souvent per\u00e7u comme hostile au n\u00e9ocolonialisme, a insuffl\u00e9 un vent de changement dans la politique \u00e9trang\u00e8re du pays. Dans un contexte o\u00f9 les populations africaines sont de plus en plus exigeantes face \u00e0 l\u2019influence occidentale, notamment fran\u00e7aise, la diplomatie s\u00e9n\u00e9galaise a connu une ann\u00e9e riche en contrastes. Entre ren\u00e9gociation de contrats, fermeture des bases militaires fran\u00e7aises, repositionnement r\u00e9gional et gestion des relations internationales, le bilan est contrast\u00e9. \u2018\u2019EnQu\u00eate\u2019\u2019 tente&nbsp; d&rsquo;analyser &nbsp;les r\u00e9alisations, les d\u00e9fis et les perspectives de la diplomatie s\u00e9n\u00e9galaise sous l\u2019\u00e8re de Bassirou Diomaye Faye.<\/strong><\/em><\/p>\n\n\n\n<p>D\u00e8s son arriv\u00e9e au pouvoir, le pr\u00e9sident Bassirou Diomaye Faye a affich\u00e9 sa volont\u00e9 de red\u00e9finir les relations du S\u00e9n\u00e9gal avec ses partenaires traditionnels, notamment la France. L\u2019un des actes les plus symboliques de cette nouvelle diplomatie a \u00e9t\u00e9 la fermeture des bases militaires fran\u00e7aises. Dans une d\u00e9claration \u00e0 l\u2019AFP, le 28 novembre, le pr\u00e9sident a justifi\u00e9 cette d\u00e9cision en affirmant que \u2018\u2019la souverainet\u00e9 ne s\u2019accommode pas de la pr\u00e9sence de bases militaires \u00e9trang\u00e8res dans un pays souverain\u2019\u2019. Cette position, bien qu\u2019audacieuse, s\u2019inscrit dans une logique de r\u00e9\u00e9quilibrage des relations avec la France, partenaire historique, mais souvent per\u00e7u comme dominant.<\/p>\n\n\n\n<p>Le pr\u00e9sident Faye a toutefois tenu \u00e0 pr\u00e9ciser que cette d\u00e9cision ne signifiait pas une rupture avec l\u2019Hexagone. \u2018\u2019Il s\u2019agit d\u2019un partenariat r\u00e9nov\u00e9\u2019\u2019, a-t-il d\u00e9clar\u00e9, soulignant que la France reste un partenaire important pour le S\u00e9n\u00e9gal, notamment en mati\u00e8re d\u2019investissements et de coop\u00e9ration \u00e9conomique. Pour illustrer son propos, il a cit\u00e9 les relations strat\u00e9giques que le S\u00e9n\u00e9gal entretient avec d\u2019autres pays comme la Chine, la Turquie, les \u00c9tats-Unis ou l\u2019Arabie saoudite, sans pr\u00e9sence militaire sur le territoire.<\/p>\n\n\n\n<p>La ren\u00e9gociation des contrats, notamment dans le secteur p\u00e9trolier, gazier et de l\u2019eau, a \u00e9galement \u00e9t\u00e9 un axe majeur de cette diplomatie souverainiste. Bien qu\u2019il soit encore difficile d\u2019\u00e9valuer les gains concrets de ces ren\u00e9gociations, elles ont \u00e9t\u00e9 per\u00e7ues favorablement par une population d\u00e9sireuse de voir son pays tirer pleinement profit de ses ressources naturelles.<\/p>\n\n\n\n<p><strong>Diplomatie de bon voisinage : une nouvelle approche<\/strong><\/p>\n\n\n\n<p>Le pr\u00e9sident Bassirou Diomaye Faye a effectu\u00e9 une vingtaine de voyages officiels, dont une majorit\u00e9 en Afrique. La diplomatie de bon voisinage a \u00e9t\u00e9 l\u2019un des points forts de cette premi\u00e8re ann\u00e9e. Contrairement \u00e0 ses pr\u00e9d\u00e9cesseurs, qui r\u00e9servaient traditionnellement leur premi\u00e8re visite officielle \u00e0 la France, le pr\u00e9sident Faye a choisi de se rendre en Mauritanie et en Gambie, deux pays voisins strat\u00e9giques. Cette d\u00e9cision a \u00e9t\u00e9 per\u00e7ue comme un signal fort d\u2019une diplomatie recentr\u00e9e sur les priorit\u00e9s r\u00e9gionales. Le Premier ministre et la ministre des Affaires \u00e9trang\u00e8res ont \u00e9galement effectu\u00e9 plusieurs visites dans ces pays, renfor\u00e7ant ainsi les liens de coop\u00e9ration.<\/p>\n\n\n\n<p>Cette approche a \u00e9t\u00e9 salu\u00e9e par de nombreux observateurs, qui y voient une rupture avec les pratiques pass\u00e9es. En privil\u00e9giant les relations avec ses pays voisins, le S\u00e9n\u00e9gal affirme sa volont\u00e9 de jouer un r\u00f4le de leader dans la sous-r\u00e9gion, tout en r\u00e9pondant aux attentes d\u2019une population de plus en plus critique vis-\u00e0-vis de l\u2019influence fran\u00e7aise.<\/p>\n\n\n\n<p>De ce fait, la nomination du professeur Abdoulaye Bathily comme envoy\u00e9 sp\u00e9cial pour les questions internationales vient renforcer le rayonnement diplomatique du S\u00e9n\u00e9gal. Universitaire de renom et figure politique respect\u00e9e, le Pr Bathily incarne l\u2019expertise et l\u2019exp\u00e9rience n\u00e9cessaires pour porter haut les couleurs du S\u00e9n\u00e9gal dans des dossiers complexes et strat\u00e9giques. Sa d\u00e9signation est le signe d&rsquo;une volont\u00e9 affirm\u00e9e du pr\u00e9sident Bassirou Diomaye Faye de s\u2019appuyer sur des personnalit\u00e9s comp\u00e9tentes pour d\u00e9fendre les int\u00e9r\u00eats du pays et contribuer \u00e0 la r\u00e9solution des crises internationales.<\/p>\n\n\n\n<p><strong>CEDEAO et AES : un \u00e9quilibre&nbsp;d\u00e9licat<\/strong><\/p>\n\n\n\n<p>Sur le plan r\u00e9gional, le S\u00e9n\u00e9gal a maintenu son ancrage au sein de la Communaut\u00e9 \u00e9conomique des \u00c9tats de l\u2019Afrique de l\u2019Ouest (CEDEAO), malgr\u00e9 les appels de certains sympathisants du r\u00e9gime \u00e0 une rupture avec cette organisation. Le pr\u00e9sident Faye et son \u00e9quipe ont au contraire r\u00e9affirm\u00e9 leur attachement \u00e0 la CEDEAO, tout en tendant la main aux pays de l\u2019Alliance des \u00c9tats du Sahel (AES), souvent critiqu\u00e9s pour leurs coups d\u2019\u00c9tat.<\/p>\n\n\n\n<p>Cette position \u00e9quilibr\u00e9e a permis au S\u00e9n\u00e9gal de jouer un r\u00f4le de m\u00e9diateur dans la r\u00e9gion, une tradition bien ancr\u00e9e dans la diplomatie s\u00e9n\u00e9galaise. Cependant, ce rapprochement avec l\u2019AES n\u2019a pas \u00e9t\u00e9 sans susciter des tensions avec certains pays de la CEDEAO, qui voient d\u2019un mauvais \u0153il les relations de Dakar avec des r\u00e9gimes putschistes. La gestion de ce dossier reste l\u2019un des d\u00e9fis majeurs pour la diplomatie s\u00e9n\u00e9galaise.<\/p>\n\n\n\n<p>Malgr\u00e9 tout, les efforts d\u00e9ploy\u00e9s par le S\u00e9n\u00e9gal en mati\u00e8re de dialogue et de paix dans les crises sous-r\u00e9gionales sont salu\u00e9s par de nombreux observateurs. Que ce soit dans la gestion des tensions au Sahel, dans les n\u00e9gociations entre la CEDEAO et l\u2019Alliance des \u00c9tats du Sahel (AES), ou encore dans le conflit entre la R\u00e9publique d\u00e9mocratique du Congo (RDC) et le Rwanda, Dakar a su jouer un r\u00f4le de m\u00e9diateur cr\u00e9dible et impartial. Ces initiatives s\u2019inscrivent dans la tradition diplomatique s\u00e9n\u00e9galaise, reconnue pour son engagement en faveur de la paix et de la stabilit\u00e9 en Afrique.<\/p>\n\n\n\n<p><strong>D\u00e9fis et controverses<\/strong><\/p>\n\n\n\n<p>Sa position sur le conflit isra\u00e9lo-palestinien est sans \u00e9quivoque : il plaide en faveur de la cr\u00e9ation de deux \u00c9tats et du respect des droits des Palestiniens. Un discours qu&rsquo;il a r\u00e9it\u00e9r\u00e9 \u00e0 plusieurs reprises, notamment \u00e0 la tribune des Nations Unies \u00e0 New York et lors du Sommet de l&rsquo;OCI \u00e0 Banjul.<\/p>\n\n\n\n<p>Concernant la guerre entre la Russie et l\u2019Ukraine, il s&rsquo;inscrit dans la continuit\u00e9 de son pr\u00e9d\u00e9cesseur, adoptant une posture prudente et \u00e9quilibr\u00e9e. En ao\u00fbt 2024, Dakar avait convoqu\u00e9 et rappel\u00e9 \u00e0 l\u2019ordre l\u2019ambassadeur d\u2019Ukraine, lui rappelant ses obligations de retenue et de non-ing\u00e9rence. Cette d\u00e9cision faisait suite \u00e0 un message publi\u00e9 par le diplomate sur Facebook, dans lequel il exprimait un soutien explicite et sans nuance \u00e0 l\u2019attaque qualifi\u00e9e de \u00ab\u00a0terroriste\u00a0\u00bb men\u00e9e entre les 25 et 27 juillet 2024 contre les forces arm\u00e9es maliennes (Fama) \u00e0 Tinzaouat\u00e8ne.<\/p>\n\n\n\n<p>Malgr\u00e9 ces avanc\u00e9es, la diplomatie s\u00e9n\u00e9galaise n\u2019a pas \u00e9t\u00e9 exempte de critiques. L\u2019arriv\u00e9e de Donald Trump au pouvoir aux \u00c9tats-Unis et le gel de l\u2019aide internationale am\u00e9ricaine ont plong\u00e9 de nombreux projets s\u00e9n\u00e9galais dans l\u2019incertitude. Cette d\u00e9cision unilat\u00e9rale a mis en lumi\u00e8re la vuln\u00e9rabilit\u00e9 du S\u00e9n\u00e9gal face aux al\u00e9as de la politique internationale.<br>La question migratoire a \u00e9galement \u00e9t\u00e9 un dossier \u00e9pineux. L\u2019envoi de milliers de jeunes S\u00e9n\u00e9galais en Espagne et au Qatar a divis\u00e9 l\u2019opinion publique, tandis que la r\u00e9gularisation des titres de s\u00e9jour et la r\u00e9ciprocit\u00e9 dans les accords migratoires peinent \u00e0 trouver des r\u00e9ponses exhaustives.<\/p>\n\n\n\n<p>Par ailleurs, la ministre des Affaires \u00e9trang\u00e8res, Yacine Fall, ancienne cadre des Nations Unies, applique la ligne diplomatique d\u00e9finie par le pr\u00e9sident de la R\u00e9publique. Cependant, elle fait l\u2019objet de nombreuses critiques, aussi bien de la part de professionnels du secteur que de diplomates et de citoyens s\u00e9n\u00e9galais. Beaucoup s\u2019interrogent sur sa capacit\u00e9 \u00e0 porter les ambitions d\u2019un pays dont la diplomatie a toujours \u00e9t\u00e9 reconnue sur la sc\u00e8ne internationale. Ses prises de parole publiques, parfois maladroites, ainsi que certaines approximations sur des dossiers sensibles alimentent les d\u00e9bats et suscitent de vives r\u00e9actions. Sur les r\u00e9seaux sociaux, son image est souvent moqu\u00e9e, refl\u00e9tant un malaise grandissant.<\/p>\n\n\n\n<p>Face \u00e0 cette situation, nombreux sont ceux qui estiment que le pr\u00e9sident Bassirou Diomaye Faye devrait rapidement rectifier le tir en confiant la diplomatie \u00e0 une personnalit\u00e9 plus \u00e0 m\u00eame d\u2019incarner les aspirations du S\u00e9n\u00e9gal et de pr\u00e9server son rayonnement international.<\/p>\n\n\n\n<p>En d\u00e9finitive, la premi\u00e8re ann\u00e9e de la diplomatie s\u00e9n\u00e9galaise sous l\u2019\u00e8re Bassirou Diomaye Faye a \u00e9t\u00e9 marqu\u00e9e par des avanc\u00e9es significatives, notamment en mati\u00e8re de souverainet\u00e9 et de ren\u00e9gociation des contrats. Cependant, les d\u00e9fis restent nombreux, qu\u2019il s\u2019agisse de la gestion des relations avec la CEDEAO et l\u2019AES, de la question migratoire ou de la cr\u00e9dibilit\u00e9 de certains acteurs cl\u00e9s.<\/p>\n\n\n\n<p>Dans un monde de plus en plus globalis\u00e9 et interconnect\u00e9, le S\u00e9n\u00e9gal devra continuer \u00e0 promouvoir avec habilet\u00e9 ses aspirations souverainistes et les r\u00e9alit\u00e9s g\u00e9opolitiques. La prochaine ann\u00e9e sera cruciale pour consolider les acquis et r\u00e9pondre aux attentes d\u2019une population d\u00e9sireuse de voir son pays jouer un r\u00f4le de premier plan sur la sc\u00e8ne internationale.<\/p>\n\n\n\n<p><em><strong>AMADOU CAMARA GUEYE&nbsp;<\/strong><\/em><\/p>\n\n\n\n<p>ENQUETEPLUS<\/p>\n","protected":false},"excerpt":{"rendered":"<p>Il y a un an, le Pastef arrivait au pouvoir avec 54 % des voix, marquant la troisi\u00e8me alternance politique<\/p>\n","protected":false},"author":1,"featured_media":53785,"comment_status":"open","ping_status":"open","sticky":false,"template":"","format":"standard","meta":{"footnotes":""},"categories":[6],"tags":[],"class_list":["post-53869","post","type-post","status-publish","format-standard","has-post-thumbnail","hentry","category-politics"],"_links":{"self":[{"href":"https:\/\/dekkbi.com\/index.php?rest_route=\/wp\/v2\/posts\/53869","targetHints":{"allow":["GET"]}}],"collection":[{"href":"https:\/\/dekkbi.com\/index.php?rest_route=\/wp\/v2\/posts"}],"about":[{"href":"https:\/\/dekkbi.com\/index.php?rest_route=\/wp\/v2\/types\/post"}],"author":[{"embeddable":true,"href":"https:\/\/dekkbi.com\/index.php?rest_route=\/wp\/v2\/users\/1"}],"replies":[{"embeddable":true,"href":"https:\/\/dekkbi.com\/index.php?rest_route=%2Fwp%2Fv2%2Fcomments&post=53869"}],"version-history":[{"count":1,"href":"https:\/\/dekkbi.com\/index.php?rest_route=\/wp\/v2\/posts\/53869\/revisions"}],"predecessor-version":[{"id":53870,"href":"https:\/\/dekkbi.com\/index.php?rest_route=\/wp\/v2\/posts\/53869\/revisions\/53870"}],"wp:featuredmedia":[{"embeddable":true,"href":"https:\/\/dekkbi.com\/index.php?rest_route=\/wp\/v2\/media\/53785"}],"wp:attachment":[{"href":"https:\/\/dekkbi.com\/index.php?rest_route=%2Fwp%2Fv2%2Fmedia&parent=53869"}],"wp:term":[{"taxonomy":"category","embeddable":true,"href":"https:\/\/dekkbi.com\/index.php?rest_route=%2Fwp%2Fv2%2Fcategories&post=53869"},{"taxonomy":"post_tag","embeddable":true,"href":"https:\/\/dekkbi.com\/index.php?rest_route=%2Fwp%2Fv2%2Ftags&post=53869"}],"curies":[{"name":"wp","href":"https:\/\/api.w.org\/{rel}","templated":true}]}}