{"id":53854,"date":"2025-03-25T09:54:22","date_gmt":"2025-03-25T09:54:22","guid":{"rendered":"https:\/\/dekkbi.com\/?p=53854"},"modified":"2025-03-25T09:54:23","modified_gmt":"2025-03-25T09:54:23","slug":"la-ligue-democratique-ld-se-demarque-de-la-proposition-de-loi-portant-interpretation-de-la-loi-damnistie-la-justice-ne-saccommode-daucune-selectivite","status":"publish","type":"post","link":"https:\/\/dekkbi.com\/?p=53854","title":{"rendered":"La ligue d\u00e9mocratique (Ld) se d\u00e9marque de la proposition de loi portant interpr\u00e9tation de la loi d\u2019amnistie : \u00abLa justice ne s\u2019accommode d\u2019aucune s\u00e9lectivit\u00e9\u00bb"},"content":{"rendered":"\n<p><strong>La Ligue d\u00e9mocratique (Ld) marque, \u00e0 son tour, son d\u00e9saccord sur la proposition de loi portant interpr\u00e9tation de la loi d\u2019amnistie de 2024 du d\u00e9put\u00e9 du groupe de la majorit\u00e9 parlementaire Pastef, Amadou Ba. Dans un communiqu\u00e9 rendu public hier, lundi 24 mars, le Secr\u00e9tariat permanent (Sep) de la Ld d\u00e9clare que&nbsp;<em>\u00abla loi d\u2019amnistie ne peut \u00eatre partiellement abrog\u00e9e pour servir des desseins politiques, et r\u00e9\u00e9crire l\u2019Histoire \u00e0 la convenance des puissants du jour\u00bb.<\/em><\/strong><\/p>\n\n\n\n<p>La Ligue d\u00e9mocratique (Ld) s\u2019invite dans le d\u00e9bat autour de la proposition de loi portant interpr\u00e9tation de la loi d\u2019amnistie de 2024 du d\u00e9put\u00e9 du groupe de la majorit\u00e9 parlementaire Pastef, Amadou Ba. Dans un communiqu\u00e9 intitul\u00e9&nbsp;<em>\u00abni oubli, ni demi \u2013 v\u00e9rit\u00e9 : contre l\u2019abrogation s\u00e9lective de la loi d\u2019amnistie\u00bb,<\/em>&nbsp;rendu public hier, lundi 24 mars 2025, le Secr\u00e9tariat permanent (Sep) de la Ld rappelle \u00e0 l\u2019endroit du nouveau r\u00e9gime que&nbsp;<em>\u00abla v\u00e9rit\u00e9 ne se fragmente pas, et que la justice ne s\u2019accommode d\u2019aucune s\u00e9lectivit\u00e9\u00bb.<\/em>&nbsp;Mieux, Nicolas Ndiaye, Secr\u00e9taire g\u00e9n\u00e9ral de la Ld et ses camarades soulignent que \u00ab<em>loin d\u2019\u00eatre un instrument \u00e0 g\u00e9om\u00e9trie variable, la loi d\u2019amnistie ne peut \u00eatre partiellement abrog\u00e9e pour servir des desseins politiques, et r\u00e9\u00e9crire l\u2019Histoire \u00e0 la convenance des puissants du jour\u00bb<\/em>.<\/p>\n\n\n\n<p>Ainsi, rappelant que&nbsp;<em>\u00abd\u00e8s son introduction \u00e0 l\u2019Assembl\u00e9e nationale, le 06 mars 2024, la Ld s\u2019est dress\u00e9e contre cette loi d\u2019amnistie, d\u00e9non\u00e7ant un subterfuge destin\u00e9 \u00e0 enterrer la v\u00e9rit\u00e9 et \u00e0 soustraire les responsables \u00e0 leurs devoirs devant la nation\u00bb,<\/em>&nbsp;le Sep de la Ld de r\u00e9affirmer&nbsp;:&nbsp;<em>\u00abAujourd\u2019hui comme hier, notre position demeure in\u00e9branlable : l\u2019\u00c9tat de droit exige coh\u00e9rence et impartialit\u00e9. S\u2019il faut lever l\u2019amnistie, qu\u2019elle le soit dans son int\u00e9gralit\u00e9, afin que toute la lumi\u00e8re soit faite sur les \u00e9v\u00e9nements tragiques qui ont marqu\u00e9 notre nation. \u00c0 d\u00e9faut, ce ne serait qu\u2019une parodie de justice et une insulte \u00e0 la m\u00e9moire des victimes\u00bb<\/em>.<\/p>\n\n\n\n<p><strong>Nando Cabral GOMIS<\/strong><br>SUDQUOTIDIEN<\/p>\n","protected":false},"excerpt":{"rendered":"<p>La Ligue d\u00e9mocratique (Ld) marque, \u00e0 son tour, son d\u00e9saccord sur la proposition de loi portant interpr\u00e9tation de la loi<\/p>\n","protected":false},"author":1,"featured_media":53855,"comment_status":"open","ping_status":"open","sticky":false,"template":"","format":"standard","meta":{"footnotes":""},"categories":[6],"tags":[],"class_list":["post-53854","post","type-post","status-publish","format-standard","has-post-thumbnail","hentry","category-politics"],"_links":{"self":[{"href":"https:\/\/dekkbi.com\/index.php?rest_route=\/wp\/v2\/posts\/53854","targetHints":{"allow":["GET"]}}],"collection":[{"href":"https:\/\/dekkbi.com\/index.php?rest_route=\/wp\/v2\/posts"}],"about":[{"href":"https:\/\/dekkbi.com\/index.php?rest_route=\/wp\/v2\/types\/post"}],"author":[{"embeddable":true,"href":"https:\/\/dekkbi.com\/index.php?rest_route=\/wp\/v2\/users\/1"}],"replies":[{"embeddable":true,"href":"https:\/\/dekkbi.com\/index.php?rest_route=%2Fwp%2Fv2%2Fcomments&post=53854"}],"version-history":[{"count":1,"href":"https:\/\/dekkbi.com\/index.php?rest_route=\/wp\/v2\/posts\/53854\/revisions"}],"predecessor-version":[{"id":53856,"href":"https:\/\/dekkbi.com\/index.php?rest_route=\/wp\/v2\/posts\/53854\/revisions\/53856"}],"wp:featuredmedia":[{"embeddable":true,"href":"https:\/\/dekkbi.com\/index.php?rest_route=\/wp\/v2\/media\/53855"}],"wp:attachment":[{"href":"https:\/\/dekkbi.com\/index.php?rest_route=%2Fwp%2Fv2%2Fmedia&parent=53854"}],"wp:term":[{"taxonomy":"category","embeddable":true,"href":"https:\/\/dekkbi.com\/index.php?rest_route=%2Fwp%2Fv2%2Fcategories&post=53854"},{"taxonomy":"post_tag","embeddable":true,"href":"https:\/\/dekkbi.com\/index.php?rest_route=%2Fwp%2Fv2%2Ftags&post=53854"}],"curies":[{"name":"wp","href":"https:\/\/api.w.org\/{rel}","templated":true}]}}