{"id":53837,"date":"2025-03-25T09:37:19","date_gmt":"2025-03-25T09:37:19","guid":{"rendered":"https:\/\/dekkbi.com\/?p=53837"},"modified":"2025-03-25T09:37:20","modified_gmt":"2025-03-25T09:37:20","slug":"transport-nouvelle-gouvernance-dair-senegal-yankhoba-dieme-note-une-amelioration","status":"publish","type":"post","link":"https:\/\/dekkbi.com\/?p=53837","title":{"rendered":"Transport \u2013 Nouvelle gouvernance d\u2019Air S\u00e9n\u00e9gal : Yankhoba Di\u00e9m\u00e9 note une am\u00e9lioration"},"content":{"rendered":"\n<p><strong>Le changement de gouvernance op\u00e9r\u00e9 \u00e0 Air S\u00e9n\u00e9gal est en train de porter ses fruits, selon le ministre des Infrastructures, des transports terrestres et a\u00e9riens. Yankhoba Di\u00e9m\u00e9 rel\u00e8ve une nette am\u00e9lioration dans le secteur des transports, surtout \u00e0 Air S\u00e9n\u00e9gal qui \u00e9tait au bord de la faillite.  <\/strong><\/p>\n\n\n\n<p>Il \u00e9tait tr\u00e8s fr\u00e9quent d\u2019entendre des voyageurs se plaindre de la qualit\u00e9 de service de la compagnie nationale Air S\u00e9n\u00e9gal. Des retards \u00e9taient souvent not\u00e9s sur ses vols.<\/p>\n\n\n\n<p>Si l\u2019on se fie aux propos du ministre des Infrastructures, des transports terrestres et a\u00e9riens, cette situation n\u2019est qu\u2019un vieux souvenir.<\/p>\n\n\n\n<p>Invoquant hier les progr\u00e8s not\u00e9s dans le secteur dont il a la charge, un an apr\u00e8s l\u2019\u00e9lection de Bassirou Diomaye Diakhar Faye \u00e0 la t\u00eate du S\u00e9n\u00e9gal, Yankhoba Di\u00e9m\u00e9 a not\u00e9 une nette am\u00e9lioration dans la gouvernance de la compagnie.<\/p>\n\n\n\n<p>En effet, explique le ministre, \u00able taux de remplissage est au top, ainsi que la rentabilit\u00e9. Les vols n\u2019accusent plus de retard. Air S\u00e9n\u00e9gal respecte maintenant ses rendez-vous et prend m\u00eame une longueur d\u2019avance. Ceux qui s\u2019attaquaient \u00e0 la compagnie font maintenant la promotion d\u2019Air S\u00e9n\u00e9gal gratuitement\u00bb, a martel\u00e9 M. Di\u00e9m\u00e9. Et de pr\u00e9ciser\u00a0: \u00abEn 2023, nous avions une perte s\u00e8che de 80 milliards. En 2024, nous nous acheminions vers le m\u00eame niveau de perte, jusqu\u2019\u00e0 ce qu\u2019on change de gouvernance vers le mois d\u2019ao\u00fbt-octobre. Et c\u2019est ce qui nous a permis de baisser cette perte \u00e0 57 milliards de francs, et les \u00be de cette perte minimis\u00e9e se sont r\u00e9alis\u00e9s lors des cinq derniers mois. Cela, en supprimant toutes les lignes budg\u00e9tivores, d\u00e9ficitaires, gr\u00e2ce \u00e0 l\u2019appui de l\u2019Anacim.\u00bb<\/p>\n\n\n\n<p>D\u2019apr\u00e8s le dernier bulletin des statistiques du trafic a\u00e9rien de l\u2019Agence nationale de l\u2019aviation civile et de la m\u00e9t\u00e9orologie rendu public la semaine derni\u00e8re, les r\u00e9sultats de l\u2019activit\u00e9 de la compagnie nationale sont peu reluisant en 2024.<br>\u00abLe nombre de passagers a r\u00e9gress\u00e9 pour une deuxi\u00e8me ann\u00e9e successive de 17% en 2024, apr\u00e8s la baisse de 6% en 2023. Le volume de fret trait\u00e9 par la compagnie a recul\u00e9 d\u20191, 25% en 2024, apr\u00e8s une hausse enregistr\u00e9e en 2023 de 5%. Quant au nombre de rotation des avions, il a diminu\u00e9 respectivement de 9% et 17% sur les deux derni\u00e8res ann\u00e9es suite \u00e0 des difficult\u00e9s de flottes. Ainsi, elle a enregistr\u00e9 sur les trois derni\u00e8res ann\u00e9es, des taux de croissance moyens n\u00e9gatifs de 13%, 11% et 2% respectivement en termes de mouvements d\u2019a\u00e9ronefs, de passagers et de fret\u00bb, rel\u00e8vent les services de l\u2019Anacim.<\/p>\n\n\n\n<p>Rappelant les Etats g\u00e9n\u00e9raux des Transports qui se sont tenus, le ministre Di\u00e9m\u00e9 indique qu\u2019il ne reste qu\u2019\u00e0 mettre en \u0153uvre les recommandations. Sur la s\u00e9curit\u00e9 routi\u00e8re, il soutient qu\u2019il \u00abne suffit pas de construire des routes\u00bb. \u00abNous avons fait de belles routes, mais les accidents se multiplient. Il est crucial de respecter et de faire respecter le Code de la route, de mettre en place des mesures comme le permis \u00e0 points pour am\u00e9liorer la s\u00e9curit\u00e9\u00bb, a fait savoir Yankhoba Di\u00e9m\u00e9 en marge de la Journ\u00e9e mondiale de la m\u00e9t\u00e9orologie dont le th\u00e8me cette ann\u00e9e est\u00a0: \u00abCombler ensemble les lacunes en mati\u00e8re d\u2019alertes pr\u00e9coces.\u00bb<\/p>\n\n\n\n<p><strong>Par Dialigu\u00e9 FAYE \u2013\u00a0dialigue@lequotidien.sn<\/strong><\/p>\n","protected":false},"excerpt":{"rendered":"<p>Le changement de gouvernance op\u00e9r\u00e9 \u00e0 Air S\u00e9n\u00e9gal est en train de porter ses fruits, selon le ministre des Infrastructures,<\/p>\n","protected":false},"author":1,"featured_media":53838,"comment_status":"open","ping_status":"open","sticky":false,"template":"","format":"standard","meta":{"footnotes":""},"categories":[3],"tags":[],"class_list":["post-53837","post","type-post","status-publish","format-standard","has-post-thumbnail","hentry","category-event-more-news"],"_links":{"self":[{"href":"https:\/\/dekkbi.com\/index.php?rest_route=\/wp\/v2\/posts\/53837","targetHints":{"allow":["GET"]}}],"collection":[{"href":"https:\/\/dekkbi.com\/index.php?rest_route=\/wp\/v2\/posts"}],"about":[{"href":"https:\/\/dekkbi.com\/index.php?rest_route=\/wp\/v2\/types\/post"}],"author":[{"embeddable":true,"href":"https:\/\/dekkbi.com\/index.php?rest_route=\/wp\/v2\/users\/1"}],"replies":[{"embeddable":true,"href":"https:\/\/dekkbi.com\/index.php?rest_route=%2Fwp%2Fv2%2Fcomments&post=53837"}],"version-history":[{"count":1,"href":"https:\/\/dekkbi.com\/index.php?rest_route=\/wp\/v2\/posts\/53837\/revisions"}],"predecessor-version":[{"id":53839,"href":"https:\/\/dekkbi.com\/index.php?rest_route=\/wp\/v2\/posts\/53837\/revisions\/53839"}],"wp:featuredmedia":[{"embeddable":true,"href":"https:\/\/dekkbi.com\/index.php?rest_route=\/wp\/v2\/media\/53838"}],"wp:attachment":[{"href":"https:\/\/dekkbi.com\/index.php?rest_route=%2Fwp%2Fv2%2Fmedia&parent=53837"}],"wp:term":[{"taxonomy":"category","embeddable":true,"href":"https:\/\/dekkbi.com\/index.php?rest_route=%2Fwp%2Fv2%2Fcategories&post=53837"},{"taxonomy":"post_tag","embeddable":true,"href":"https:\/\/dekkbi.com\/index.php?rest_route=%2Fwp%2Fv2%2Ftags&post=53837"}],"curies":[{"name":"wp","href":"https:\/\/api.w.org\/{rel}","templated":true}]}}