{"id":53786,"date":"2025-03-24T14:24:30","date_gmt":"2025-03-24T14:24:30","guid":{"rendered":"https:\/\/dekkbi.com\/?p=53786"},"modified":"2025-03-24T14:24:31","modified_gmt":"2025-03-24T14:24:31","slug":"reddition-des-comptes-aminata-toure-exprime-son-desaccord-a-propos-de-la-mediation-penale","status":"publish","type":"post","link":"https:\/\/dekkbi.com\/?p=53786","title":{"rendered":"Reddition des comptes : Aminata Tour\u00e9 exprime son d\u00e9saccord \u00e0 propos de la m\u00e9diation p\u00e9nale"},"content":{"rendered":"\n<p>Aminata Tour\u00e9, Haut repr\u00e9sentant du pr\u00e9sident de la R\u00e9publique Bassirou Diomaye Faye, \u00e9tait l\u2019invit\u00e9e de l\u2019\u00e9mission \u00ab\u00a0En V\u00e9rit\u00e9\u00a0\u00bb. Elle est revenue sur la reddition des comptes initi\u00e9e par le gouvernement, exprimant clairement son opposition \u00e0 la m\u00e9diation p\u00e9nale dans les affaires de d\u00e9tournement de fonds publics.<\/p>\n\n\n\n<p>Interrog\u00e9e sur la possibilit\u00e9 de privil\u00e9gier la m\u00e9diation p\u00e9nale pour faciliter le recouvrement des sommes d\u00e9tourn\u00e9es, Aminata Tour\u00e9 a marqu\u00e9 son d\u00e9saccord : \u00ab<em>&nbsp;Je ne suis pas d\u2019accord sur ce point et depuis 10 ans, je le dis. Ce sera trop facile. Cela veut dire que si vous nommez une personne et qu\u2019elle d\u00e9tourne 50 milliards, si on l\u2019attrape, elle peut proposer de rendre 30 milliards et s\u2019en sortir ainsi. Les gens en feraient un m\u00e9tier, si tout se terminait par une m\u00e9diation p\u00e9nale. M\u00eame la loi ne dit pas cela. Selon moi, on doit les remettre \u00e0 la justice et ensuite, r\u00e9cup\u00e9rer l\u2019int\u00e9gralit\u00e9 de l\u2019argent<\/em>&nbsp;\u00bb.<\/p>\n\n\n\n<p>Sur la question de la r\u00e9conciliation entre la justice et les citoyens, Aminata Tour\u00e9 a soulign\u00e9 les efforts en cours, tout en rappelant le contexte difficile laiss\u00e9 par le pr\u00e9c\u00e9dent r\u00e9gime : \u00ab&nbsp;<em>N\u2019oubliez pas qu\u2019on \u00e9tait dans une situation extr\u00eamement difficile. L\u2019actuel pr\u00e9sident de la R\u00e9publique a \u00e9t\u00e9 lib\u00e9r\u00e9 de prison quatre jours apr\u00e8s le d\u00e9but de l\u2019\u00e9lection pr\u00e9sidentielle, avec le Premier ministre. Plus de 1 000 personnes \u00e9taient emprisonn\u00e9es pour des raisons politiques. Donc la r\u00e9conciliation et le r\u00e9tablissement de la confiance vont prendre du temps, mais je pense que les S\u00e9n\u00e9galais le savent : nous sommes sur le bon chemin&nbsp;<\/em>\u00bb.<\/p>\n\n\n\n<p><strong>RTS.sn<\/strong><\/p>\n","protected":false},"excerpt":{"rendered":"<p>Aminata Tour\u00e9, Haut repr\u00e9sentant du pr\u00e9sident de la R\u00e9publique Bassirou Diomaye Faye, \u00e9tait l\u2019invit\u00e9e de l\u2019\u00e9mission \u00ab\u00a0En V\u00e9rit\u00e9\u00a0\u00bb. Elle est<\/p>\n","protected":false},"author":1,"featured_media":42234,"comment_status":"open","ping_status":"open","sticky":false,"template":"","format":"standard","meta":{"footnotes":""},"categories":[3],"tags":[],"class_list":["post-53786","post","type-post","status-publish","format-standard","has-post-thumbnail","hentry","category-event-more-news"],"_links":{"self":[{"href":"https:\/\/dekkbi.com\/index.php?rest_route=\/wp\/v2\/posts\/53786","targetHints":{"allow":["GET"]}}],"collection":[{"href":"https:\/\/dekkbi.com\/index.php?rest_route=\/wp\/v2\/posts"}],"about":[{"href":"https:\/\/dekkbi.com\/index.php?rest_route=\/wp\/v2\/types\/post"}],"author":[{"embeddable":true,"href":"https:\/\/dekkbi.com\/index.php?rest_route=\/wp\/v2\/users\/1"}],"replies":[{"embeddable":true,"href":"https:\/\/dekkbi.com\/index.php?rest_route=%2Fwp%2Fv2%2Fcomments&post=53786"}],"version-history":[{"count":1,"href":"https:\/\/dekkbi.com\/index.php?rest_route=\/wp\/v2\/posts\/53786\/revisions"}],"predecessor-version":[{"id":53787,"href":"https:\/\/dekkbi.com\/index.php?rest_route=\/wp\/v2\/posts\/53786\/revisions\/53787"}],"wp:featuredmedia":[{"embeddable":true,"href":"https:\/\/dekkbi.com\/index.php?rest_route=\/wp\/v2\/media\/42234"}],"wp:attachment":[{"href":"https:\/\/dekkbi.com\/index.php?rest_route=%2Fwp%2Fv2%2Fmedia&parent=53786"}],"wp:term":[{"taxonomy":"category","embeddable":true,"href":"https:\/\/dekkbi.com\/index.php?rest_route=%2Fwp%2Fv2%2Fcategories&post=53786"},{"taxonomy":"post_tag","embeddable":true,"href":"https:\/\/dekkbi.com\/index.php?rest_route=%2Fwp%2Fv2%2Ftags&post=53786"}],"curies":[{"name":"wp","href":"https:\/\/api.w.org\/{rel}","templated":true}]}}