{"id":53776,"date":"2025-03-24T14:11:08","date_gmt":"2025-03-24T14:11:08","guid":{"rendered":"https:\/\/dekkbi.com\/?p=53776"},"modified":"2025-03-24T14:11:09","modified_gmt":"2025-03-24T14:11:09","slug":"justice-zale-mbaye-et-nogaye-kara-condamnes-a-3-mois-ferme","status":"publish","type":"post","link":"https:\/\/dekkbi.com\/?p=53776","title":{"rendered":"Justice: Zale Mbaye et Nogaye Kara condamn\u00e9s \u00e0 3 mois ferme"},"content":{"rendered":"\n<p>Ce lundi 24 mars 2025, le tribunal des flagrants d\u00e9lits de Dakar a condamn\u00e9 Saliou Mbaye, alias Zale Mbaye, et Nogaye Dieng, connue sous le nom de Nogaye Kara, \u00e0 une peine d\u2019un an de prison, dont 3 mois ferme. Ils \u00e9taient poursuivis pour collecte illicite de donn\u00e9es \u00e0 caract\u00e8re personnel, discours contraire aux bonnes m\u0153urs et injures publiques, suite \u00e0 une plainte d\u00e9pos\u00e9e en f\u00e9vrier 2025, par la commer\u00e7ante Laya Diallo, rapporte \u00ab\u00a0Seneweb\u00a0\u00bb.<\/p>\n\n\n\n<p>Laya Diallo accusait Zale Mbaye et Nogaye Kara de l\u2019avoir diffam\u00e9e sur TikTok, en publiant son num\u00e9ro de t\u00e9l\u00e9phone et en l\u2019accusant d\u2019\u00eatre atteinte du VIH\/SIDA. Arr\u00eat\u00e9s par la Division Sp\u00e9ciale de la Cybers\u00e9curit\u00e9, les deux pr\u00e9venus ont \u00e9t\u00e9 d\u00e9f\u00e9r\u00e9s au parquet de Dakar le jeudi 20 mars. \u00c0 la barre, les vid\u00e9os des deux parties ont \u00e9t\u00e9 projet\u00e9es. Zale Mbaye et Nogaye Kara ont reconnu les faits et pr\u00e9sent\u00e9 leurs excuses, Zale Mbaye affirmant que Laya Diallo l\u2019avait provoqu\u00e9, en le traitant d\u2019homosexuel. Bien que Laya Diallo ait retir\u00e9 sa constitution de partie civile et accord\u00e9 son pardon, l\u2019affaire a suivi son cours.<\/p>\n\n\n\n<p>D&rsquo;apr\u00e8s la m\u00eame source, le Procureur, apr\u00e8s avoir sermonn\u00e9 les pr\u00e9venus, avait requis 2 ans de prison, dont 3 mois ferme. La d\u00e9fense, repr\u00e9sent\u00e9e par Mes Aboubacry Barro, Abdy Nar Ndiaye et Iba Mar Diop, a plaid\u00e9 la cl\u00e9mence, promettant que leurs clients ne r\u00e9cidiveraient pas. Le tribunal a finalement relax\u00e9 Zale Mbaye du chef de collecte illicite de donn\u00e9es, mais l\u2019a reconnu coupable de discours contraire aux bonnes m\u0153urs. Nogaye Kara a \u00e9t\u00e9 d\u00e9clar\u00e9e coupable de tous les chefs d\u2019accusation. Les deux \u00e9copent d\u2019un an de prison, dont 3 mois ferme et passeront donc la f\u00eate de la Korit\u00e9 derri\u00e8re les barreaux.<\/p>\n\n\n\n<p>Mame Fatou K\u00e9b\u00e9<br>LERAL<\/p>\n","protected":false},"excerpt":{"rendered":"<p>Ce lundi 24 mars 2025, le tribunal des flagrants d\u00e9lits de Dakar a condamn\u00e9 Saliou Mbaye, alias Zale Mbaye, et<\/p>\n","protected":false},"author":1,"featured_media":53777,"comment_status":"open","ping_status":"open","sticky":false,"template":"","format":"standard","meta":{"footnotes":""},"categories":[26],"tags":[],"class_list":["post-53776","post","type-post","status-publish","format-standard","has-post-thumbnail","hentry","category-fait-divers"],"_links":{"self":[{"href":"https:\/\/dekkbi.com\/index.php?rest_route=\/wp\/v2\/posts\/53776","targetHints":{"allow":["GET"]}}],"collection":[{"href":"https:\/\/dekkbi.com\/index.php?rest_route=\/wp\/v2\/posts"}],"about":[{"href":"https:\/\/dekkbi.com\/index.php?rest_route=\/wp\/v2\/types\/post"}],"author":[{"embeddable":true,"href":"https:\/\/dekkbi.com\/index.php?rest_route=\/wp\/v2\/users\/1"}],"replies":[{"embeddable":true,"href":"https:\/\/dekkbi.com\/index.php?rest_route=%2Fwp%2Fv2%2Fcomments&post=53776"}],"version-history":[{"count":1,"href":"https:\/\/dekkbi.com\/index.php?rest_route=\/wp\/v2\/posts\/53776\/revisions"}],"predecessor-version":[{"id":53778,"href":"https:\/\/dekkbi.com\/index.php?rest_route=\/wp\/v2\/posts\/53776\/revisions\/53778"}],"wp:featuredmedia":[{"embeddable":true,"href":"https:\/\/dekkbi.com\/index.php?rest_route=\/wp\/v2\/media\/53777"}],"wp:attachment":[{"href":"https:\/\/dekkbi.com\/index.php?rest_route=%2Fwp%2Fv2%2Fmedia&parent=53776"}],"wp:term":[{"taxonomy":"category","embeddable":true,"href":"https:\/\/dekkbi.com\/index.php?rest_route=%2Fwp%2Fv2%2Fcategories&post=53776"},{"taxonomy":"post_tag","embeddable":true,"href":"https:\/\/dekkbi.com\/index.php?rest_route=%2Fwp%2Fv2%2Ftags&post=53776"}],"curies":[{"name":"wp","href":"https:\/\/api.w.org\/{rel}","templated":true}]}}