{"id":53771,"date":"2025-03-24T14:07:11","date_gmt":"2025-03-24T14:07:11","guid":{"rendered":"https:\/\/dekkbi.com\/?p=53771"},"modified":"2025-03-24T14:07:11","modified_gmt":"2025-03-24T14:07:11","slug":"celebration-de-la-nuit-dediee-a-mame-cheikh-ibrahima-fall-les-valeurs-de-la-voie-de-baye-fall-revisitee","status":"publish","type":"post","link":"https:\/\/dekkbi.com\/?p=53771","title":{"rendered":"C\u00e9l\u00e9bration de la nuit d\u00e9di\u00e9e \u00e0 Mame Cheikh Ibrahima Fall : Les valeurs de la voie de Baye Fall revisit\u00e9e"},"content":{"rendered":"\n<h3 class=\"wp-block-heading\">Le 20i\u00e8me jour du mois de ramadan, est une date symbolique f\u00eat\u00e9e par les Baye Fall. C\u2019est le jour o\u00f9 Mame Cheikh Ibrahima Fall, leur guide religieux a fait son all\u00e9geance au fondateur de la voie du Mouridisme, Cheikh Ahmadou Bamba Mback\u00e9, Khadimoul Rassoul. <\/h3>\n\n\n\n<p>Dans la banlieue dakaroise, Gu\u00e9diawaye a vibr\u00e9 sous la ferveur, les khassaides et autres pr\u00e9paratifs culinaires pour sa c\u00e9l\u00e9bration. Moment choisi, par leur porte-parole Serigne Abdou Aziz Bara pour raviver et revisiter les valeurs fondamentales de cette voie\u2026<\/p>\n\n\n\n<figure class=\"wp-block-embed is-type-rich is-provider-prise-en-charge-des-contenus-embarqu-s wp-block-embed-prise-en-charge-des-contenus-embarqu-s wp-embed-aspect-16-9 wp-has-aspect-ratio\"><div class=\"wp-block-embed__wrapper\">\n<iframe loading=\"lazy\" title=\"C\u00e9l\u00e9bration-nuit d\u00e9di\u00e9e \u00e0 Mame Cheikh Ibrahima Fall : Les valeurs de la voie de Baye Fall revisit\u00e9e\" width=\"800\" height=\"450\" src=\"https:\/\/www.youtube.com\/embed\/OeLRnfXYm9Y?feature=oembed\" frameborder=\"0\" allow=\"accelerometer; autoplay; clipboard-write; encrypted-media; gyroscope; picture-in-picture; web-share\" referrerpolicy=\"strict-origin-when-cross-origin\" allowfullscreen><\/iframe>\n<\/div><\/figure>\n\n\n\n<p>SOURCE LERAL<\/p>\n","protected":false},"excerpt":{"rendered":"<p>Le 20i\u00e8me jour du mois de ramadan, est une date symbolique f\u00eat\u00e9e par les Baye Fall. C\u2019est le jour o\u00f9<\/p>\n","protected":false},"author":1,"featured_media":24818,"comment_status":"open","ping_status":"open","sticky":false,"template":"","format":"standard","meta":{"footnotes":""},"categories":[26],"tags":[],"class_list":["post-53771","post","type-post","status-publish","format-standard","has-post-thumbnail","hentry","category-fait-divers"],"_links":{"self":[{"href":"https:\/\/dekkbi.com\/index.php?rest_route=\/wp\/v2\/posts\/53771","targetHints":{"allow":["GET"]}}],"collection":[{"href":"https:\/\/dekkbi.com\/index.php?rest_route=\/wp\/v2\/posts"}],"about":[{"href":"https:\/\/dekkbi.com\/index.php?rest_route=\/wp\/v2\/types\/post"}],"author":[{"embeddable":true,"href":"https:\/\/dekkbi.com\/index.php?rest_route=\/wp\/v2\/users\/1"}],"replies":[{"embeddable":true,"href":"https:\/\/dekkbi.com\/index.php?rest_route=%2Fwp%2Fv2%2Fcomments&post=53771"}],"version-history":[{"count":1,"href":"https:\/\/dekkbi.com\/index.php?rest_route=\/wp\/v2\/posts\/53771\/revisions"}],"predecessor-version":[{"id":53774,"href":"https:\/\/dekkbi.com\/index.php?rest_route=\/wp\/v2\/posts\/53771\/revisions\/53774"}],"wp:featuredmedia":[{"embeddable":true,"href":"https:\/\/dekkbi.com\/index.php?rest_route=\/wp\/v2\/media\/24818"}],"wp:attachment":[{"href":"https:\/\/dekkbi.com\/index.php?rest_route=%2Fwp%2Fv2%2Fmedia&parent=53771"}],"wp:term":[{"taxonomy":"category","embeddable":true,"href":"https:\/\/dekkbi.com\/index.php?rest_route=%2Fwp%2Fv2%2Fcategories&post=53771"},{"taxonomy":"post_tag","embeddable":true,"href":"https:\/\/dekkbi.com\/index.php?rest_route=%2Fwp%2Fv2%2Ftags&post=53771"}],"curies":[{"name":"wp","href":"https:\/\/api.w.org\/{rel}","templated":true}]}}