{"id":53725,"date":"2025-03-21T15:57:18","date_gmt":"2025-03-21T15:57:18","guid":{"rendered":"https:\/\/dekkbi.com\/?p=53725"},"modified":"2025-03-21T15:57:19","modified_gmt":"2025-03-21T15:57:19","slug":"equipe-du-senegal-la-belgique-bloque-ilay-camara","status":"publish","type":"post","link":"https:\/\/dekkbi.com\/?p=53725","title":{"rendered":"\u00c9quipe du S\u00e9n\u00e9gal : la Belgique bloque Ilay Camara !"},"content":{"rendered":"\n<p>iGFM (Dakar) La F\u00e9d\u00e9ration s\u00e9n\u00e9galaise de football a communiqu\u00e9, ce vendredi, sur la situation administrative de quatre joueurs : Assane Diao, Yehvann Diouf, Antoine Mendy et Ilay Camara actuellement en regroupement avec l&rsquo;\u00e9quipe nationale du S\u00e9n\u00e9gal.<\/p>\n\n\n\n<p>Si les trois premiers lions cit\u00e9s sont \u00e9ligibles avec S\u00e9n\u00e9gal, le dernier lui devra patienter. En effet, selon la F\u00e9d\u00e9ration s\u00e9n\u00e9galaise de football, \u00ab\u00a0seul le cas de Ilay Camara reste \u00e0 ce jour en suspens du fait que l&rsquo;Union Royale Belge des Associations de Football-Association tarde \u00e0 r\u00e9pondre \u00e0 la demande de confirmation de la situation sportive du joueur avec les diff\u00e9rentes s\u00e9lections nationales belges. Et, ce malgr\u00e9 les nombreuses relances de la FSF\u00a0\u00bb (F\u00e9d\u00e9ration s\u00e9n\u00e9galaise de football), explique la F\u00e9d\u00e9ration.<br><br>Une situation qui freine l&rsquo;allure de l&rsquo;arri\u00e8re gauche du Standard de Li\u00e8ge (D1 Belge) qui a montr\u00e9 de l&rsquo;envie et de la d\u00e9termination de jouer pour l&rsquo;\u00e9quipe du S\u00e9n\u00e9gal malgr\u00e9 les convoitises de la Belgique. M\u00e8re belge et p\u00e8re s\u00e9n\u00e9galais, Ilay Camara a voyag\u00e9 avec le groupe des Lions pour le match contre le Soudan pr\u00e9vu, ce 22 mars 2025 en Libye, avant le duel face au Togo mardi prochain \u00e0 Dakar, dans le cadre des 5e et 6e journ\u00e9es des \u00e9liminatoires de la Coupe du monde 2026.<br><br>La FSF assure qu\u2019elle tiendra le public inform\u00e9 de l\u2019\u00e9volution de ce dossier. En attendant, Yehvann Diouf, Assane Diao et Antoine Mendy sont des renforts de taille pour l\u2019\u00e9quipe du S\u00e9n\u00e9gal.<img decoding=\"async\" src=\"https:\/\/www.igfm.sn\/data\/igfm\/2025\/03\/whatsapp-image-2025-03-21-at-12-33-01_9131.jpeg\" width=\"700\"><\/p>\n\n\n\n<p><\/p>\n","protected":false},"excerpt":{"rendered":"<p>iGFM (Dakar) La F\u00e9d\u00e9ration s\u00e9n\u00e9galaise de football a communiqu\u00e9, ce vendredi, sur la situation administrative de quatre joueurs : Assane<\/p>\n","protected":false},"author":1,"featured_media":53394,"comment_status":"open","ping_status":"open","sticky":false,"template":"","format":"standard","meta":{"footnotes":""},"categories":[9],"tags":[],"class_list":["post-53725","post","type-post","status-publish","format-standard","has-post-thumbnail","hentry","category-sports"],"_links":{"self":[{"href":"https:\/\/dekkbi.com\/index.php?rest_route=\/wp\/v2\/posts\/53725","targetHints":{"allow":["GET"]}}],"collection":[{"href":"https:\/\/dekkbi.com\/index.php?rest_route=\/wp\/v2\/posts"}],"about":[{"href":"https:\/\/dekkbi.com\/index.php?rest_route=\/wp\/v2\/types\/post"}],"author":[{"embeddable":true,"href":"https:\/\/dekkbi.com\/index.php?rest_route=\/wp\/v2\/users\/1"}],"replies":[{"embeddable":true,"href":"https:\/\/dekkbi.com\/index.php?rest_route=%2Fwp%2Fv2%2Fcomments&post=53725"}],"version-history":[{"count":1,"href":"https:\/\/dekkbi.com\/index.php?rest_route=\/wp\/v2\/posts\/53725\/revisions"}],"predecessor-version":[{"id":53726,"href":"https:\/\/dekkbi.com\/index.php?rest_route=\/wp\/v2\/posts\/53725\/revisions\/53726"}],"wp:featuredmedia":[{"embeddable":true,"href":"https:\/\/dekkbi.com\/index.php?rest_route=\/wp\/v2\/media\/53394"}],"wp:attachment":[{"href":"https:\/\/dekkbi.com\/index.php?rest_route=%2Fwp%2Fv2%2Fmedia&parent=53725"}],"wp:term":[{"taxonomy":"category","embeddable":true,"href":"https:\/\/dekkbi.com\/index.php?rest_route=%2Fwp%2Fv2%2Fcategories&post=53725"},{"taxonomy":"post_tag","embeddable":true,"href":"https:\/\/dekkbi.com\/index.php?rest_route=%2Fwp%2Fv2%2Ftags&post=53725"}],"curies":[{"name":"wp","href":"https:\/\/api.w.org\/{rel}","templated":true}]}}