{"id":5372,"date":"2022-12-28T09:41:14","date_gmt":"2022-12-28T09:41:14","guid":{"rendered":"https:\/\/dekkbi.com\/?p=5372"},"modified":"2022-12-28T12:51:52","modified_gmt":"2022-12-28T12:51:52","slug":"macky-sall-tamba-va-devenir-un-pole-economique-dynamique","status":"publish","type":"post","link":"https:\/\/dekkbi.com\/?p=5372","title":{"rendered":"Macky Sall : \u00ab\u00a0Tamba va devenir un p\u00f4le \u00e9conomique dynamique\u00a0\u00bb"},"content":{"rendered":"\n<p>\u2018\u2019La r\u00e9gion de Tambacounda va devenir un p\u00f4le \u00e9conomique dynamique et \u00e9mergent sur la p\u00e9riode 2023-2025\u2033. C\u2019est ce qu\u2019a d\u00e9clar\u00e9 mardi soir le pr\u00e9sident de la R\u00e9publique, Macky Sall, qui a annonc\u00e9 qu\u2019un programme strat\u00e9gique sera mis en \u0153uvre par l\u2019Etat dans ce sens.<\/p>\n\n\n\n<p>Le chef de l\u2019Etat pr\u00e9sidait un Conseil pr\u00e9sidentiel de d\u00e9veloppement territorialis\u00e9 \u00e0 Tambacounda. Cette rencontre s&rsquo;est tenue \u00e0 la Gouvernance de Tambacounda en pr\u00e9sence du Premier ministre Amadou Ba, des membres du Gouvernement, des \u00e9lus territoriaux, des d\u00e9put\u00e9s, des notabilit\u00e9s religieuses et coutumi\u00e8res, informe lesoleil.sn.<br><br>\u2018\u2019Tambacounda est une r\u00e9gion aux \u00e9normes richesses culturelles, touristiques et agropastorales. Nous avons lanc\u00e9 un Programme sp\u00e9cial de d\u00e9senclavement \u00e0 Goudiry pour d\u00e9senclaver les localit\u00e9s de la r\u00e9gion. Il prendra en charge les d\u00e9fis s\u00e9curitaires et de d\u00e9veloppement durable\u2019\u2019, a soulign\u00e9 Macky Sall.&nbsp;Le chef de l\u2019Etat pr\u00e9sidera ce mercredi 28 d\u00e9cembre le Conseil des ministres d\u00e9localis\u00e9 \u00e0 Tambacounda.<\/p>\n\n\n\n<p><\/p>\n\n\n\n<p>SOURCE IGFM<\/p>\n","protected":false},"excerpt":{"rendered":"<p>\u2018\u2019La r\u00e9gion de Tambacounda va devenir un p\u00f4le \u00e9conomique dynamique et \u00e9mergent sur la p\u00e9riode 2023-2025\u2033. C\u2019est ce qu\u2019a d\u00e9clar\u00e9<\/p>\n","protected":false},"author":1,"featured_media":5373,"comment_status":"open","ping_status":"open","sticky":false,"template":"","format":"standard","meta":{"footnotes":""},"categories":[6],"tags":[],"class_list":["post-5372","post","type-post","status-publish","format-standard","has-post-thumbnail","hentry","category-politics"],"_links":{"self":[{"href":"https:\/\/dekkbi.com\/index.php?rest_route=\/wp\/v2\/posts\/5372","targetHints":{"allow":["GET"]}}],"collection":[{"href":"https:\/\/dekkbi.com\/index.php?rest_route=\/wp\/v2\/posts"}],"about":[{"href":"https:\/\/dekkbi.com\/index.php?rest_route=\/wp\/v2\/types\/post"}],"author":[{"embeddable":true,"href":"https:\/\/dekkbi.com\/index.php?rest_route=\/wp\/v2\/users\/1"}],"replies":[{"embeddable":true,"href":"https:\/\/dekkbi.com\/index.php?rest_route=%2Fwp%2Fv2%2Fcomments&post=5372"}],"version-history":[{"count":2,"href":"https:\/\/dekkbi.com\/index.php?rest_route=\/wp\/v2\/posts\/5372\/revisions"}],"predecessor-version":[{"id":5433,"href":"https:\/\/dekkbi.com\/index.php?rest_route=\/wp\/v2\/posts\/5372\/revisions\/5433"}],"wp:featuredmedia":[{"embeddable":true,"href":"https:\/\/dekkbi.com\/index.php?rest_route=\/wp\/v2\/media\/5373"}],"wp:attachment":[{"href":"https:\/\/dekkbi.com\/index.php?rest_route=%2Fwp%2Fv2%2Fmedia&parent=5372"}],"wp:term":[{"taxonomy":"category","embeddable":true,"href":"https:\/\/dekkbi.com\/index.php?rest_route=%2Fwp%2Fv2%2Fcategories&post=5372"},{"taxonomy":"post_tag","embeddable":true,"href":"https:\/\/dekkbi.com\/index.php?rest_route=%2Fwp%2Fv2%2Ftags&post=5372"}],"curies":[{"name":"wp","href":"https:\/\/api.w.org\/{rel}","templated":true}]}}