{"id":53694,"date":"2025-03-21T14:51:33","date_gmt":"2025-03-21T14:51:33","guid":{"rendered":"https:\/\/dekkbi.com\/?p=53694"},"modified":"2025-03-21T14:51:34","modified_gmt":"2025-03-21T14:51:34","slug":"diplomatie-religieuse-le-bon-vivre-senegalais-cite-en-exemple-en-israel-et-au-vatican","status":"publish","type":"post","link":"https:\/\/dekkbi.com\/?p=53694","title":{"rendered":"Diplomatie religieuse: le bon vivre s\u00e9n\u00e9galais cit\u00e9 en exemple en Isra\u00ebl et au Vatican"},"content":{"rendered":"\n<p><strong>Une mission compos\u00e9e de repr\u00e9sentants religieux, de responsables de foyers, ainsi que de membres de la communaut\u00e9 universitaire, sous la houlette du khalife g\u00e9n\u00e9ral de Bambilor, s\u2019est rendue au Vatican et en Isra\u00ebl dans le cadre de la vulgarisation de la diplomatie religieuse. Une opportunit\u00e9 pour la d\u00e9l\u00e9gation de mettre en exergue l\u2019aspect inclusif et global de l\u2019initiative. Ainsi au Vatican, des discussions fructueuses ont eu lieu avec Monseigneur Paul Gallagher, num\u00e9ro 2 du Saint siege de l\u2019\u00e9glise et le Cardinal Koovakad.<\/strong><\/p>\n\n\n\n<p>Et en Isra\u00ebl, le Khalife et sa suite ont rencontr\u00e9 le vice-ministre des Affaires \u00e9trang\u00e8res et le Pr\u00e9sident Isra\u00eblien, Isaac Herzog, renseigne Bachir Mbengue, assitant du khalife de Bambilor. Ce dernier rappelle que le khalife a toujours travaill\u00e9 pour une confraternit\u00e9 religieuse et humaine: \u201cil a travaill\u00e9 sur des \u00e9v\u00e9nements qui ont conduit \u00e0 montrer et vulgariser pour ne pas dire le dialogue interreligieux mais le dialogue interreligieux. Cette entente est aujourd\u2019hui symbolis\u00e9e par la pr\u00e9sence de toutes les confessions musulmanes du S\u00e9n\u00e9gal. Aujourd\u2019hui, le S\u00e9n\u00e9gal est l\u00e0, repr\u00e9sent\u00e9e par sa diversit\u00e9 de la religion musulmane par les confr\u00e9ries tidianes, notamment la famille de Tivaouane, la famille de Thianaba et la famille Omarienne.<\/p>\n\n\n\n<p>La communaut\u00e9 mouride est ici repr\u00e9sent\u00e9e, le S\u00e9n\u00e9gal est l\u00e0 parce que la communaut\u00e9 chr\u00e9tienne est repr\u00e9sent\u00e9e par P\u00e8re Zacharie de la congr\u00e9gation des Spiritins et P\u00e8re Alphonse Ndour de l\u2019\u00e9glise. Cel\u00e0 d\u00e9montre le travail que le khalife est en train de faire. Ce travail l\u00e0 c\u2019est de vendre l\u2019exception s\u00e9n\u00e9galaise. Cette exception qui se traduit par un vouloir vivre en commun des chr\u00e9tiens, des musulmans et des autorit\u00e9s. C\u2019est pourquoi, depuis quelques ann\u00e9es, les tourn\u00e9es \u00e9conomiques am\u00e9ricaines et asiatiques que le khalife entreprend s\u2019ouvrent particuli\u00e8rement \u00e0 Rome, au Saint si\u00e8ge, au Vatican. L\u00e0-bas, nous avons ce que l\u2019on appelle le Dicaster charg\u00e9 du dialogue interreligieux, c\u2019est l\u2019\u00e9quivalent des minist\u00e8res qui travaillent \u00e0 un dialogue interreligieux. C\u2019est pourquoi depuis 3 \u00e0 5 ans, le khalife ouvre sa tourn\u00e9e l\u00e0-bas et il est bien accueilli et les dialogues interreligieux font foi\u201d, a-t-il rappel\u00e9.<\/p>\n\n\n\n<p>Et pour instaurer la paix il dira qu\u2019il faut que les religieux de toute ob\u00e9dience se donnent la main et parlent ensemble: \u201cc\u2019est cela la diplomatie religieuse. C\u2019est cela qui a conduit \u00e0 une audience chez le Pape Fran\u00e7ois \u00e0 qui nous souhaitons prompt r\u00e9tablissement. Il faut rappeler que cette audience l\u00e0 a \u00e9t\u00e9 demand\u00e9e par le khalife et pas pour le khalife. L\u2019audience a \u00e9t\u00e9 demand\u00e9e pour que l\u2019ensemble de la communaut\u00e9 musulmane s\u00e9n\u00e9galaise soit repr\u00e9sent\u00e9e et l\u2019ensemble de la communaut\u00e9 chr\u00e9tienne aussi. Au fil des relations \u00e9pistolaires, le cabinet a demand\u00e9 \u00e0 voir le khalife et poliment, le khalife a dit que \u201cje ne suis pas venu pour ma personne mais pour montrer et faire montrer la confraternit\u00e9 musulmane et chr\u00e9tienne qui se trouve au S\u00e9n\u00e9gal\u201d. Et c\u2019est ce qui a conduit pour une premi\u00e8re \u00e0 l\u2019invitation du cabinet du Pape au khalife pour venir assister \u00e0 ce que l\u2019on appelle une audience publique \u00e0 l\u2019autel du Saint Si\u00e8ge. Il y a eu plus de 5000 fid\u00e8les venus d\u2019horizons diverses et le khalife a remis symboliquement ce que l\u2019on appelle le \u201cTingad\u00e9\u201d, le chapeau peulh, au Pape.<\/p>\n\n\n\n<p>Suite \u00e0 cel\u00e0, le khalife a indiqu\u00e9 au Pape \u201cqu\u2019au S\u00e9n\u00e9gal nous avons un vouloir vivre en commun que je voudrais vous pr\u00e9senter parce que les musulmans, dans leur diversit\u00e9 vivent ensemble, les chr\u00e9tiens dans leur diversit\u00e9 vivent ensemble et il y a m\u00eame des cimeti\u00e8res communs\u201d. e<br>Et chemin faisant, apr\u00e8s la ziaara, le Pape a invit\u00e9 le khalife en respectant son vouloir, c\u2019est \u00e0 dire que toutes les communaut\u00e9s soient repr\u00e9sent\u00e9es. Ainsi le khalife a invit\u00e9 les khalifes g\u00e9n\u00e9raux au S\u00e9n\u00e9gal et le khalife g\u00e9n\u00e9ral des chr\u00e9tiens comme il aime bien le dire et chacun a donn\u00e9 son pl\u00e9nipotentiaire au khalife pour le repr\u00e9senter cet auguste rendez vous. Donc le khalife est parti avec ses partenaires\u201d, a-t-il rappel\u00e9 lors d\u2019un ndogou de presse organis\u00e9 ce jeudi.<\/p>\n\n\n\n<p>De son c\u00f4t\u00e9, le Maire de Bambilor qui faisait partie de la mission s\u2019est f\u00e9licit\u00e9 de s\u2019\u00eatre joint aux porteurs du dialogue interreligieux: \u201cc\u2019est un honneur pour nous, en tant que collectivit\u00e9 territoriale d\u2019accompagner le khalife par rapport \u00e0 sa vision. Le khalife d\u00e9passe Bambilor et sur ce nous, population de la commune de Bambilor devons \u00eatre les premiers \u00e0 porter ce dialogue interreligieux. L\u2019ensemble des communaut\u00e9s de la commune de Bambilor doit porter ce dialogue. Nous remercions les autorit\u00e9s chr\u00e9tiennes avec qui nous avons voyag\u00e9 \u00e0 Rome. Et je tiens \u00e0 dire au khalife que Bambilor doit \u00eatre unie pour porter ce projet dont la vision revient \u00e0 ce dernier et je rassure que la commune de Bambilor l\u2019accompagnera\u201d.<\/p>\n\n\n\n<p>Face \u00e0 la presse, le P\u00e8re Zacharie Guirane Dione, provinciale des spiritins, a soulign\u00e9 que le S\u00e9n\u00e9gal a quelque chose \u00e0 apprendre et \u00e0 offrir au monde: \u201cil y a un mod\u00e8le s\u00e9n\u00e9galais, il y a une force s\u00e9n\u00e9galaise que nous avons \u00e0 donner et \u00e0 offrir \u00e0 l\u2019humanit\u00e9 et ce mod\u00e8le l\u00e0 c\u2019est le vivre ensemble. Le khalife aime le dire, aujourd\u2019hui au S\u00e9n\u00e9gal, on ne parle plus de dialogue, on doit parler du vivre ensemble, de l\u2019entente s\u00e9n\u00e9galaise et c\u2019est parce que cette entente, nous l\u2019avons depuis les anc\u00eatres et Gallagher l\u2019a dit quand il parlait du Cardinal Thiandoum. Serigne Ahmadou Ahmadou Bamba, Serigne Abdoul Aziz Sy et d\u2019autres guides ont v\u00e9cu ici au temps des colons mais ils ont form\u00e9 un corps pour que cette vivre ensemble l\u00e0 puisse perdurer\u201d, a-t-il argument\u00e9 avant de se r\u00e9jouir de cette rencontre: \u201cnous sortons tr\u00e8s heureux de cette rencontre. Elle n\u2019a pas \u00e9t\u00e9 seulement une rencontre religieuse mais une rencontre intellectuelle parce que nous nous sommes rendus au PISAI (L\u2019Institut pontifical d\u2019\u00e9tudes arabes et d\u2019islamologie) qui est un institut scientifique qui a \u00e9t\u00e9 fond\u00e9 depuis une quarantaine d\u2019ann\u00e9e. Et cet institut l\u00e0 c\u2019est pour renseigner l\u2019islamologie et l\u2019arabe. Donc il y a des pr\u00eatres, des religieux et des religieuses, des chr\u00e9tiens qui apprennent l\u2019islam et qui apprennent aussi l\u2019arabe. Et dans cette intelligentcia de l\u2019islamologie, c\u2019est pour montrer que tout ce que l\u2019on dit sur l\u2019islam n\u2019est pas la v\u00e9rit\u00e9 mais dans l\u2019islam aussi on peut y trouver une voie de salut, c\u2019est une religion de paix, c\u2019est aussi une religion qui invite \u00e0 l\u2019unit\u00e9 et donc, les chr\u00e9tiens qui apprennent l\u2019islam l\u00e0-bas, cela leur permet aussi de pouvoir respecter l\u2019islam et de pouvoir aussi v\u00e9hiculer un langage qui soit juste\u201d.<\/p>\n\n\n\n<p>La rencontre avec la presse a \u00e9galement \u00e9t\u00e9 une occasion pour les partenaires Thierno Amadou Ba de lever un coin du voile sur les pr\u00e9paratifs d\u2019un Colloque International sur la diplomatie religieuse en avril prochain \u00e0 Dakar. Selon L\u2019enseignement chercher Dr Demba Thil\u00e9le Diallo, il s\u2019agit d\u2019un n projet international soutenu par le Vatican et Isra\u00ebl. A l\u2019en croire, la diplomatie religieuse refl\u00e8te des partenariats acad\u00e9miques pour former la prochaine g\u00e9n\u00e9ration de leaders interreligieux.<\/p>\n\n\n\n<p>\u201cOn doit tout faire pour que le travail des religieux qui a \u00e9t\u00e9 remarquable soit une r\u00e9f\u00e9rence. C\u2019est dans ce cadre qu\u2019il y a eu une collaboration entre le khalife et l\u2019universit\u00e9 qui proc\u00e9d\u00e9 \u00e0 la signature d\u2019une convention. \u201cToutes les actions que Thierno est en train de poser actuellement c\u2019est \u00e0 la suite de r\u00e9flexions tr\u00e8s pointues d\u2019une \u00e9quipe qui l\u2019accompagne. Les d\u00e9placements qu\u2019il fait, les voyages qu\u2019il fait,\u2026 d\u00e9coulent des lignes directives qui lui ont \u00e9t\u00e9 propos\u00e9es\u201d. Dans le cadre de cette convention, Dr Diallo renseigne qu\u2019il a \u00e9t\u00e9 demand\u00e9 au khalife de Bambilor d\u2019organiser des colloques internationales sur la diplomatie religieuse: \u201cil y a eu beaucoup de colloques de ce genre. Donc, sur le plan de la diplomatie religieuse, en tant que colloque qui cherche \u00e0 faire un cadrage \u00e9pist\u00e9mologique et poser les enjeux et les d\u00e9fis de cette discipline r\u00e9cente si je peux le dire ainsi. Donc, c\u2019est une premi\u00e8re\u201d, a-t-il expliqu\u00e9 avant d\u2019inviter les S\u00e9n\u00e9galais \u00e0 les aider \u00e0 accomplir cette noble mission. \u201cCertes c\u2019est Thierno et l\u2019universit\u00e9 qui ont initi\u00e9 ce travail l\u00e0, mais ils ne peuvent rien faire sans l\u2019appui de la communaut\u00e9 de Bambilor, sans l\u2019appui des s\u00e9n\u00e9galais et de tout le monde\u201d, a-t-il soulign\u00e9.<\/p>\n\n\n\n<p>SOURCE SUDQUOTIDIEN<\/p>\n","protected":false},"excerpt":{"rendered":"<p>Une mission compos\u00e9e de repr\u00e9sentants religieux, de responsables de foyers, ainsi que de membres de la communaut\u00e9 universitaire, sous la<\/p>\n","protected":false},"author":1,"featured_media":53695,"comment_status":"open","ping_status":"open","sticky":false,"template":"","format":"standard","meta":{"footnotes":""},"categories":[21],"tags":[],"class_list":["post-53694","post","type-post","status-publish","format-standard","has-post-thumbnail","hentry","category-societe"],"_links":{"self":[{"href":"https:\/\/dekkbi.com\/index.php?rest_route=\/wp\/v2\/posts\/53694","targetHints":{"allow":["GET"]}}],"collection":[{"href":"https:\/\/dekkbi.com\/index.php?rest_route=\/wp\/v2\/posts"}],"about":[{"href":"https:\/\/dekkbi.com\/index.php?rest_route=\/wp\/v2\/types\/post"}],"author":[{"embeddable":true,"href":"https:\/\/dekkbi.com\/index.php?rest_route=\/wp\/v2\/users\/1"}],"replies":[{"embeddable":true,"href":"https:\/\/dekkbi.com\/index.php?rest_route=%2Fwp%2Fv2%2Fcomments&post=53694"}],"version-history":[{"count":1,"href":"https:\/\/dekkbi.com\/index.php?rest_route=\/wp\/v2\/posts\/53694\/revisions"}],"predecessor-version":[{"id":53696,"href":"https:\/\/dekkbi.com\/index.php?rest_route=\/wp\/v2\/posts\/53694\/revisions\/53696"}],"wp:featuredmedia":[{"embeddable":true,"href":"https:\/\/dekkbi.com\/index.php?rest_route=\/wp\/v2\/media\/53695"}],"wp:attachment":[{"href":"https:\/\/dekkbi.com\/index.php?rest_route=%2Fwp%2Fv2%2Fmedia&parent=53694"}],"wp:term":[{"taxonomy":"category","embeddable":true,"href":"https:\/\/dekkbi.com\/index.php?rest_route=%2Fwp%2Fv2%2Fcategories&post=53694"},{"taxonomy":"post_tag","embeddable":true,"href":"https:\/\/dekkbi.com\/index.php?rest_route=%2Fwp%2Fv2%2Ftags&post=53694"}],"curies":[{"name":"wp","href":"https:\/\/api.w.org\/{rel}","templated":true}]}}