{"id":53691,"date":"2025-03-21T14:48:57","date_gmt":"2025-03-21T14:48:57","guid":{"rendered":"https:\/\/dekkbi.com\/?p=53691"},"modified":"2025-03-21T14:48:58","modified_gmt":"2025-03-21T14:48:58","slug":"diamniadio-convention-etat-employeurs-prives-la-direction-de-lemploi-table-sur-3500-enrolements","status":"publish","type":"post","link":"https:\/\/dekkbi.com\/?p=53691","title":{"rendered":"Diamniadio \u2013 Convention Etat-employeurs priv\u00e9s : La Direction de l\u2019emploi table sur 3500 enr\u00f4lements"},"content":{"rendered":"\n<p><strong>Dans le cadre de la Convention Etat-employeurs, le gouvernement a d\u00e9cid\u00e9 d\u2019enr\u00f4ler plus de 3500 jeunes dans le march\u00e9 de l\u2019emploi. En outre, le patronat a demand\u00e9 le toilettage de la convention qui date de 25 ans.<\/strong><\/p>\n\n\n\n<p>Par Alioune Badara NDIAYE \u2013\u00a0Le directeur de l\u2019Emploi, Babacar Sy, a sign\u00e9, jeudi, au nom de Abass Fall, Ministre du travail, de l\u2019emploi et des relations avec les institutions (Mteri), des conventions de partenariat avec des repr\u00e9sentants du patronat dans le cadre de la Convention nationale Etat-employeurs priv\u00e9s (Cnees).<\/p>\n\n\n\n<p> La rencontre, pr\u00e9sid\u00e9e par le Secr\u00e9taire g\u00e9n\u00e9ral du Mteri, Abdoulaye Gu\u00e8ye, s\u2019est tenue \u00e0 la Sph\u00e8re minist\u00e9rielle Habib Thiam.\u00a0\u00abCette ann\u00e9e, on envisage d\u2019enr\u00f4ler 3500 jeunes dans le march\u00e9 de l\u2019emploi. <\/p>\n\n\n\n<p>C\u2019est en fonction des pr\u00e9visions budg\u00e9taires qui sont mises \u00e0 notre disposition. On veut aussi faire en sorte que le maillage du territoire soit respect\u00e9, conform\u00e9ment \u00e0 la Strat\u00e9gie nationale de d\u00e9veloppement qui, en son Axe 2, parle d\u2019\u00e9quit\u00e9 sociale\u00bb,\u00a0a en effet relev\u00e9 Babacar Sy. La signature des conventions traduit, selon Abdoulaye Gu\u00e8ye, la volont\u00e9 de proc\u00e9der, cette ann\u00e9e, au renforcement des capacit\u00e9s, \u00e0 l\u2019am\u00e9lioration de l\u2019efficacit\u00e9 des dispositifs d\u2019accompagnement d\u2019organisations professionnelles et \u00e0 la d\u00e9multiplication des s\u00e9jours en entreprise pour les jeunes cibl\u00e9s. <\/p>\n\n\n\n<p>M. Gu\u00e8ye a rappel\u00e9 au menu des innovations, la mise sur pied d\u2019une plateforme digitale pour faciliter l\u2019acc\u00e8s \u00e0 la convention \u00e0 tous les jeunes dipl\u00f4m\u00e9s et qualifi\u00e9s \u00e0 travers les diff\u00e9rentes r\u00e9gions du pays. \u00abC\u2019est pour permettre \u00e0 tout jeune qui se trouve dans le pays, d\u2019avoir la possibilit\u00e9 d\u2019acc\u00e9der \u00e0 la convention. On n\u2019a plus besoin de se d\u00e9placer pour l\u2019enr\u00f4lement qui peut se faire partout dans le pays\u00bb, a-t-il dit, rappelant que ceci s\u2019inscrit dans la volont\u00e9 de l\u2019Etat de territorialiser les politiques d\u2019emploi. <\/p>\n\n\n\n<p>MM. Sy et Gu\u00e8ye, tout comme le repr\u00e9sentant du Conseil national du patronat (Cnp) \u00e0 la c\u00e9r\u00e9monie, Malick Gu\u00e8ye, ont mis sur la table la n\u00e9cessit\u00e9 d\u2019une mise \u00e0 jour de la convention pour plus d\u2019attractivit\u00e9. \u00abLa convention date de 25 ans, il est n\u00e9cessaire de la mettre \u00e0 jour parce que les choses ont \u00e9volu\u00e9 depuis lors\u00bb, a pos\u00e9 le membre de l\u2019organisation patronale, appelant aussi \u00e0 la revalorisation de la contribution de l\u2019Etat. Celle-ci est en effet de 5 milliards de francs cette ann\u00e9e contre 10 milliards les deux derni\u00e8res ann\u00e9es. <\/p>\n\n\n\n<p>\u00abLe Pr\u00e9sident Macky Sall avait annonc\u00e9 la porter \u00e0 15 milliards sans jamais le faire. M\u00eame si on n\u2019y arrive pas (15 milliards), qu\u2019on reste \u00e0 10 milliards, parce que les attentes sont grandes\u00bb, a soulign\u00e9 un autre membre du Cnp, assurant qu\u2019il serait difficile d\u2019atteindre les objectifs avec cette contribution de 5 milliards de l\u2019Etat.<\/p>\n\n\n\n<p><strong>abndiaye@lequotidien.sn<\/strong><\/p>\n","protected":false},"excerpt":{"rendered":"<p>Dans le cadre de la Convention Etat-employeurs, le gouvernement a d\u00e9cid\u00e9 d\u2019enr\u00f4ler plus de 3500 jeunes dans le march\u00e9 de<\/p>\n","protected":false},"author":1,"featured_media":53692,"comment_status":"open","ping_status":"open","sticky":false,"template":"","format":"standard","meta":{"footnotes":""},"categories":[3],"tags":[],"class_list":["post-53691","post","type-post","status-publish","format-standard","has-post-thumbnail","hentry","category-event-more-news"],"_links":{"self":[{"href":"https:\/\/dekkbi.com\/index.php?rest_route=\/wp\/v2\/posts\/53691","targetHints":{"allow":["GET"]}}],"collection":[{"href":"https:\/\/dekkbi.com\/index.php?rest_route=\/wp\/v2\/posts"}],"about":[{"href":"https:\/\/dekkbi.com\/index.php?rest_route=\/wp\/v2\/types\/post"}],"author":[{"embeddable":true,"href":"https:\/\/dekkbi.com\/index.php?rest_route=\/wp\/v2\/users\/1"}],"replies":[{"embeddable":true,"href":"https:\/\/dekkbi.com\/index.php?rest_route=%2Fwp%2Fv2%2Fcomments&post=53691"}],"version-history":[{"count":1,"href":"https:\/\/dekkbi.com\/index.php?rest_route=\/wp\/v2\/posts\/53691\/revisions"}],"predecessor-version":[{"id":53693,"href":"https:\/\/dekkbi.com\/index.php?rest_route=\/wp\/v2\/posts\/53691\/revisions\/53693"}],"wp:featuredmedia":[{"embeddable":true,"href":"https:\/\/dekkbi.com\/index.php?rest_route=\/wp\/v2\/media\/53692"}],"wp:attachment":[{"href":"https:\/\/dekkbi.com\/index.php?rest_route=%2Fwp%2Fv2%2Fmedia&parent=53691"}],"wp:term":[{"taxonomy":"category","embeddable":true,"href":"https:\/\/dekkbi.com\/index.php?rest_route=%2Fwp%2Fv2%2Fcategories&post=53691"},{"taxonomy":"post_tag","embeddable":true,"href":"https:\/\/dekkbi.com\/index.php?rest_route=%2Fwp%2Fv2%2Ftags&post=53691"}],"curies":[{"name":"wp","href":"https:\/\/api.w.org\/{rel}","templated":true}]}}