{"id":53686,"date":"2025-03-21T14:43:07","date_gmt":"2025-03-21T14:43:07","guid":{"rendered":"https:\/\/dekkbi.com\/?p=53686"},"modified":"2025-03-21T14:43:07","modified_gmt":"2025-03-21T14:43:07","slug":"interpretation-de-la-loi-damnistie-la-lecture-expliquee-de-pastef","status":"publish","type":"post","link":"https:\/\/dekkbi.com\/?p=53686","title":{"rendered":"Interpr\u00e9tation de la loi d\u2019amnistie : La lecture expliqu\u00e9e de Pastef"},"content":{"rendered":"\n<p><strong>Le Groupe parlementaire Pastef\/Les Patriotes a tenu \u00e0 apporter des pr\u00e9cisions sur la proposition de la loi interpr\u00e9tative de la loi d\u2019amnistie, en cherchant \u00e0 balayer toute confusion que ceux qui la critiquent tentent d\u2019entretenir. Son interpr\u00e9tation, selon le d\u00e9put\u00e9 Amadou B\u00e2, cherche \u00e0 d\u00e9finir le champ d\u2019application de cette loi dont certains faits et actes ne doivent pas \u00eatre couverts.<\/strong><\/p>\n\n\n\n<p><strong>Par Amadou MBODJI \u2013&nbsp;<\/strong>Le Groupe parlementaire Pastef\/Les Patriotes a tenu une conf\u00e9rence de presse hier pour apporter des pr\u00e9cisions par rapport \u00e0 la loi d\u2019amnistie, en expliquant les raisons de son interpr\u00e9tation. Laquelle interpr\u00e9tation tient \u00e0 une volont\u00e9, selon eux, de pr\u00e9ciser son champ d\u2019application, en r\u00e9futant, souligne Amadou B\u00e2 son initiateur, les \u00abcrimes de sang\u00bb, les \u00abcrimes de torture\u00bb et les \u00abtraitements d\u00e9gradants et inhumains\u00bb qui, selon les d\u00e9put\u00e9s, ne doivent pas \u00eatre amnisti\u00e9s. C\u2019est une mani\u00e8re, selon le d\u00e9put\u00e9 Amadou B\u00e2, au S\u00e9n\u00e9gal, de se conformer aux conventions internationales ratifi\u00e9es dont la Convention des droits de l\u2019Homme. Pour lui, son camp ne \u00abcherche \u00e0 prot\u00e9ger personne\u00bb en interpr\u00e9tant cette loi d\u2019amnistie.<\/p>\n\n\n\n<p>Ayib Daff\u00e9, pr\u00e9sident du Groupe Pastef\/Les Patriotes, y va de ses \u00e9clairages aussi suite aux critiques que cette loi a suscit\u00e9es. Cette proposition de loi interpr\u00e9tative vise \u00e0 traduire en Justice \u00ables commanditaires politiques d\u2019actes d\u00e9lictueux\u00bb, a tenu ainsi \u00e0 clarifier Ayib Daff\u00e9 pour balayer les&nbsp;&nbsp;confusions entourant la proposition de loi interpr\u00e9tative de la loi d\u2019amnistie port\u00e9e par le vice-pr\u00e9sident de l\u2019Assembl\u00e9e nationale Amadou B\u00e2. \u00abOn assiste \u00e0 une manipulation qu\u2019il faut stopper. C\u2019est tout l\u2019enjeu de cette sortie\u00bb, encha\u00eene Ayib Daff\u00e9 pour convaincre de l\u2019engagement du parti Pastef au service du Peuple.&nbsp;\u00abEn tant que repr\u00e9sentants du Peuple, nous sommes d\u00e9termin\u00e9s \u00e0 remplir pleinement notre mission\u00bb, a-t-il assur\u00e9, pr\u00e9sentant cette proposition comme une preuve de leur implication.<\/p>\n\n\n\n<p>La proposition de loi interpr\u00e9tative de la loi d\u2019amnistie sera examin\u00e9e \u00e0 l\u2019Assembl\u00e9e nationale aujourd\u2019hui en commission, avant de faire l\u2019objet d\u2019un d\u00e9bat le 2 avril prochain. Apr\u00e8s son passage \u00e0 l\u2019Assembl\u00e9e nationale pour les besoins de sa D\u00e9claration de politique g\u00e9n\u00e9rale (Dpg), le Pm Ousmane Sonko s\u2019appr\u00eate \u00e0 en faire un autre le 10 avril prochain, pour r\u00e9pondre, avec l\u2019ensemble du gouvernement, aux questions d\u2019actualit\u00e9, selon Ayib Daff\u00e9.<\/p>\n\n\n\n<p>L\u2019initiative parlementaire du groupe de la majorit\u00e9 \u00e0 l\u2019Assembl\u00e9e nationale, par l\u2019entremise d\u2019un de ses \u00e9minents membres, le d\u00e9put\u00e9 Amadou B\u00e2, ne rencontre pas l\u2019assentiment de l\u2019opposition et de bon nombre de nos concitoyens. Au sein de l\u2019H\u00e9micycle, quand l\u2019id\u00e9e a \u00e9t\u00e9 \u00e9mise, lors d\u2019un passage devant les repr\u00e9sentants du Peuple, par le Garde des sceaux, ministre de la Justice, Ousmane Diagne, ce dernier avait vu la pr\u00e9sidente du Groupe parlementaire Takku Wallu Senegaal, Me A\u00efssata Tall Sall, s\u2019insurger contre la volont\u00e9 du pouvoir de remettre en cause partiellement la loi d\u2019amnistie de 2024. La parlementaire les avait mis en garde contre une abrogation de ce texte de loi, en les invitant \u00e0 assumer leurs responsabilit\u00e9s \u00e0 l\u2019avenir.<\/p>\n\n\n\n<p>Mardi dernier, le mouvement \u00abY\u2019en a marre\u00bb a grossi les rangs des contestataires de la fameuse proposition de loi d\u2019interpr\u00e9tation de la loi d\u2019amnistie. Cyril Tour\u00e9 alias Thiat et ses camarades ont mis le parti Pastef devant ses contradictions. Ils ont rappel\u00e9 au Premier ministre Ousmane Sonko son engagement \u00e9lectoral d\u2019abroger la loi d\u2019amnistie une fois \u00e9lu par le Peuple. Ainsi, pour Thiat et ses camarades, l\u2019heure est venue pour le r\u00e9gime de mettre en \u0153uvre sa volont\u00e9 exprim\u00e9e \u00e0 l\u2019\u00e9poque devant les \u00e9lecteurs, lors des campagnes \u00e9lectorales de la Pr\u00e9sidentielle et des L\u00e9gislatives de 2024.<\/p>\n\n\n\n<p><strong>ambodji@lequotidien.sn<\/strong><\/p>\n","protected":false},"excerpt":{"rendered":"<p>Le Groupe parlementaire Pastef\/Les Patriotes a tenu \u00e0 apporter des pr\u00e9cisions sur la proposition de la loi interpr\u00e9tative de la<\/p>\n","protected":false},"author":1,"featured_media":52704,"comment_status":"open","ping_status":"open","sticky":false,"template":"","format":"standard","meta":{"footnotes":""},"categories":[6],"tags":[],"class_list":["post-53686","post","type-post","status-publish","format-standard","has-post-thumbnail","hentry","category-politics"],"_links":{"self":[{"href":"https:\/\/dekkbi.com\/index.php?rest_route=\/wp\/v2\/posts\/53686","targetHints":{"allow":["GET"]}}],"collection":[{"href":"https:\/\/dekkbi.com\/index.php?rest_route=\/wp\/v2\/posts"}],"about":[{"href":"https:\/\/dekkbi.com\/index.php?rest_route=\/wp\/v2\/types\/post"}],"author":[{"embeddable":true,"href":"https:\/\/dekkbi.com\/index.php?rest_route=\/wp\/v2\/users\/1"}],"replies":[{"embeddable":true,"href":"https:\/\/dekkbi.com\/index.php?rest_route=%2Fwp%2Fv2%2Fcomments&post=53686"}],"version-history":[{"count":1,"href":"https:\/\/dekkbi.com\/index.php?rest_route=\/wp\/v2\/posts\/53686\/revisions"}],"predecessor-version":[{"id":53687,"href":"https:\/\/dekkbi.com\/index.php?rest_route=\/wp\/v2\/posts\/53686\/revisions\/53687"}],"wp:featuredmedia":[{"embeddable":true,"href":"https:\/\/dekkbi.com\/index.php?rest_route=\/wp\/v2\/media\/52704"}],"wp:attachment":[{"href":"https:\/\/dekkbi.com\/index.php?rest_route=%2Fwp%2Fv2%2Fmedia&parent=53686"}],"wp:term":[{"taxonomy":"category","embeddable":true,"href":"https:\/\/dekkbi.com\/index.php?rest_route=%2Fwp%2Fv2%2Fcategories&post=53686"},{"taxonomy":"post_tag","embeddable":true,"href":"https:\/\/dekkbi.com\/index.php?rest_route=%2Fwp%2Fv2%2Ftags&post=53686"}],"curies":[{"name":"wp","href":"https:\/\/api.w.org\/{rel}","templated":true}]}}