{"id":53677,"date":"2025-03-21T14:36:38","date_gmt":"2025-03-21T14:36:38","guid":{"rendered":"https:\/\/dekkbi.com\/?p=53677"},"modified":"2025-03-21T14:36:39","modified_gmt":"2025-03-21T14:36:39","slug":"le-premier-ministre-ousmane-sonko-a-koumpentoum-le-progress-va-favoriser-la-creation-dun-ecosysteme-propice-au-developpement-des-pme","status":"publish","type":"post","link":"https:\/\/dekkbi.com\/?p=53677","title":{"rendered":"Le Premier ministre Ousmane Sonko \u00e0 Koumpentoum &#8211; \u00ab\u00a0Le Progress va favoriser la cr\u00e9ation d\u2019un \u00e9cosyst\u00e8me propice au d\u00e9veloppement des Pme\u00a0\u00bb"},"content":{"rendered":"\n<p><strong>Le &nbsp;Programme d\u2019appui aux acteurs de l\u2019\u00e9conomie sociale et solidaire (Progress) va favoriser la cr\u00e9ation d\u2019un \u00e9cosyst\u00e8me propice au d\u00e9veloppement des micros, ainsi que des moyennes entreprises qui poursuivent \u00e0 la fois des objectifs \u00e9conomiques et sociaux. C\u2019est ce qu\u2019a soulign\u00e9, le Premier ministre, Ousmane Sonko, vendredi, lors du lancement de ce projet \u00e0 Koumpentoum.<\/strong><\/p>\n\n\n\n<p>\u00ab&nbsp;Nous magnifions cette c\u00e9r\u00e9monie qui consacre d\u2019une part le lancement officiel du Programme d\u2019appui aux acteurs de l\u2019\u00e9conomie sociale et solidaire (Progress) et d\u2019autre part le lancement des Coop\u00e9ratives productives solidaires, repr\u00e9sentant de v\u00e9ritables leviers d\u2019appui au d\u00e9veloppement des terroirs au S\u00e9n\u00e9gal. Cette nouvelle ambition repose sur notre conviction forte que l\u2019\u00e9conomie sociale et solidaire constitue une excellente opportunit\u00e9 de d\u00e9velopper nos terroirs\u00bb, a dit le Premier ministre du S\u00e9n\u00e9gal, Ousmane Sonko.<\/p>\n\n\n\n<p>En r\u00e9alit\u00e9, souligne le chef du gouvernement, son \u00e9quipe porte \u00ab&nbsp;beaucoup d\u2019espoir&nbsp;\u00bb quant \u00e0 la capacit\u00e9 de ce programme \u00e0 impacter, et ce, de \u00ab&nbsp;fa\u00e7on durable&nbsp;\u00bb, les conditions de vie de leurs concitoyens. Car, affirme-t-il, l\u2019\u00e9conomie sociale et solidaire s\u2019est positionn\u00e9e comme un \u00abpuissant instrument&nbsp;\u00bb de politique de transformation socio-\u00e9conomique. Et, c\u2019est pourquoi, elle occupe une place de choix dans la strat\u00e9gie nationale d\u00e9veloppement 2025-2029. Cette approche a fait des r\u00e9sultats dans le monde, parce que les donn\u00e9es de terrain et les retours d\u2019exp\u00e9rience le montrent.<\/p>\n\n\n\n<p>Sur ce, le Premier ministre a relev\u00e9 que l\u2019\u00e9conomie sociale et solidaire permet aux acteurs d\u2019\u00eatre suffisamment outill\u00e9s pour \u00eatre comp\u00e9titifs, en disposant de m\u00e9canismes internes comme externes qui favorisent la cr\u00e9ation de richesses par des emplois d\u00e9cents et durables. C\u2019est la raison pour laquelle le gouvernement, par le biais du minist\u00e8re de la Microfinance et de l\u2019Economie sociale et solidaire, a mis en place le Progress qui vise la formalisation, l\u2019encadrement, la structuration et l\u2019appui technique et financier des acteurs de l\u2019\u00e9conomie sociale et solidaire, afin de valoriser le potentiel \u00e9conomique des terroirs.<\/p>\n\n\n\n<p>\u00ab&nbsp;Ce programme dont la vocation est la transformation inclusive va ainsi favoriser la cr\u00e9ation d\u2019un \u00e9cosyst\u00e8me propice au d\u00e9veloppement des micros, ainsi que des moyennes entreprises qui poursuivent \u00e0 la fois des objectifs \u00e9conomiques et sociaux&nbsp;\u00bb, a-t-il ajout\u00e9.<\/p>\n\n\n\n<p><strong>Une discrimination positive en faveur des personnes vivant avec un handicap<\/strong><\/p>\n\n\n\n<p>D\u00e8s lors, Ousmane Sonko souligne que le Progress va permettre aux acteurs du circuit social et solidaire d\u2019acc\u00e9der durablement \u00e0 des emplois d\u00e9cents, au march\u00e9 et au financement, dans le but d\u2019inscrire leurs activit\u00e9s dans la dur\u00e9e. C\u2019est pourquoi le programme a pour cible les groupements de femmes, les GIE agricoles, dans le processus de transformation, les petites et moyennes entreprises artisanales port\u00e9es par les jeunes, les services, les exploitations familiales, les associations, les mutuelles, les soci\u00e9t\u00e9s coop\u00e9ratives et les entreprises sociales.<\/p>\n\n\n\n<p>\u00ab&nbsp;Le Progress, bien s\u00fbr, tient compte des grandes vuln\u00e9rabilit\u00e9s qui touchent certaines couches, particuli\u00e8rement les jeunes et les femmes, et aura \u00e0 c\u0153ur d\u2019int\u00e9grer les dimensions sociales sp\u00e9cifiques. Je tiens \u00e0 souligner qu\u2019une plus grande, une tr\u00e8s grande discrimination sera consacr\u00e9e en faveur des personnes \u00e0 mobilit\u00e9 r\u00e9duite&nbsp;\u00bb, a-t-il fait savoir.<\/p>\n\n\n\n<p>Ainsi, il notifie que les villes cibl\u00e9es avec ce programmes sont notamment, Saint-Louis, K\u00e9dougou, Kolda, Tamba, Matam, Podor et Ziguinchor, afin de mat\u00e9rialiser l\u2019\u00e9quit\u00e9 territoriale dans les politiques publiques d\u00e9clin\u00e9es dans la vision 2050.<\/p>\n\n\n\n<p><strong>Mariama DIEME<\/strong><\/p>\n\n\n\n<p>LESOLEIL<\/p>\n","protected":false},"excerpt":{"rendered":"<p>Le &nbsp;Programme d\u2019appui aux acteurs de l\u2019\u00e9conomie sociale et solidaire (Progress) va favoriser la cr\u00e9ation d\u2019un \u00e9cosyst\u00e8me propice au d\u00e9veloppement<\/p>\n","protected":false},"author":1,"featured_media":53678,"comment_status":"open","ping_status":"open","sticky":false,"template":"","format":"standard","meta":{"footnotes":""},"categories":[6],"tags":[],"class_list":["post-53677","post","type-post","status-publish","format-standard","has-post-thumbnail","hentry","category-politics"],"_links":{"self":[{"href":"https:\/\/dekkbi.com\/index.php?rest_route=\/wp\/v2\/posts\/53677","targetHints":{"allow":["GET"]}}],"collection":[{"href":"https:\/\/dekkbi.com\/index.php?rest_route=\/wp\/v2\/posts"}],"about":[{"href":"https:\/\/dekkbi.com\/index.php?rest_route=\/wp\/v2\/types\/post"}],"author":[{"embeddable":true,"href":"https:\/\/dekkbi.com\/index.php?rest_route=\/wp\/v2\/users\/1"}],"replies":[{"embeddable":true,"href":"https:\/\/dekkbi.com\/index.php?rest_route=%2Fwp%2Fv2%2Fcomments&post=53677"}],"version-history":[{"count":1,"href":"https:\/\/dekkbi.com\/index.php?rest_route=\/wp\/v2\/posts\/53677\/revisions"}],"predecessor-version":[{"id":53679,"href":"https:\/\/dekkbi.com\/index.php?rest_route=\/wp\/v2\/posts\/53677\/revisions\/53679"}],"wp:featuredmedia":[{"embeddable":true,"href":"https:\/\/dekkbi.com\/index.php?rest_route=\/wp\/v2\/media\/53678"}],"wp:attachment":[{"href":"https:\/\/dekkbi.com\/index.php?rest_route=%2Fwp%2Fv2%2Fmedia&parent=53677"}],"wp:term":[{"taxonomy":"category","embeddable":true,"href":"https:\/\/dekkbi.com\/index.php?rest_route=%2Fwp%2Fv2%2Fcategories&post=53677"},{"taxonomy":"post_tag","embeddable":true,"href":"https:\/\/dekkbi.com\/index.php?rest_route=%2Fwp%2Fv2%2Ftags&post=53677"}],"curies":[{"name":"wp","href":"https:\/\/api.w.org\/{rel}","templated":true}]}}