{"id":53668,"date":"2025-03-20T10:53:05","date_gmt":"2025-03-20T10:53:05","guid":{"rendered":"https:\/\/dekkbi.com\/?p=53668"},"modified":"2025-03-20T10:53:06","modified_gmt":"2025-03-20T10:53:06","slug":"des-manifestants-defient-netanyahu-a-jerusalem","status":"publish","type":"post","link":"https:\/\/dekkbi.com\/?p=53668","title":{"rendered":"Des manifestants d\u00e9fient Netanyahu \u00e0 J\u00e9rusalem"},"content":{"rendered":"\n<p>Par Ruth EGLASH  &#8211; \u00a9 2025 AFP &#8211; Munis de tambours et de cornes de brume, plusieurs milliers de manifestants se sont rassembl\u00e9s mercredi pr\u00e8s de la r\u00e9sidence priv\u00e9e du Premier ministre isra\u00e9lien Benjamin Netanyahu \u00e0 J\u00e9rusalem pour protester contre sa politique qu&rsquo;ils jugent anti-d\u00e9mocratique.<\/p>\n\n\n\n<p>\u00ab\u00a0Nous avons tous \u00e9t\u00e9 pris en otage par un gouvernement sanguinaire\u00a0\u00bb, scandaient certains manifestants quand d&rsquo;autres appelaient \u00e0 la d\u00e9mission du Premier ministre.<\/p>\n\n\n\n<p>\u00ab\u00a0Tu es le chef, c&rsquo;est toi qui es responsable de cette catastrophe\u00a0\u00bb, criaient-ils, faisant r\u00e9f\u00e9rence \u00e0 sa responsabilit\u00e9 \u00e0 emp\u00eacher l&rsquo;attaque du Hamas dans le sud d&rsquo;Isra\u00ebl qui a d\u00e9clench\u00e9 le 7 octobre 2023 la guerre \u00e0 Gaza.<\/p>\n\n\n\n<p>Apr\u00e8s deux mois de tr\u00eave, Isra\u00ebl avait lanc\u00e9 dans la nuit de lundi \u00e0 mardi des frappes a\u00e9riennes sur la bande de Gaza, parmi les plus meurtri\u00e8res depuis le d\u00e9but de la guerre, affirmant que la reprise des op\u00e9rations militaires \u00e9tait \u00ab\u00a0indispensable\u00a0\u00bb pour assurer la lib\u00e9ration des otages encore aux mains du Hamas.<\/p>\n\n\n\n<p>De nombreux manifestants portaient des banderoles appelant \u00e0 la fin de la guerre et \u00e0 la lib\u00e9ration des otages.<\/p>\n\n\n\n<p>\u00ab\u00a0Nous voulons qu&rsquo;il (Netanyahu) sache que la chose la plus importante est de r\u00e9cup\u00e9rer les otages\u00a0\u00bb, a d\u00e9clar\u00e9 \u00e0 l&rsquo;AFP Nehama Krysler, 67 ans, pour expliquer sa pr\u00e9sence \u00e0 la manifestation.<\/p>\n\n\n\n<p>En donnant son feu vert \u00e0 l&rsquo;op\u00e9ration nocturne, les proches des otages estiment que le Premier ministre a \u00ab\u00a0sacrifi\u00e9\u00a0\u00bb les captifs qui ont peut-\u00eatre \u00e9t\u00e9 aussi victimes des bombardements.<\/p>\n\n\n\n<h2 class=\"wp-block-heading\">\u00ab\u00a0Aucune limite\u00a0\u00bb<\/h2>\n\n\n\n<p>Sur les 251 personnes enlev\u00e9es durant l&rsquo;attaque du Hamas le 7-Octobre, 58 restent retenues en captivit\u00e9 \u00e0 Gaza dont 34 ont \u00e9t\u00e9 d\u00e9clar\u00e9es mortes par l&rsquo;arm\u00e9e isra\u00e9lienne.<\/p>\n\n\n\n<p>Arriv\u00e9s de tout le pays, les manifestants ont march\u00e9 dans les rues de J\u00e9rusalem d\u00e8s le matin. Ils se sont rassembl\u00e9s devant le Parlement, puis se sont assis dans la rue Azza (Gaza en h\u00e9breu), aussi pr\u00e8s que possible de la r\u00e9sidence de M. Netanyahu prot\u00e9g\u00e9e par les forces de s\u00e9curit\u00e9 pr\u00e9sentes en nombre.<\/p>\n\n\n\n<p>Dans la soir\u00e9e, certains ont allum\u00e9 des feus, rapidement \u00e9teint par la police, sur la voie publique.<\/p>\n\n\n\n<p>La police a annonc\u00e9 l&rsquo;arrestation de douze manifestants pour trouble \u00e0 l&rsquo;ordre publique et agression contre des civils et des policiers.<\/p>\n\n\n\n<p>La manifestation -\u00e0 l&rsquo;appel d&rsquo;une large coalition de groupes oppos\u00e9s \u00e0 M. Netanyahu- a \u00e9t\u00e9 organis\u00e9e pour protester contre la d\u00e9cision du Premier ministre de limoger Ronen Bar, le patron du Shin Bet, l&rsquo;agence de s\u00e9curit\u00e9 int\u00e9rieure.<\/p>\n\n\n\n<p>Les manifestants accusent aussi M. Netanyahu de profiter de la guerre contre le mouvement islamiste palestinien pour faire taire les critiques internes et concentrer le pouvoir dans les mains de l&rsquo;ex\u00e9cutif.<\/p>\n\n\n\n<p>Un projet de r\u00e9forme judiciaire, visant \u00e0 rogner les pr\u00e9rogatives de la Cour supr\u00eame, avait provoqu\u00e9 d\u00e9but 2023 une mobilisation monstre qui avait divis\u00e9 le pays.<\/p>\n\n\n\n<p>\u00ab\u00a0Ils veulent encore changer le syst\u00e8me judiciaire parce qu&rsquo;ils veulent pouvoir faire ce qu&rsquo;ils veulent sans aucune limite\u00a0\u00bb, a expliqu\u00e9 Raffi Lipkin, 76 ans, venu de Tel-Aviv.<\/p>\n\n\n\n<h2 class=\"wp-block-heading\">\u00ab\u00a0Notre d\u00e9mocratie menac\u00e9e\u00a0\u00bb<\/h2>\n\n\n\n<p>\u00ab\u00a0Notre d\u00e9mocratie est menac\u00e9e par ce gouvernement\u00a0\u00bb, ajoute M. Lipkin.<\/p>\n\n\n\n<p>Le chef de l&rsquo;opposition et ex-Premier ministre, Ya\u00efr Lapid, s&rsquo;est joint \u00e0 la mobilisation, affirmant qu&rsquo;il \u00e9tait \u00ab\u00a0venu dire au monde ce qui arrive \u00e0 notre d\u00e9mocratie.\u00a0\u00bb<\/p>\n\n\n\n<p>Auparavant, il avait d\u00e9nonc\u00e9 un gouvernement \u00ab\u00a0ill\u00e9gitime\u00a0\u00bb. \u00ab\u00a0C&rsquo;est pour cela que nous sortons dans les rues\u00a0\u00bb, a-t-il \u00e9crit sur X.<\/p>\n\n\n\n<p>Soulignant que le Premier ministre refuse l&rsquo;id\u00e9e d&rsquo;une commission d&rsquo;enqu\u00eate d&rsquo;Etat sur les \u00e9v\u00e9nements du 7-Octobre, l&rsquo;ancien d\u00e9put\u00e9 Eyal Ben-Reouven a affirm\u00e9 \u00e0 l&rsquo;AFP que M. Netanyahu devait d\u00e9missionner. \u00ab\u00a0Il a \u00e9chou\u00e9 et en restant au pouvoir, il nuit au pays et \u00e0 ses citoyens\u00a0\u00bb, a-t-il affirm\u00e9.<\/p>\n\n\n\n<p>\u00ab\u00a0Cette manifestation vise \u00e0 emp\u00eacher ce gouvernement d&rsquo;entra\u00eener Isra\u00ebl sur ce chemin terrible, de perdre notre d\u00e9mocratie\u00a0\u00bb, a ajout\u00e9 M. Ben-Reouven, \u00e9galement ancien g\u00e9n\u00e9ral de l&rsquo;arm\u00e9e.<\/p>\n\n\n\n<p>Plus t\u00f4t dans la matin\u00e9e, Roni Sharon, une jeune fille de 18 ans, avait confi\u00e9 avoir s\u00e9ch\u00e9 ses cours pour venir \u00e0 la manifestation pour emp\u00eacher que \u00ab\u00a0ce pays devienne une dictature\u00a0\u00bb.<\/p>\n\n\n\n<p>\u00ab\u00a0J&rsquo;ai un examen du baccalaur\u00e9at dans quelques semaines, il y aura des questions sur l&rsquo;Etat de droit. J&rsquo;aimerais bien que Benjamin Netanyahu le passe aussi pour voir s&rsquo;il l&rsquo;a\u00a0\u00bb, avait lanc\u00e9 la lyc\u00e9enne.<\/p>\n","protected":false},"excerpt":{"rendered":"<p>Par Ruth EGLASH &#8211; \u00a9 2025 AFP &#8211; Munis de tambours et de cornes de brume, plusieurs milliers de manifestants<\/p>\n","protected":false},"author":1,"featured_media":53669,"comment_status":"open","ping_status":"open","sticky":false,"template":"","format":"standard","meta":{"footnotes":""},"categories":[51],"tags":[],"class_list":["post-53668","post","type-post","status-publish","format-standard","has-post-thumbnail","hentry","category-general"],"_links":{"self":[{"href":"https:\/\/dekkbi.com\/index.php?rest_route=\/wp\/v2\/posts\/53668","targetHints":{"allow":["GET"]}}],"collection":[{"href":"https:\/\/dekkbi.com\/index.php?rest_route=\/wp\/v2\/posts"}],"about":[{"href":"https:\/\/dekkbi.com\/index.php?rest_route=\/wp\/v2\/types\/post"}],"author":[{"embeddable":true,"href":"https:\/\/dekkbi.com\/index.php?rest_route=\/wp\/v2\/users\/1"}],"replies":[{"embeddable":true,"href":"https:\/\/dekkbi.com\/index.php?rest_route=%2Fwp%2Fv2%2Fcomments&post=53668"}],"version-history":[{"count":1,"href":"https:\/\/dekkbi.com\/index.php?rest_route=\/wp\/v2\/posts\/53668\/revisions"}],"predecessor-version":[{"id":53670,"href":"https:\/\/dekkbi.com\/index.php?rest_route=\/wp\/v2\/posts\/53668\/revisions\/53670"}],"wp:featuredmedia":[{"embeddable":true,"href":"https:\/\/dekkbi.com\/index.php?rest_route=\/wp\/v2\/media\/53669"}],"wp:attachment":[{"href":"https:\/\/dekkbi.com\/index.php?rest_route=%2Fwp%2Fv2%2Fmedia&parent=53668"}],"wp:term":[{"taxonomy":"category","embeddable":true,"href":"https:\/\/dekkbi.com\/index.php?rest_route=%2Fwp%2Fv2%2Fcategories&post=53668"},{"taxonomy":"post_tag","embeddable":true,"href":"https:\/\/dekkbi.com\/index.php?rest_route=%2Fwp%2Fv2%2Ftags&post=53668"}],"curies":[{"name":"wp","href":"https:\/\/api.w.org\/{rel}","templated":true}]}}