{"id":53636,"date":"2025-03-20T09:52:37","date_gmt":"2025-03-20T09:52:37","guid":{"rendered":"https:\/\/dekkbi.com\/?p=53636"},"modified":"2025-03-20T09:52:38","modified_gmt":"2025-03-20T09:52:38","slug":"vers-un-code-du-cadre-de-vie-au-senegal-la-dgcvhp-et-les-deputes-planchent-sur-une-legislation-renforcee","status":"publish","type":"post","link":"https:\/\/dekkbi.com\/?p=53636","title":{"rendered":"Vers un code du cadre de vie au S\u00e9n\u00e9gal : La DGCVHP et les d\u00e9put\u00e9s planchent sur une l\u00e9gislation renforc\u00e9e"},"content":{"rendered":"\n<h3 class=\"wp-block-heading\">La Direction g\u00e9n\u00e9rale du cadre de vie et de l\u2019hygi\u00e8ne publique (DGCVHP) a re\u00e7u, ce mercredi 19 mars 2025 \u00e0 Diamniadio, la commission Am\u00e9nagement du territoire, Urbanisme, Habitat, Infrastructures et Transports de l\u2019Assembl\u00e9e nationale. Cette rencontre a permis d\u2019\u00e9changer sur les missions de la DGCVHP, ses orientations et ses perspectives.<\/h3>\n\n\n\n<p>Elle a \u00e9galement mis en avant la n\u00e9cessit\u00e9 d\u2019une collaboration \u00e9troite entre les deux structures, ainsi que le r\u00f4le crucial des parlementaires en tant qu\u2019ambassadeurs du cadre de vie. Cette visite s\u2019inscrit dans le cadre de la mise en \u0153uvre du programme \u00ab S\u00e9tal Sa Rew \u00bb, initi\u00e9 par le Pr\u00e9sident de la R\u00e9publique, M. Bassirou Diomaye Faye, visant \u00e0 am\u00e9liorer les conditions de vie des S\u00e9n\u00e9galais \u00e0 travers une gestion plus efficace de l\u2019espace public et une sensibilisation accrue aux questions d\u2019hygi\u00e8ne et de propri\u00e9t\u00e9.<\/p>\n\n\n\n<p>Le d\u00e9put\u00e9 Oumar SY, pr\u00e9sident de la Commission de l&rsquo;Am\u00e9nagement du Territoire, de l&rsquo;Urbanisme, de l&rsquo;Habitat, des Infrastructures et des Transports de l\u2019Assembl\u00e9e nationale, a soulign\u00e9 l\u2019importance de cette visite et les enjeux qu\u2019elle repr\u00e9sente pour le S\u00e9n\u00e9gal. \u00ab Nous sommes venus rendre visite \u00e0 la direction du cadre de vie et de l\u2019hygi\u00e8ne publique dans le cadre du programme \u00ab\u00a0S\u00e9tal Sa Rew\u00a0\u00bb unifi\u00e9 par le Pr\u00e9sident de la R\u00e9publique. Nous avons constat\u00e9 que, malheureusement, nous perdons un peu la culture de la propri\u00e9t\u00e9 et de l\u2019hygi\u00e8ne dans nos comportements quotidiens dans l\u2019espace public. L\u2019\u00c9tat doit \u00eatre accompagn\u00e9 dans cette initiative, et les populations doivent y adh\u00e9rer pour am\u00e9liorer nos cadres de vie. \u00bb<\/p>\n\n\n\n<p>Le parlementaire a \u00e9galement insist\u00e9 sur le r\u00f4le \u00e9ducatif \u00e0 jouer aupr\u00e8s des jeunes g\u00e9n\u00e9rations : \u00ab Cette \u00e9ducation \u00e0 la propri\u00e9t\u00e9 et \u00e0 l\u2019hygi\u00e8ne de vie doit \u00eatre renforc\u00e9e dans nos \u00e9coles pour que les enfants grandissent avec ce r\u00e9flexe et cette habitude par rapport \u00e0 notre environnement imm\u00e9diat \u00bb, a-t-il ajout\u00e9.<\/p>\n\n\n\n<p>Le Pr\u00e9sident de la commission a \u00e9galement \u00e9voqu\u00e9 la responsabilit\u00e9 des municipalit\u00e9s et des collectivit\u00e9s territoriales dans la gestion de l\u2019espace public, souvent occup\u00e9 de mani\u00e8re anarchique. Selon lui, \u00ab les municipalit\u00e9s et les collectivit\u00e9s territoriales ont une grande responsabilit\u00e9 dans cette situation. Il faut une appropriation des populations par rapport \u00e0 ces initiatives gouvernementales pour qu\u2019elles puissent se faire dans les meilleures conditions \u00bb, a soulign\u00e9 M. Sy. Il a \u00e9galement rappel\u00e9 le r\u00f4le des parlementaires dans le contr\u00f4le de l\u2019utilisation des ressources allou\u00e9es \u00e0 ces missions. \u00ab Nous avons pris des engagements pour porter le plaidoyer aupr\u00e8s de qui de droit. En tant que parlementaires, nous devons nous assurer que les ressources financi\u00e8res allou\u00e9es \u00e0 ces directions sont utilis\u00e9es \u00e0 bon escient. Une fois cette assurance obtenue, il nous revient de les accompagner pour qu\u2019ils r\u00e9ussissent leur mission au b\u00e9n\u00e9fice des populations \u00bb, a-t-il d\u00e9clar\u00e9.<\/p>\n\n\n\n<p>De son c\u00f4t\u00e9, M. Serigne Kosso S\u00e8ne, Directeur g\u00e9n\u00e9ral du cadre de vie et de l\u2019hygi\u00e8ne publique (DGCVHP), a exprim\u00e9 sa gratitude pour cette visite, soulignant l\u2019importance de la collaboration avec les d\u00e9put\u00e9s. \u00ab Nous sommes honor\u00e9s de recevoir la commission Am\u00e9nagement du territoire, Urbanisme, Habitat, Infrastructures et Transports. Une trentaine de d\u00e9put\u00e9s se sont d\u00e9plac\u00e9s pour s\u2019enqu\u00e9rir de la situation de la direction g\u00e9n\u00e9rale du cadre de vie et de l\u2019hygi\u00e8ne publique. Nous leur avons expliqu\u00e9 nos missions, qui consistent \u00e0 mettre en \u0153uvre les politiques d\u2019am\u00e9lioration du cadre de vie au S\u00e9n\u00e9gal, en collaboration avec les collectivit\u00e9s territoriales \u00bb, a-t-il d\u00e9clar\u00e9.<\/p>\n\n\n\n<p>M. S\u00e8ne a \u00e9galement \u00e9voqu\u00e9 les d\u00e9fis l\u00e9gislatifs auxquels fait face la DGCVHP, notamment la n\u00e9cessit\u00e9 de mettre en place un code du cadre de vie. \u00ab Nous souhaitons mettre en place un code du cadre de vie, et nous avons discut\u00e9 avec les d\u00e9put\u00e9s, qui sont pr\u00eats \u00e0 nous accompagner dans cette d\u00e9marche \u00bb, a-t-il affirm\u00e9.<\/p>\n\n\n\n<p>Le Directeur g\u00e9n\u00e9ral a \u00e9galement insist\u00e9 sur le r\u00f4le des d\u00e9put\u00e9s en tant qu\u2019ambassadeurs aupr\u00e8s des populations. \u00ab Les d\u00e9put\u00e9s viennent des quartiers, des communes, des localit\u00e9s. Ils sont des repr\u00e9sentants du peuple, et nous comptons sur eux pour sensibiliser les populations \u00e0 l\u2019am\u00e9lioration du cadre de vie. Le cadre de vie est l\u2019apanage des peuples, et les citoyens doivent prendre en charge leur environnement. Les d\u00e9put\u00e9s sont les meilleurs ambassadeurs pour porter cette plaidoirie, tant au niveau l\u00e9gislatif qu\u2019aupr\u00e8s des populations \u00bb, a-t-il expliqu\u00e9.<\/p>\n\n\n\n<p>Il a \u00e9galement annonc\u00e9 la tenue prochaine d\u2019un atelier \u00e9largi, r\u00e9unissant tous les acteurs concern\u00e9s par les questions de cadre de vie. \u00ab Nous allons organiser un atelier pour \u00e9largir cette discussion \u00e0 tous les acteurs impliqu\u00e9s dans le cadre de vie, car c\u2019est un domaine tr\u00e8s transversal. Tous les acteurs doivent \u00eatre impliqu\u00e9s pour am\u00e9liorer le cadre de vie des S\u00e9n\u00e9galais \u00bb, a conclu M. S\u00e8ne.<\/p>\n\n\n\n<p><strong>Birame Khary Ndaw<br><\/strong>LERAL<\/p>\n","protected":false},"excerpt":{"rendered":"<p>La Direction g\u00e9n\u00e9rale du cadre de vie et de l\u2019hygi\u00e8ne publique (DGCVHP) a re\u00e7u, ce mercredi 19 mars 2025 \u00e0<\/p>\n","protected":false},"author":1,"featured_media":53637,"comment_status":"open","ping_status":"open","sticky":false,"template":"","format":"standard","meta":{"footnotes":""},"categories":[21],"tags":[],"class_list":["post-53636","post","type-post","status-publish","format-standard","has-post-thumbnail","hentry","category-societe"],"_links":{"self":[{"href":"https:\/\/dekkbi.com\/index.php?rest_route=\/wp\/v2\/posts\/53636","targetHints":{"allow":["GET"]}}],"collection":[{"href":"https:\/\/dekkbi.com\/index.php?rest_route=\/wp\/v2\/posts"}],"about":[{"href":"https:\/\/dekkbi.com\/index.php?rest_route=\/wp\/v2\/types\/post"}],"author":[{"embeddable":true,"href":"https:\/\/dekkbi.com\/index.php?rest_route=\/wp\/v2\/users\/1"}],"replies":[{"embeddable":true,"href":"https:\/\/dekkbi.com\/index.php?rest_route=%2Fwp%2Fv2%2Fcomments&post=53636"}],"version-history":[{"count":1,"href":"https:\/\/dekkbi.com\/index.php?rest_route=\/wp\/v2\/posts\/53636\/revisions"}],"predecessor-version":[{"id":53638,"href":"https:\/\/dekkbi.com\/index.php?rest_route=\/wp\/v2\/posts\/53636\/revisions\/53638"}],"wp:featuredmedia":[{"embeddable":true,"href":"https:\/\/dekkbi.com\/index.php?rest_route=\/wp\/v2\/media\/53637"}],"wp:attachment":[{"href":"https:\/\/dekkbi.com\/index.php?rest_route=%2Fwp%2Fv2%2Fmedia&parent=53636"}],"wp:term":[{"taxonomy":"category","embeddable":true,"href":"https:\/\/dekkbi.com\/index.php?rest_route=%2Fwp%2Fv2%2Fcategories&post=53636"},{"taxonomy":"post_tag","embeddable":true,"href":"https:\/\/dekkbi.com\/index.php?rest_route=%2Fwp%2Fv2%2Ftags&post=53636"}],"curies":[{"name":"wp","href":"https:\/\/api.w.org\/{rel}","templated":true}]}}