{"id":53630,"date":"2025-03-20T09:39:48","date_gmt":"2025-03-20T09:39:48","guid":{"rendered":"https:\/\/dekkbi.com\/?p=53630"},"modified":"2025-03-20T09:39:48","modified_gmt":"2025-03-20T09:39:48","slug":"une-forte-delegation-politique-en-tournee-aupres-des-chefs-religieux-de-matam-pour-sensibiliser-sur-la-situation-de-farba-ngom","status":"publish","type":"post","link":"https:\/\/dekkbi.com\/?p=53630","title":{"rendered":"Une forte d\u00e9l\u00e9gation politique en tourn\u00e9e aupr\u00e8s des chefs religieux de Matam pour sensibiliser sur la situation de Farba Ngom"},"content":{"rendered":"\n<p>Une importante d\u00e9l\u00e9gation, compos\u00e9e de figures politiques de premier plan de la r\u00e9gion de Matam, a entam\u00e9 une tourn\u00e9e aupr\u00e8s des guides religieux afin de les sensibiliser \u00e0 la situation du d\u00e9put\u00e9-maire des Agnams, Farba Ngom. Cette initiative marque un moment fort de mobilisation politique et sociale dans le Fouta.<\/p>\n\n\n\n<p>Parmi les membres de la d\u00e9l\u00e9gation figurent Me Moussa Bocar Thiam, maire de Ourossogui et ancien ministre, Amadou Djibril Diallo, pr\u00e9sident du conseil d\u00e9partemental de Matam, Abdoulaye Anne, pr\u00e9sident du conseil d\u00e9partemental de Kanel, ainsi que plusieurs parlementaires, dont Racky Diallo, Aissata Ousmane Diallo, Aliou Dembourou Sow, Ramata Seydou Mbodj et Dioumo Ndiaye.<\/p>\n\n\n\n<p>Accompagn\u00e9s de plusieurs maires des collectivit\u00e9s territoriales, ces responsables ont effectu\u00e9 des visites de courtoisie et de concertation aupr\u00e8s des principales autorit\u00e9s religieuses de la r\u00e9gion. L\u2019objectif est de renforcer la solidarit\u00e9 r\u00e9gionale et de plaider pour une compr\u00e9hension apais\u00e9e de la situation actuelle de Farba Ngom, dont la r\u00e9cente actualit\u00e9 judiciaire suscite de nombreuses interrogations.<\/p>\n\n\n\n<p>Les \u00e9changes, empreints de respect et de spiritualit\u00e9, ont permis aux chefs religieux d\u2019exprimer leur attachement \u00e0 la paix sociale et \u00e0 l\u2019unit\u00e9 de la r\u00e9gion. Les responsables politiques, quant \u00e0 eux, ont insist\u00e9 sur l\u2019importance de la coh\u00e9sion sociale dans un contexte politique sensible, appelant \u00e0 \u00ab \u00e9viter les amalgames et \u00e0 pr\u00e9server l\u2019honneur de ceux qui ont longtemps servi la nation. \u00bb<\/p>\n\n\n\n<p>Cette d\u00e9marche s\u2019inscrit dans une volont\u00e9 manifeste de pr\u00e9server la stabilit\u00e9 de la r\u00e9gion, \u00e0 un moment o\u00f9 les tensions politiques et les clivages partisans pourraient fragiliser le tissu social. La d\u00e9l\u00e9gation a d\u2019ailleurs soulign\u00e9 que cette initiative d\u00e9passe les clivages politiques, se voulant une mobilisation pour la dignit\u00e9 et le respect des institutions r\u00e9publicaines, tout en pr\u00f4nant une justice \u00e9quitable et apais\u00e9e.<\/p>\n\n\n\n<p>Amadou Koundour<\/p>\n\n\n\n<p>DAKARACTU<\/p>\n","protected":false},"excerpt":{"rendered":"<p>Une importante d\u00e9l\u00e9gation, compos\u00e9e de figures politiques de premier plan de la r\u00e9gion de Matam, a entam\u00e9 une tourn\u00e9e aupr\u00e8s<\/p>\n","protected":false},"author":1,"featured_media":53632,"comment_status":"open","ping_status":"open","sticky":false,"template":"","format":"standard","meta":{"footnotes":""},"categories":[26],"tags":[],"class_list":["post-53630","post","type-post","status-publish","format-standard","has-post-thumbnail","hentry","category-fait-divers"],"_links":{"self":[{"href":"https:\/\/dekkbi.com\/index.php?rest_route=\/wp\/v2\/posts\/53630","targetHints":{"allow":["GET"]}}],"collection":[{"href":"https:\/\/dekkbi.com\/index.php?rest_route=\/wp\/v2\/posts"}],"about":[{"href":"https:\/\/dekkbi.com\/index.php?rest_route=\/wp\/v2\/types\/post"}],"author":[{"embeddable":true,"href":"https:\/\/dekkbi.com\/index.php?rest_route=\/wp\/v2\/users\/1"}],"replies":[{"embeddable":true,"href":"https:\/\/dekkbi.com\/index.php?rest_route=%2Fwp%2Fv2%2Fcomments&post=53630"}],"version-history":[{"count":1,"href":"https:\/\/dekkbi.com\/index.php?rest_route=\/wp\/v2\/posts\/53630\/revisions"}],"predecessor-version":[{"id":53633,"href":"https:\/\/dekkbi.com\/index.php?rest_route=\/wp\/v2\/posts\/53630\/revisions\/53633"}],"wp:featuredmedia":[{"embeddable":true,"href":"https:\/\/dekkbi.com\/index.php?rest_route=\/wp\/v2\/media\/53632"}],"wp:attachment":[{"href":"https:\/\/dekkbi.com\/index.php?rest_route=%2Fwp%2Fv2%2Fmedia&parent=53630"}],"wp:term":[{"taxonomy":"category","embeddable":true,"href":"https:\/\/dekkbi.com\/index.php?rest_route=%2Fwp%2Fv2%2Fcategories&post=53630"},{"taxonomy":"post_tag","embeddable":true,"href":"https:\/\/dekkbi.com\/index.php?rest_route=%2Fwp%2Fv2%2Ftags&post=53630"}],"curies":[{"name":"wp","href":"https:\/\/api.w.org\/{rel}","templated":true}]}}