{"id":53608,"date":"2025-03-20T09:18:57","date_gmt":"2025-03-20T09:18:57","guid":{"rendered":"https:\/\/dekkbi.com\/?p=53608"},"modified":"2025-03-20T09:18:57","modified_gmt":"2025-03-20T09:18:57","slug":"situation-des-medias-le-cdeps-sonne-la-revolte","status":"publish","type":"post","link":"https:\/\/dekkbi.com\/?p=53608","title":{"rendered":"Situation des m\u00e9dias : Le Cdeps sonne la r\u00e9volte"},"content":{"rendered":"\n<p><strong>Le Conseil des \u00e9diteurs et diffuseurs de presse du S\u00e9n\u00e9gal (Cdeps) tire la sonnette d\u2019alarme face \u00e0 ce qu\u2019il qualifie d\u2019\u00aboffensive sans pr\u00e9c\u00e9dent contre la libert\u00e9 de la presse\u00bb. En moins de 48 heures, informe le Cdeps, plusieurs d\u00e9cisions ont \u00e9t\u00e9 prises \u00abunilat\u00e9ralement\u00bb par les autorit\u00e9s, mena\u00e7ant l\u2019existence m\u00eame des entreprises de presse.<\/strong><\/p>\n\n\n\n<p>Le Conseil des \u00e9diteurs et diffuseurs de presse du S\u00e9n\u00e9gal (Cdeps) s\u2019inqui\u00e8te de l\u2019escalade des tensions entre l\u2019Etat et la presse s\u00e9n\u00e9galaise, qu\u2019il qualifie de \u00abmenaces in\u00e9dites\u00bb et d\u2019\u00aboffensive sans pr\u00e9c\u00e9dent contre la libert\u00e9 de la presse\u00bb. Dans un communiqu\u00e9, Mama\u00addou Ibra Kane et Cie alertent sur une s\u00e9rie de mesures jug\u00e9es brutales et arbitraires, dont la coupure ou l\u2019alt\u00e9ration du signal de 14 cha\u00eenes de t\u00e9l\u00e9vision locales par la T\u00e9l\u00e9diffusion s\u00e9n\u00e9galaise (Tds-sa). Officiel\u00adlement, cette action est justifi\u00e9e par des \u00abretards de paiement\u00bb. Mais, le Cdeps s\u2019insurge contre une ex\u00e9cution \u00absans pr\u00e9avis, ni possibilit\u00e9 de recours\u00bb. Paral\u00adl\u00e8lement, plusieurs m\u00e9dias ont re\u00e7u des injonctions fermes de cesser imm\u00e9diatement leur diffusion sous peine de \u00abpoursuites p\u00e9nales\u00bb. Le Cdeps s\u2019indigne d\u2019une volont\u00e9 de criminaliser l\u2019activit\u00e9 de presse sous couvert de non-reconnaissance administrative. \u00abL\u2019activit\u00e9 de presse est d\u00e9sormais criminalis\u00e9e au S\u00e9n\u00e9gal en cas de non-reconnaissance par l\u2019autorit\u00e9 administrative et politique\u00bb, mart\u00e8le le Cdeps, pr\u00e9cisant que depuis avril 2024 et l\u2019arriv\u00e9e du nouveau gouvernement, le secteur fait face \u00e0 une avalanche de mesures coercitives. Dans le communiqu\u00e9, le Cdeps parle d\u2019ailleurs d\u2019une strat\u00e9gie visant \u00e0 \u00abmettre au pas un secteur d\u00e9j\u00e0 fragilis\u00e9\u00bb. Le Cdeps d\u00e9nonce \u00e9galement \u00able non-respect flagrant des principes de s\u00e9paration des pouvoirs et des r\u00e8gles de r\u00e9gulation des m\u00e9dias\u00bb. Le recours d\u00e9pos\u00e9 en septembre 2024 contre l\u2019arr\u00eat\u00e9 instituant la Commission d\u2019examen et de validation des entreprises de presse est rest\u00e9 sans suite. Pire, le Cdeps constate des \u00abviolations suppl\u00e9mentaires de la loi\u00bb, qui feront l\u2019objet de nouveaux recours devant la Cour supr\u00eame. Face \u00e0 cette situation, le Cdeps pr\u00e9voit une mobilisation nationale et internationale. Une manifestation symbolique est envisag\u00e9e le 3 mai, Journ\u00e9e mondiale de la libert\u00e9 de la presse. \u00abLe Cdeps en appelle aux citoyens s\u00e9n\u00e9galais, \u00e0 la Soci\u00e9t\u00e9 civile, aux organisations de d\u00e9fense des droits de l\u2019Homme et \u00e0 la Com\u00admunaut\u00e9 internationale pour exiger la fin de ces mesures arbitraires et garantir un environnement m\u00e9diatique libre et ind\u00e9pendant au S\u00e9n\u00e9gal\u00bb, lit-on dans le document.<\/p>\n\n\n\n<p><strong>Par Ousmane SOW \u2013\u00a0ousmane.sow@lequotidien.sn<\/strong><\/p>\n","protected":false},"excerpt":{"rendered":"<p>Le Conseil des \u00e9diteurs et diffuseurs de presse du S\u00e9n\u00e9gal (Cdeps) tire la sonnette d\u2019alarme face \u00e0 ce qu\u2019il qualifie<\/p>\n","protected":false},"author":1,"featured_media":48287,"comment_status":"open","ping_status":"open","sticky":false,"template":"","format":"standard","meta":{"footnotes":""},"categories":[21],"tags":[],"class_list":["post-53608","post","type-post","status-publish","format-standard","has-post-thumbnail","hentry","category-societe"],"_links":{"self":[{"href":"https:\/\/dekkbi.com\/index.php?rest_route=\/wp\/v2\/posts\/53608","targetHints":{"allow":["GET"]}}],"collection":[{"href":"https:\/\/dekkbi.com\/index.php?rest_route=\/wp\/v2\/posts"}],"about":[{"href":"https:\/\/dekkbi.com\/index.php?rest_route=\/wp\/v2\/types\/post"}],"author":[{"embeddable":true,"href":"https:\/\/dekkbi.com\/index.php?rest_route=\/wp\/v2\/users\/1"}],"replies":[{"embeddable":true,"href":"https:\/\/dekkbi.com\/index.php?rest_route=%2Fwp%2Fv2%2Fcomments&post=53608"}],"version-history":[{"count":1,"href":"https:\/\/dekkbi.com\/index.php?rest_route=\/wp\/v2\/posts\/53608\/revisions"}],"predecessor-version":[{"id":53609,"href":"https:\/\/dekkbi.com\/index.php?rest_route=\/wp\/v2\/posts\/53608\/revisions\/53609"}],"wp:featuredmedia":[{"embeddable":true,"href":"https:\/\/dekkbi.com\/index.php?rest_route=\/wp\/v2\/media\/48287"}],"wp:attachment":[{"href":"https:\/\/dekkbi.com\/index.php?rest_route=%2Fwp%2Fv2%2Fmedia&parent=53608"}],"wp:term":[{"taxonomy":"category","embeddable":true,"href":"https:\/\/dekkbi.com\/index.php?rest_route=%2Fwp%2Fv2%2Fcategories&post=53608"},{"taxonomy":"post_tag","embeddable":true,"href":"https:\/\/dekkbi.com\/index.php?rest_route=%2Fwp%2Fv2%2Ftags&post=53608"}],"curies":[{"name":"wp","href":"https:\/\/api.w.org\/{rel}","templated":true}]}}