{"id":53592,"date":"2025-03-20T09:01:19","date_gmt":"2025-03-20T09:01:19","guid":{"rendered":"https:\/\/dekkbi.com\/?p=53592"},"modified":"2025-03-20T09:01:20","modified_gmt":"2025-03-20T09:01:20","slug":"le-communique-du-conseil-des-ministres-du-mercredi-19-mars-2025","status":"publish","type":"post","link":"https:\/\/dekkbi.com\/?p=53592","title":{"rendered":"Le communiqu\u00e9 du Conseil des ministres du mercredi 19 mars 2025"},"content":{"rendered":"\n<p>Dakar, (APS) \u2013\u00a0 Le Chef de l\u2019Etat, Son Excellence, Monsieur Bassirou Diomaye Diakhar FAYE a pr\u00e9sid\u00e9, ce mercredi 19 mars 2025, la r\u00e9union hebdomadaire du Conseil des Ministres, au Palais de la R\u00e9publique.<\/p>\n\n\n\n<p>A l\u2019entame de sa communication, le Chef de l\u2019Etat a \u00e9voqu\u00e9 les visites de courtoisie et de pr\u00e9sentation de condol\u00e9ances qu\u2019il a effectu\u00e9es \u00e0 Touba et \u00e0 Darou Mouhty, le samedi 15 mars 2025. Il a adress\u00e9 ses remerciements au Khalife g\u00e9n\u00e9ral des Mourides, Serigne Mountakha Bassirou MBACKE et \u00e0 l\u2019ensemble des chefs religieux rencontr\u00e9s, pour leur accueil chaleureux, la qualit\u00e9 des \u00e9changes et les pri\u00e8res formul\u00e9es pour un S\u00e9n\u00e9gal de paix, de prosp\u00e9rit\u00e9 et de solidarit\u00e9.<\/p>\n\n\n\n<p>Le Pr\u00e9sident de la R\u00e9publique a abord\u00e9 la probl\u00e9matique de l\u2019audit des chantiers et travaux inachev\u00e9s et du changement de paradigme dans le pilotage de la r\u00e9alisation optimale des infrastructures publiques. En effet, il est constat\u00e9, depuis plusieurs ann\u00e9es, un nombre important de chantiers inachev\u00e9s dans plusieurs localit\u00e9s du S\u00e9n\u00e9gal. C\u2019est le cas dans les secteurs de l\u2019enseignement sup\u00e9rieur, de l\u2019\u00e9ducation, de la formation professionnelle et technique, de la sant\u00e9, de l\u2019\u00e9nergie, de l\u2019assainissement, des routes et des sports.<\/p>\n\n\n\n<p>Aussi, a-t-il demand\u00e9 au Premier Ministre de faire proc\u00e9der dans chaque minist\u00e8re, au recensement exhaustif des projets de construction inachev\u00e9s et de proposer les voies et moyens de restructuration et de relance desdits chantiers, dans le respect du code des march\u00e9s publics et des proc\u00e9dures du ressort de l\u2019Agence judiciaire de l\u2019Etat.<\/p>\n\n\n\n<p>Il a \u00e9galement soulign\u00e9 l\u2019urgence de faire le point sur les projets relevant du PUDC, de PROMOVILLES, du PNDL et du PUMA, diff\u00e9rents programmes dont la mutualisation des interventions participe du renforcement de l\u2019efficacit\u00e9 de la territorialisation des politiques publiques.<\/p>\n\n\n\n<p>Le Chef de l\u2019Etat a, en outre, demand\u00e9 au Premier Ministre d\u2019examiner les possibilit\u00e9s de repositionnement institutionnel de l\u2019Agence de Construction des B\u00e2timents et Edifices publics (ACBEP) dans le pilotage de la r\u00e9alisation de certaines infrastructures publiques de base avec des co\u00fbts plafonds homologu\u00e9s et un mode de financement pluriannuel budg\u00e9taire maitris\u00e9.<\/p>\n\n\n\n<p>Dans le m\u00eame sillage, il a indiqu\u00e9 au Premier Ministre, au Ministre des Finances et du Budget et au Ministre en charge des Collectivit\u00e9s territoriales, la n\u00e9cessit\u00e9 de d\u00e9finir avec les partenaires techniques et financiers de l\u2019Etat, un nouveau format d\u2019intervention de l\u2019Agence d\u2019Ex\u00e9cution des Travaux d\u2019Int\u00e9r\u00eat public contre le sous-emploi (AGETIP) et de l\u2019Agence de D\u00e9veloppement municipal (ADM) en coh\u00e9rence avec le cadrage budg\u00e9taire, les principes directeurs de l\u2019Agenda national de Transformation et les strat\u00e9gies de promotion de l\u2019emploi des jeunes. D\u00e8s lors, il a relev\u00e9 la n\u00e9cessit\u00e9 de faire la situation exhaustive de tous les projets sectoriels d\u00e9velopp\u00e9s ou plac\u00e9s sous la maitrise d\u2019ouvrage d\u00e9l\u00e9gu\u00e9e de l\u2019AGETIP et de l\u2019ADM et de veiller \u00e0 la synergie d\u2019actions de ces deux entit\u00e9s publiques aux statuts particuliers.<\/p>\n\n\n\n<p>Par ailleurs, le Pr\u00e9sident de la R\u00e9publique a invit\u00e9 le Ministre des Finances et du Budget et le Ministre de l\u2019Urbanisme, des Collectivit\u00e9s territoriales et de l\u2019Am\u00e9nagement des Territoires \u00e0 engager la r\u00e9flexion, avec toutes les parties prenantes, sur un nouveau mod\u00e8le de consolidation des financements disponibles en vue de la r\u00e9alisation de projets publics prioritaires dans chaque p\u00f4le-territoire identifi\u00e9.<\/p>\n\n\n\n<p>Soulignant la priorit\u00e9 accord\u00e9e \u00e0 l\u2019emploi des jeunes, le Chef de l\u2019Etat a rappel\u00e9 au Gouvernement que la jeunesse de la population doit inciter l\u2019Etat et les acteurs \u00e9conomiques et sociaux \u00e0 travailler ensemble pour promouvoir l\u2019entreprenariat et l\u2019insertion des jeunes demandeurs d\u2019emploi sur l\u2019\u00e9tendue du territoire national. Il a demand\u00e9 au Premier Ministre et au Ministre en charge de l\u2019Emploi d\u2019acc\u00e9l\u00e9rer la finalisation, avant fin avril 2025, du document portant \u00ab Nouvelle Politique nationale de l\u2019Emploi \u00bb. Il a soulign\u00e9 l\u2019imp\u00e9ratif d\u2019asseoir un syst\u00e8me d\u2019information gouvernemental performant et fiable sur le march\u00e9 du travail en coh\u00e9rence avec les bases de donn\u00e9es des dipl\u00f4m\u00e9s de la formation professionnelle et technique dans les centres et les Instituts sup\u00e9rieurs d\u2019Enseignement professionnel (ISEP)<br>notamment.<\/p>\n\n\n\n<p>Le Pr\u00e9sident de la R\u00e9publique a invit\u00e9 le Premier Ministre \u00e0 acc\u00e9l\u00e9rer l\u2019harmonisation des interventions et la mutualisation des ressources de toutes les structures publiques de promotion de l\u2019entreprenariat et de l\u2019emploi des jeunes.<\/p>\n\n\n\n<p>Abordant la question de la modernisation du syst\u00e8me de retraite et de s\u00e9curit\u00e9 sociale, le Chef de l\u2019Etat a demand\u00e9 au Gouvernement de placer cette probl\u00e9matique au c\u0153ur de la valorisation du travail et de la politique de protection sociale de l\u2019Etat. Aujourd\u2019hui, la structure de la population s\u00e9n\u00e9galaise et l\u2019allongement progressif de l\u2019esp\u00e9rance de vie appellent une anticipation dans la gestion financi\u00e8re des d\u00e9penses sanitaires et sociales notamment celles li\u00e9es \u00e0 la retraite et \u00e0 la s\u00e9curit\u00e9 sociale. Il a demand\u00e9 au Ministre en charge du Travail et de l\u2019Emploi, de finaliser, en relation avec les partenaires sociaux, le projet de Code unique de S\u00e9curit\u00e9 sociale, texte de loi devant contribuer \u00e0 am\u00e9liorer significativement la gouvernance des institutions de pr\u00e9voyance sociale [Institution de Pr\u00e9voyance Retraite du S\u00e9n\u00e9gal (IPRES), Caisse de S\u00e9curit\u00e9 sociale (CSS) et Institution de Pr\u00e9voyance Maladie (IPM)].<\/p>\n\n\n\n<p>Dans le m\u00eame \u00e9lan, le Pr\u00e9sident de la R\u00e9publique a invit\u00e9 le Ministre des Finances et du Budget \u00e0 attacher une importance particuli\u00e8re \u00e0 la maitrise des d\u00e9penses de sant\u00e9 des agents de l\u2019Etat, \u00e0 la viabilit\u00e9 financi\u00e8re de la Couverture sanitaire Universelle et surtout \u00e0 l\u2019\u00e9quilibre syst\u00e9matique et durable du Fonds national de Retraite (FNR). A cet effet, il a invit\u00e9 le Ministre des Finances et du Budget et le Ministre en charge du Travail \u00e0 faire le point, avant fin juillet 2025, sur la situation financi\u00e8re du syst\u00e8me de retraites (FNR et IPRES) et ses perspectives d\u2019\u00e9volution, au regard des dynamiques du march\u00e9 du travail \u00e0 court, moyen et long terme.<\/p>\n\n\n\n<p>Enfin, il a soulign\u00e9 la n\u00e9cessit\u00e9 d\u2019examiner les possibilit\u00e9s de revalorisation des pensions de retraite les plus faibles et d\u2019engager avec les agents de l\u2019Etat, les travailleurs et<br>les partenaires sociaux, un processus d\u2019incitation \u00e0 la mise en place acc\u00e9l\u00e9r\u00e9e de retraites suppl\u00e9mentaires par capitalisation.<\/p>\n\n\n\n<p>Dans sa communication, le Premier Ministre a soulign\u00e9 les pr\u00e9occupations r\u00e9currentes des producteurs agricoles relativement aux difficult\u00e9s d\u2019\u00e9coulement des r\u00e9coltes de certains produits, notamment arachidiers, horticoles et de ma\u00efs, du fait principalement de dysfonctionnements not\u00e9s dans les circuits de commercialisation.<\/p>\n\n\n\n<p>\u00c0 cet \u00e9gard, il a not\u00e9 l\u2019exigence de garantir le fonctionnement ad\u00e9quat de toutes les composantes des fili\u00e8res agricoles, y compris l\u2019intervention des interm\u00e9diaires financiers, au regard de l\u2019objectif de souverainet\u00e9 alimentaire de l\u2019Agenda Vision S\u00e9n\u00e9gal 2050. Face \u00e0 cette situation, et en perspective des f\u00eates de Korit\u00e9 et de P\u00e2ques, avec les charges encourues par les m\u00e9nages, il a invit\u00e9 les Ministres en charge de l\u2019Agriculture, des Finances et du Commerce, \u00e0 lui soumettre, en vue de l\u2019approbation par le Pr\u00e9sident de la R\u00e9publique, les mesures urgentes \u00e0 d\u00e9ployer, au plus tard le lundi 24 mars 2025, pour trouver une solution \u00e0 la situation des stocks en souffrance de la production notamment arachidi\u00e8re, horticole et de ma\u00efs. De mani\u00e8re plus structurelle, il a demand\u00e9 aux Ministres susvis\u00e9s de mettre en place, au plus tard \u00e0 mi-avril 2025, un cadre de concertation interminist\u00e9riel consacr\u00e9 \u00e0 la probl\u00e9matique de la commercialisation des produits agricoles de fa\u00e7on plus globale.<\/p>\n\n\n\n<p>Abordant le deuxi\u00e8me point de sa communication, le Premier Ministre a rappel\u00e9 que l\u2019option fondamentale du Gouvernement pour la transformation syst\u00e9mique du S\u00e9n\u00e9gal requiert le renforcement de la culture de la performance dans l\u2019Administration publique aussi bien \u00e0 l\u2019\u00e9chelle de chaque entit\u00e9 des secteurs publics et parapublics qu\u2019\u00e0 celle des agents de ces entit\u00e9s. Il a not\u00e9 les avanc\u00e9es induites, au niveau r\u00e9glementaire, par la transposition par le S\u00e9n\u00e9gal du cadre harmonis\u00e9 des finances publiques de l\u2019UEMOA, notamment l\u2019institution de la gestion ax\u00e9e sur les r\u00e9sultats.<\/p>\n\n\n\n<p>Toutefois, le Premier Ministre a d\u00e9plor\u00e9 l\u2019inefficacit\u00e9 du dispositif du fait de la faible adh\u00e9sion des acteurs cl\u00e9s, du retard accus\u00e9 dans la mise en place&nbsp;de ce dispositif dans son volet suivi-\u00e9valuation mais, surtout, de l\u2019absence de solides r\u00e8gles \u00e9tablies en mati\u00e8re de fixation d\u2019objectifs individuels annuels aux agents et d\u2019\u00e9valuation de leurs performances. Cette situation explique l\u2019impossibilit\u00e9 de diff\u00e9rencier les performances individuelles des agents. Par cons\u00e9quent, le Premier Ministre a demand\u00e9 au Ministre charg\u00e9 de la Fonction publique, en relation avec le Ministre charg\u00e9 des Finances et le Ministre, Secr\u00e9taire g\u00e9n\u00e9ral du Gouvernement, d\u2019accorder une priorit\u00e9 absolue \u00e0 la probl\u00e9matique de l\u2019\u00e9valuation de la performance individuelle des agents dans la feuille de route 2025 du Plan d\u2019action 2025-2029 de l\u2019Agenda Vision S\u00e9n\u00e9gal 2050.&nbsp;<\/p>\n\n\n\n<p>Enfin, le Premier Ministre a relev\u00e9 la n\u00e9cessit\u00e9 de se pencher sur le non-respect de l\u2019obligation de ravalement des fa\u00e7ades des b\u00e2timents publics et priv\u00e9s. \u00c0 cet effet, il a<br>demand\u00e9 au Ministre en charge de l\u2019Urbanisme de lui proposer des mesures sur cette probl\u00e9matique conform\u00e9ment \u00e0 la r\u00e9glementation en vigueur.<\/p>\n\n\n\n<p>AU TITRE DES COMMUNICATIONS DES MINISTRES :<\/p>\n\n\n\n<p>\uf0b7 le Ministre de l\u2019Industrie et du Commerce a fait une communication sur&nbsp;l\u2019approvisionnement du march\u00e9 en denr\u00e9es de premi\u00e8re n\u00e9cessit\u00e9 ;<\/p>\n\n\n\n<p>\uf0b7 le Ministre de l\u2019Agriculture, de la Souverainet\u00e9 alimentaire et de l\u2019Elevage a fait le&nbsp;point sur la campagne de commercialisation de l\u2019arachide et le suivi de la campagne<br>horticole.<\/p>\n\n\n\n<p>Le Ministre de la Formation professionnelle et technique,<br>Porte-Parole du Gouvernement<br>Amadou Moustapha Njekk SARRE<\/p>\n","protected":false},"excerpt":{"rendered":"<p>Dakar, (APS) \u2013\u00a0 Le Chef de l\u2019Etat, Son Excellence, Monsieur Bassirou Diomaye Diakhar FAYE a pr\u00e9sid\u00e9, ce mercredi 19 mars<\/p>\n","protected":false},"author":1,"featured_media":43464,"comment_status":"open","ping_status":"open","sticky":false,"template":"","format":"standard","meta":{"footnotes":""},"categories":[6],"tags":[],"class_list":["post-53592","post","type-post","status-publish","format-standard","has-post-thumbnail","hentry","category-politics"],"_links":{"self":[{"href":"https:\/\/dekkbi.com\/index.php?rest_route=\/wp\/v2\/posts\/53592","targetHints":{"allow":["GET"]}}],"collection":[{"href":"https:\/\/dekkbi.com\/index.php?rest_route=\/wp\/v2\/posts"}],"about":[{"href":"https:\/\/dekkbi.com\/index.php?rest_route=\/wp\/v2\/types\/post"}],"author":[{"embeddable":true,"href":"https:\/\/dekkbi.com\/index.php?rest_route=\/wp\/v2\/users\/1"}],"replies":[{"embeddable":true,"href":"https:\/\/dekkbi.com\/index.php?rest_route=%2Fwp%2Fv2%2Fcomments&post=53592"}],"version-history":[{"count":1,"href":"https:\/\/dekkbi.com\/index.php?rest_route=\/wp\/v2\/posts\/53592\/revisions"}],"predecessor-version":[{"id":53593,"href":"https:\/\/dekkbi.com\/index.php?rest_route=\/wp\/v2\/posts\/53592\/revisions\/53593"}],"wp:featuredmedia":[{"embeddable":true,"href":"https:\/\/dekkbi.com\/index.php?rest_route=\/wp\/v2\/media\/43464"}],"wp:attachment":[{"href":"https:\/\/dekkbi.com\/index.php?rest_route=%2Fwp%2Fv2%2Fmedia&parent=53592"}],"wp:term":[{"taxonomy":"category","embeddable":true,"href":"https:\/\/dekkbi.com\/index.php?rest_route=%2Fwp%2Fv2%2Fcategories&post=53592"},{"taxonomy":"post_tag","embeddable":true,"href":"https:\/\/dekkbi.com\/index.php?rest_route=%2Fwp%2Fv2%2Ftags&post=53592"}],"curies":[{"name":"wp","href":"https:\/\/api.w.org\/{rel}","templated":true}]}}