{"id":53589,"date":"2025-03-19T12:37:17","date_gmt":"2025-03-19T12:37:17","guid":{"rendered":"https:\/\/dekkbi.com\/?p=53589"},"modified":"2025-03-19T12:37:18","modified_gmt":"2025-03-19T12:37:18","slug":"cio-sept-candidats-pour-succeder-a-thomas-bach","status":"publish","type":"post","link":"https:\/\/dekkbi.com\/?p=53589","title":{"rendered":"CIO: sept candidats pour succ\u00e9der \u00e0 Thomas Bach"},"content":{"rendered":"\n<p>Par Coralie FEBVRE \u00a9 2025 AFP &#8211; Combinaison de photos des sept candidats \u00e0 la pr\u00e9sidence du Comit\u00e9 international olympique (CIO). De haut en bas et de gauche \u00e0 droite: Sebastian Coe, Kirsty Coventry, Johan Eliasch, Feisal al-Hussein, David Lappartient, Juan Antonio Samaranch Junior et Morinari Watanabe, tous s&rsquo;exprimant lors d&rsquo;une conf\u00e9rence de presse \u00e0 Lausanne, le 30 janvier 2025.<\/p>\n\n\n\n<p>Sept candidats, parmi lesquels le Fran\u00e7ais David Lappartient et l&rsquo;ancien champion olympique britannique Sebastian Coe, briguent jeudi la succession de l&rsquo;Allemand Thomas Bach \u00e0 la t\u00eate de l&rsquo;instance olympique.<\/p>\n\n\n\n<p><strong>. David Lappartient, une ambition fran\u00e7aise<\/strong><\/p>\n\n\n\n<p>David Lappartient, qui a pris la t\u00eate d&rsquo;un comit\u00e9 olympique fran\u00e7ais (CNOSF) en pleine crise en juin 2023, est aussi pr\u00e9sident de l&rsquo;Union cycliste internationale (UCI) depuis 2017. C&rsquo;est d&rsquo;ailleurs \u00e0 ce titre qu&rsquo;il a \u00e9t\u00e9 \u00e9lu au CIO en f\u00e9vrier 2022, juste avant les JO d&rsquo;hiver de P\u00e9kin.<\/p>\n\n\n\n<p>Contrairement \u00e0 certains de ses rivaux et \u00e0 Thomas Bach, champion olympique de fleuret par \u00e9quipes en 1976, il n&rsquo;a jamais \u00e9t\u00e9 sportif de haut niveau. Au CIO, il pr\u00e9side la commission de l&rsquo;e-sport, qui a trouv\u00e9 un accord avec l&rsquo;Arabie Saoudite pour lui confier pendant 12 ans les futurs Jeux olympiques des sports \u00e9lectroniques.<\/p>\n\n\n\n<p>S&rsquo;il n&rsquo;appartient pas \u00e0 la puissante commission ex\u00e9cutive, il esp\u00e8re profiter du succ\u00e8s des JO de Paris, lui qui a aussi \u00e9t\u00e9 l&rsquo;artisan de la candidature \u00e9clair et victorieuse des Alpes fran\u00e7aises pour les Jeux d&rsquo;hiver de 2030. \u00ab\u00a0Je crois que j&rsquo;ai cette capacit\u00e9 \u00e0 unir et r\u00e9unir les gens, c&rsquo;est ce qu&rsquo;on attend finalement au CIO\u00a0\u00bb, estimait-il en septembre.<\/p>\n\n\n\n<p><strong>. Sebastian Coe, reconnu mais clivant<\/strong><\/p>\n\n\n\n<p>Pressenti depuis des ann\u00e9es \u00e0 la t\u00eate du CIO, le double champion olympique du 1.500 m a pour lui son aura sportive, une surface m\u00e9diatique renforc\u00e9e par la puissance de la presse anglophone, ainsi qu&rsquo;un long parcours de dirigeant: organisateur des JO-2012 de Londres, d\u00e9put\u00e9 conservateur britannique, pr\u00e9sident du Comit\u00e9 olympique britannique puis patron mondial de l&rsquo;athl\u00e9tisme.<\/p>\n\n\n\n<p>Sebastian Coe peut se targuer d&rsquo;avoir redress\u00e9 depuis 2015 World Athletics, une instance plomb\u00e9e par son pr\u00e9d\u00e9cesseur Lamine Diack, condamn\u00e9 pour son implication dans la dissimulation du dopage russe. Mais il s&rsquo;est aussi attir\u00e9 des inimiti\u00e9s en d\u00e9cidant d&rsquo;attribuer des primes aux athl\u00e8tes m\u00e9daill\u00e9s d&rsquo;or des JO de Paris, sans consulter personne, alors que la plupart des f\u00e9d\u00e9rations internationales ne peuvent pas suivre financi\u00e8rement.<\/p>\n\n\n\n<p>Ses positions sans concession, dont le bannissement pur et simple des athl\u00e8tes russes depuis le d\u00e9but de la guerre en Ukraine, tranchent aussi avec le souci de consensus de Thomas Bach, qui les avait r\u00e9int\u00e9gr\u00e9s sous banni\u00e8re neutre \u00e0 la demande d&rsquo;une partie du monde olympique.<\/p>\n\n\n\n<p><strong>. Juan Antonio Samaranch Junior, l&rsquo;h\u00e9ritier<\/strong><\/p>\n\n\n\n<p>S&rsquo;il est un candidat qui n&rsquo;aura pas besoin de se faire un nom, c&rsquo;est bien le fils de l&rsquo;ancien patron embl\u00e9matique du CIO Juan Antonio Samaranch, dont le long r\u00e8gne (1980-2001) reste associ\u00e9 \u00e0 l&rsquo;explosion des revenus de l&rsquo;olympisme, mais aussi \u00e0 une gouvernance controvers\u00e9e.<\/p>\n\n\n\n<p>A 65 ans, l&rsquo;Espagnol n&rsquo;a pas de pass\u00e9 d&rsquo;athl\u00e8te mais est pour la deuxi\u00e8me fois vice-pr\u00e9sident du CIO (2016-2020 et depuis 2022), et suit de pr\u00e8s les questions marketing: son manifeste en porte la marque, notamment en explorant de nouvelles sources de revenus et en recommandant un r\u00e9examen du programme de sponsoring international.<\/p>\n\n\n\n<p>Il a nou\u00e9 des liens particuliers avec la Chine en pr\u00e9sidant la commission de coordination des JO-2022 de P\u00e9kin, et entendait en octobre dernier \u00ab\u00a0r\u00e9\u00e9tudier d\u00e8s que possible la r\u00e9int\u00e9gration du Comit\u00e9 olympique russe\u00a0\u00bb.<\/p>\n\n\n\n<p><strong>. Kirsty Coventry, l&rsquo;\u00e9toile montante<\/strong><\/p>\n\n\n\n<p>Ancienne nageuse de 41 ans, la Zimbabw\u00e9enne Kirsty Coventry est la seule femme candidate.<\/p>\n\n\n\n<p>Elle affiche un palmar\u00e8s olympique impressionnant avec sept m\u00e9dailles dont deux en or en cinq \u00e9ditions, une exp\u00e9rience gouvernementale (ministre des Sports), ainsi qu&rsquo;une ascension fulgurante au sein du CIO: entr\u00e9e en 2013, elle a pr\u00e9sid\u00e9 la commission des athl\u00e8tes, si\u00e8ge depuis 2018 \u00e0 la commission ex\u00e9cutive et dirige la commission de coordination des JO-2032 de Brisbane.<\/p>\n\n\n\n<p><strong>. Feisal Al-Hussein, le prince jordanien<\/strong><\/p>\n\n\n\n<p>Fr\u00e8re du roi Abdallah II de Jordanie, Feisal Al-Hussein pr\u00e9side le Comit\u00e9 olympique jordanien depuis 2003 et est membre du CIO depuis 2010. Depuis 2017, cet ancien militaire de 61 ans s&rsquo;occupe de pr\u00e9vention du harc\u00e8lement et des abus dans le sport -sur lesquelles il est le seul \u00e0 proposer un plan d&rsquo;action d\u00e9taill\u00e9-, ainsi que d&rsquo;\u00e9galit\u00e9 de genre et d&rsquo;inclusivit\u00e9.<\/p>\n\n\n\n<p><strong>. Johan Eliasch, l&rsquo;entrepreneur<\/strong><\/p>\n\n\n\n<p>Pr\u00e9sident de la F\u00e9d\u00e9ration internationale de ski (FIS) depuis 2021, le Britannico-Su\u00e9dois de 62 ans dirige depuis 1995 l&rsquo;\u00e9quipementier sportif Head, et estime que \u00ab\u00a0le CIO doit \u00eatre g\u00e9r\u00e9 comme une entreprise\u00a0\u00bb, en adaptant son mod\u00e8le \u00e0 une \u00ab\u00a0\u00e9conomie de l\u2019attention f\u00e9rocement concurrentielle\u00a0\u00bb.<\/p>\n\n\n\n<p>Engag\u00e9 au sein du parti conservateur britannique sur les questions environnementales, il a n\u00e9anmoins \u00e9t\u00e9 critiqu\u00e9 pour son action au sein de la FIS, puisque la Coupe du monde de ski alpin traverse l&rsquo;Atlantique deux fois par saison pour les \u00e9tapes am\u00e9ricaines.<\/p>\n\n\n\n<p><strong>. Morinari Watanabe et son \u00ab\u00a0id\u00e9e folle\u00a0\u00bb<\/strong><\/p>\n\n\n\n<p>Pr\u00e9sident de la F\u00e9d\u00e9ration internationale de gymnastique, le Japonais de 65 ans se distingue doublement de ses rivaux: il a de loin le programme le plus concis et le plus radical, proposant l&rsquo;organisation simultan\u00e9e des JO d&rsquo;\u00e9t\u00e9 dans cinq villes sur chaque continent, avec une diffusion continue en streaming.<\/p>\n","protected":false},"excerpt":{"rendered":"<p>Par Coralie FEBVRE \u00a9 2025 AFP &#8211; Combinaison de photos des sept candidats \u00e0 la pr\u00e9sidence du Comit\u00e9 international olympique<\/p>\n","protected":false},"author":1,"featured_media":53590,"comment_status":"open","ping_status":"open","sticky":false,"template":"","format":"standard","meta":{"footnotes":""},"categories":[9],"tags":[],"class_list":["post-53589","post","type-post","status-publish","format-standard","has-post-thumbnail","hentry","category-sports"],"_links":{"self":[{"href":"https:\/\/dekkbi.com\/index.php?rest_route=\/wp\/v2\/posts\/53589","targetHints":{"allow":["GET"]}}],"collection":[{"href":"https:\/\/dekkbi.com\/index.php?rest_route=\/wp\/v2\/posts"}],"about":[{"href":"https:\/\/dekkbi.com\/index.php?rest_route=\/wp\/v2\/types\/post"}],"author":[{"embeddable":true,"href":"https:\/\/dekkbi.com\/index.php?rest_route=\/wp\/v2\/users\/1"}],"replies":[{"embeddable":true,"href":"https:\/\/dekkbi.com\/index.php?rest_route=%2Fwp%2Fv2%2Fcomments&post=53589"}],"version-history":[{"count":1,"href":"https:\/\/dekkbi.com\/index.php?rest_route=\/wp\/v2\/posts\/53589\/revisions"}],"predecessor-version":[{"id":53591,"href":"https:\/\/dekkbi.com\/index.php?rest_route=\/wp\/v2\/posts\/53589\/revisions\/53591"}],"wp:featuredmedia":[{"embeddable":true,"href":"https:\/\/dekkbi.com\/index.php?rest_route=\/wp\/v2\/media\/53590"}],"wp:attachment":[{"href":"https:\/\/dekkbi.com\/index.php?rest_route=%2Fwp%2Fv2%2Fmedia&parent=53589"}],"wp:term":[{"taxonomy":"category","embeddable":true,"href":"https:\/\/dekkbi.com\/index.php?rest_route=%2Fwp%2Fv2%2Fcategories&post=53589"},{"taxonomy":"post_tag","embeddable":true,"href":"https:\/\/dekkbi.com\/index.php?rest_route=%2Fwp%2Fv2%2Ftags&post=53589"}],"curies":[{"name":"wp","href":"https:\/\/api.w.org\/{rel}","templated":true}]}}