{"id":53575,"date":"2025-03-19T12:02:18","date_gmt":"2025-03-19T12:02:18","guid":{"rendered":"https:\/\/dekkbi.com\/?p=53575"},"modified":"2025-03-19T12:02:18","modified_gmt":"2025-03-19T12:02:18","slug":"est-de-la-rdc-felix-tshisekedi-et-paul-kagame-se-sont-entretenus-au-qatar","status":"publish","type":"post","link":"https:\/\/dekkbi.com\/?p=53575","title":{"rendered":"Est de la RDC: F\u00e9lix Tshisekedi et Paul Kagame se sont entretenus au Qatar"},"content":{"rendered":"\n<p>Pour la premi\u00e8re fois depuis plus d&rsquo;un an, les&nbsp;pr\u00e9sidents de la R\u00e9publique d\u00e9mocratique du Congo (RDC), F\u00e9lix Tshisekedi, et du Rwanda, Paul Kagame, se sont entretenus. Le face-\u00e0-face a eu lieu mardi 18 mars au Qatar, sous la m\u00e9diation de l&rsquo;\u00e9mir, pour&nbsp;tenter de trouver une solution \u00e0 la crise s\u00e9curitaire de l&rsquo;Est de la RDC. Kinshasa accuse son voisin de soutenir la r\u00e9bellion du M23, qui s&rsquo;est empar\u00e9e de larges parts des provinces du Sud et du Nord-Kivu. Des accusations \u00e9tay\u00e9es par plusieurs rapports des Nations unies, mais d\u00e9menties par le Kigali. Depuis, plusieurs processus essayaient de relancer le dialogue entre les deux hommes. C&rsquo;est d\u00e9sormais chose faite.<\/p>\n\n\n\n<p>Le communiqu\u00e9 du\u00a0<strong>Qatar<\/strong>\u00a0est assez bref, mais il y a l&rsquo;essentiel : les deux chefs d&rsquo;\u00c9tat de\u00a0<strong>RDC<\/strong>\u00a0et du\u00a0<strong>Rwanda<\/strong>\u00a0se sont bien rencontr\u00e9s mardi 18 mars, en t\u00eate-\u00e0-t\u00eate, sous la m\u00e9diation de l&rsquo;\u00e9mir du Qatar,\u00a0<strong>Tamim ben Hamad al-Thani<\/strong>. C&rsquo;est une premi\u00e8re depuis le sommet de l&rsquo;Union africaine, en f\u00e9vrier 2024.<\/p>\n\n\n\n<p>Mais l&rsquo;ambiance lors de cet entretien qui s&rsquo;est d\u00e9roul\u00e9 \u00e0 Doha semble avoir \u00e9t\u00e9 assez diff\u00e9rente, selon le communiqu\u00e9. On se souvient en effet que le climat de leur pr\u00e9c\u00e9dente rencontre avait \u00e9t\u00e9 particuli\u00e8rement glaciale.&nbsp;\u00ab&nbsp;<em>C&rsquo;\u00e9tait une v\u00e9ritable confrontation caract\u00e9ris\u00e9e par des \u00e9changes houleux<\/em>&nbsp;\u00bb, rappelle de son c\u00f4t\u00e9 un diplomate pr\u00e9sent ce jour-l\u00e0 \u00e0 Addis Abeba.<\/p>\n\n\n\n<p>Cette fois-ci,\u00a0<strong>F\u00e9lix Tshisekedi<\/strong>\u00a0et\u00a0<strong>Paul Kagame<\/strong>\u00a0ont r\u00e9affirm\u00e9 leur engagement \u00e0 un\u00a0\u00ab\u00a0<em>cessez-le-feu imm\u00e9diat et inconditionnel<\/em>\u00a0\u00bb et se sont accord\u00e9s sur la n\u00e9cessit\u00e9 de poursuivre les discussions.\u00a0La rencontre a commenc\u00e9 \u00e0 16 heures \u00e0 Doha (13h TU). Selon les sources de RFI, elle a dur\u00e9 environ 45 minutes, dans un climat jug\u00e9\u00a0\u00ab\u00a0<em>cordial<\/em>\u00a0\u00bb, en grande partie gr\u00e2ce \u00e0 l&rsquo;implication de l&rsquo;\u00e9mir qui avait d\u00e9j\u00e0 essay\u00e9, en janvier 2023, d\u2019organiser une rencontre &#8211; annul\u00e9e au dernier moment &#8211; entre les deux pr\u00e9sidents.<\/p>\n\n\n\n<p>S&rsquo;il en est autrement aujourd&rsquo;hui, c&rsquo;est notamment parce que les circonstances ont chang\u00e9. Si, d&rsquo;un c\u00f4t\u00e9, les sanctions et les pressions de l&rsquo;Occident commencent \u00e0 peser sur Paul Kagame, de l&rsquo;autre, F\u00e9lix Tshisekedi a fini par se ranger \u00e0 l&rsquo;id\u00e9e de n\u00e9gocier avec le M23 qu&rsquo;il rejetait jusqu&rsquo;ici, les rapports de force sur le terrain ayant chang\u00e9 depuis que le groupe arm\u00e9 a conquis Goma et Bukavu, d\u00e9crypte Tr\u00e9sor Kibangula, de l&rsquo;Institut d&rsquo;analyses politiques Ebuteli.<\/p>\n\n\n\n<h2 class=\"wp-block-heading\">\u00ab&nbsp;<em>Nous esp\u00e9rons que cette rencontre va calmer les ardeurs des combattants sur le terrain<\/em>&nbsp;\u00bb<\/h2>\n\n\n\n<p>C&rsquo;est ce que l&rsquo;on peut appeler une entrevue surprise, puisque les regards \u00e9taient tourn\u00e9s vers l&rsquo;Angola, o\u00f9 devaient s&rsquo;ouvrir \u00e0 Luanda ce 18 mars des n\u00e9gociations entre le groupe arm\u00e9 AFC\/<strong>M23<\/strong>\u00a0et Kinshasa. Des n\u00e9gociations qui n&rsquo;ont pas pu commencer, en raison de l&rsquo;absence, justement, du mouvement rebelle, qui a\u00a0<strong>suspendu sa participation<\/strong>.<\/p>\n\n\n\n<p>\u00ab&nbsp;<em>Le pr\u00e9sident a \u00e9t\u00e9 fid\u00e8le \u00e0 sa position<\/em>, confie une source \u00e0 la pr\u00e9sidence congolaise,&nbsp;<em>\u00e0 savoir n\u00e9gocier directement avec celui qu&rsquo;il consid\u00e8re comme le vrai chef du M23, Paul Kagame. Finalement, ce qui arrive est conforme \u00e0 ce qu&rsquo;il a toujours dit.<\/em>&nbsp;\u00bb<\/p>\n\n\n\n<p>D&rsquo;apr\u00e8s nos informations, Kinshasa est reparti de Doha avec un certain optimisme.&nbsp;\u00ab&nbsp;<em>Nous esp\u00e9rons que cette rencontre va calmer les ardeurs des combattants sur le terrain<\/em>&nbsp;\u00bb, confie \u00e0 RFI une source.&nbsp;Les trois parties ont \u00e9galement convenu de poursuivre les discussions entam\u00e9es afin d&rsquo;\u00e9tablir des bases solides pour une r\u00e9solution durable du conflit dans l&rsquo;Est de la RDC.&nbsp;<\/p>\n\n\n\n<p>SOURCE RFI.FR<\/p>\n\n\n\n<p><\/p>\n","protected":false},"excerpt":{"rendered":"<p>Pour la premi\u00e8re fois depuis plus d&rsquo;un an, les&nbsp;pr\u00e9sidents de la R\u00e9publique d\u00e9mocratique du Congo (RDC), F\u00e9lix Tshisekedi, et du<\/p>\n","protected":false},"author":1,"featured_media":53576,"comment_status":"open","ping_status":"open","sticky":false,"template":"","format":"standard","meta":{"footnotes":""},"categories":[51],"tags":[],"class_list":["post-53575","post","type-post","status-publish","format-standard","has-post-thumbnail","hentry","category-general"],"_links":{"self":[{"href":"https:\/\/dekkbi.com\/index.php?rest_route=\/wp\/v2\/posts\/53575","targetHints":{"allow":["GET"]}}],"collection":[{"href":"https:\/\/dekkbi.com\/index.php?rest_route=\/wp\/v2\/posts"}],"about":[{"href":"https:\/\/dekkbi.com\/index.php?rest_route=\/wp\/v2\/types\/post"}],"author":[{"embeddable":true,"href":"https:\/\/dekkbi.com\/index.php?rest_route=\/wp\/v2\/users\/1"}],"replies":[{"embeddable":true,"href":"https:\/\/dekkbi.com\/index.php?rest_route=%2Fwp%2Fv2%2Fcomments&post=53575"}],"version-history":[{"count":1,"href":"https:\/\/dekkbi.com\/index.php?rest_route=\/wp\/v2\/posts\/53575\/revisions"}],"predecessor-version":[{"id":53577,"href":"https:\/\/dekkbi.com\/index.php?rest_route=\/wp\/v2\/posts\/53575\/revisions\/53577"}],"wp:featuredmedia":[{"embeddable":true,"href":"https:\/\/dekkbi.com\/index.php?rest_route=\/wp\/v2\/media\/53576"}],"wp:attachment":[{"href":"https:\/\/dekkbi.com\/index.php?rest_route=%2Fwp%2Fv2%2Fmedia&parent=53575"}],"wp:term":[{"taxonomy":"category","embeddable":true,"href":"https:\/\/dekkbi.com\/index.php?rest_route=%2Fwp%2Fv2%2Fcategories&post=53575"},{"taxonomy":"post_tag","embeddable":true,"href":"https:\/\/dekkbi.com\/index.php?rest_route=%2Fwp%2Fv2%2Ftags&post=53575"}],"curies":[{"name":"wp","href":"https:\/\/api.w.org\/{rel}","templated":true}]}}