{"id":53528,"date":"2025-03-19T10:25:21","date_gmt":"2025-03-19T10:25:21","guid":{"rendered":"https:\/\/dekkbi.com\/?p=53528"},"modified":"2025-03-19T10:29:18","modified_gmt":"2025-03-19T10:29:18","slug":"controle-des-prix-le-programme-de-recrutement-de-1000-volontaires-de-la-consommation-lance","status":"publish","type":"post","link":"https:\/\/dekkbi.com\/?p=53528","title":{"rendered":"Contr\u00f4le des prix: le programme de recrutement de 1000 volontaires de la consommation lanc\u00e9"},"content":{"rendered":"\n<p>Dakar,  (APS) \u2013 Le ministre de l\u2019Industrie et du Commerce, Serigne Gu\u00e8ye Diop, a lanc\u00e9, mardi, \u00e0 Dakar, le programme de recrutement de 1 000 volontaires de la consommation charg\u00e9s de contr\u00f4ler les prix et de contribuer \u00e0 la protection des droits des consommateurs.<\/p>\n\n\n\n<p>\u2018\u2019Nous avons d\u00e9cid\u00e9 de recruter 1 000 jeunes volontaires dans les 14 r\u00e9gions du S\u00e9n\u00e9gal pour v\u00e9rifier le respect des prix des denr\u00e9es\u2019\u2019, a dit M. Diop, pr\u00e9cisant que l\u2019\u00e2ge des candidats \u00e0 ce concours varie entre 25 et 45 ans.<\/p>\n\n\n\n<p>Pour la transparence dans ce recrutement, a-t-il dit, un site d\u2019information a \u00e9t\u00e9 cr\u00e9\u00e9 pour permettre aux candidats de s\u2019inscrire.<\/p>\n\n\n\n<p>\u2018\u2019Nous avons mis en place un syst\u00e8me informatique accessible \u00e0 tous, qui sera activ\u00e9 \u00e0 partir de minuit (mercredi)\u2019\u2019, a annonc\u00e9 Serigne Gu\u00e8ye Diop.<\/p>\n\n\n\n<p>Dans certaines r\u00e9gions du pays, \u2018\u2019nous avons constat\u00e9 des cas de non-respect des prix des produits de consommation \u00e0 la suite des mesures urgentes prises par le pr\u00e9sident [de la R\u00e9publique], Bassirou Diomaye Faye, pour all\u00e9ger le co\u00fbt de la vie\u2019\u2019, a-t-il expliqu\u00e9.<\/p>\n\n\n\n<p>Les 1 000 volontaires vont assurer \u2018\u2019une pr\u00e9sence active sur le terrain et d\u00e9fendre les int\u00e9r\u00eats \u00e9conomiques des consommateurs et des couches vuln\u00e9rables\u2019\u2019, a assur\u00e9 le ministre de l\u2019Industrie et du Commerce.<\/p>\n\n\n\n<p>Les services de contr\u00f4le du commerce vont contr\u00f4ler pr\u00e8s de 60 000 boutiques sur le territoire national, avec l\u2019aide des volontaires de la consommation, selon lui.<\/p>\n\n\n\n<p>\u2018\u2019Malgr\u00e9 l\u2019excellent travail des contr\u00f4leurs \u00e9conomiques, il faut reconna\u00eetre qu\u2019ils ne sont que 200 agents, pour un pays de 18 millions d\u2019habitants\u2019\u2019, a-t-il signal\u00e9.<\/p>\n\n\n\n<p>Selon Serigne Gu\u00e8ye Diop, le recrutement des volontaires va \u00e9galement \u2018\u2019contribuer \u00e0 la lutte contre le ch\u00f4mage des jeunes et l\u2019\u00e9migration irr\u00e9guli\u00e8re\u2019\u2019.<\/p>\n\n\n\n<p>\u2018\u2019On sait tous qu\u2019un salaire mensuel de 100 000 francs CFA et une indemnit\u00e9 pour le t\u00e9l\u00e9phone sont une bouff\u00e9e d\u2019oxyg\u00e8ne pour certains jeunes qui sont au ch\u00f4mage\u2019\u2019, a-t-il affirm\u00e9.<\/p>\n\n\n\n<p>Ceux qui seront recrut\u00e9s vont aider \u00e0 \u2018\u2019garantir le respect des normes et \u00e0 assurer une meilleure r\u00e9gulation des prix\u2019\u2019, a ajout\u00e9 Serigne Gu\u00e8ye Diop.<\/p>\n\n\n\n<p>Les volontaires vont travailler dans \u2018\u2019la plus grande rigueur morale\u2019\u2019, a-t-il dit, pr\u00e9cisant qu\u2019\u2018\u2019ils ne sont ni des contr\u00f4leurs ni des agents des services de contr\u00f4le\u2019\u2019.<\/p>\n\n\n\n<p>Ce sont des auxiliaires, a pr\u00e9cis\u00e9 M. Diop, ajoutant que \u2018\u2019seul l\u2019agent asserment\u00e9 a le droit de verbaliser un commer\u00e7ant ou de saisir\u2019\u2019 des marchandises.<\/p>\n\n\n\n<p>\u2018\u2019Par contre, ils (les volontaires) sont autoris\u00e9s \u00e0 aller dans toutes les boutiques, \u00e0 demander les prix appliqu\u00e9s, \u00e0 v\u00e9rifier s\u2019ils sont affich\u00e9s, \u00e0 signaler toute d\u00e9viation et le non-respect des r\u00e8gles d\u2019hygi\u00e8ne\u2019\u2019, expliqu\u00e9 le ministre de l\u2019Industrie et du Commerce.<\/p>\n\n\n\n<p>Des repr\u00e9sentants des associations de d\u00e9fense des droits des consommateurs ont pris part au lancement du programme.<\/p>\n\n\n\n<p>\u2018\u2019Nous nous devons de saluer cette mesure qui permettra aux commer\u00e7ants de travailler sans faire du tort aux consommateurs\u2019\u2019, a dit Dame Ndiaye, le repr\u00e9sentant de l\u2019UNACOIS Yessal, une association de commer\u00e7ants.<\/p>\n\n\n\n<figure class=\"wp-block-embed is-type-rich is-provider-prise-en-charge-des-contenus-embarqu-s wp-block-embed-prise-en-charge-des-contenus-embarqu-s\"><div class=\"wp-block-embed__wrapper\">\nhttps:\/\/youtube.com\/watch?v=u9H2wEOEsEw%3Ffeature%3Doembed\n<\/div><\/figure>\n\n\n\n<p>CS\/OID\/ESF<\/p>\n","protected":false},"excerpt":{"rendered":"<p>Dakar, (APS) \u2013 Le ministre de l\u2019Industrie et du Commerce, Serigne Gu\u00e8ye Diop, a lanc\u00e9, mardi, \u00e0 Dakar, le programme<\/p>\n","protected":false},"author":1,"featured_media":53530,"comment_status":"open","ping_status":"open","sticky":false,"template":"","format":"standard","meta":{"footnotes":""},"categories":[3],"tags":[],"class_list":["post-53528","post","type-post","status-publish","format-standard","has-post-thumbnail","hentry","category-event-more-news"],"_links":{"self":[{"href":"https:\/\/dekkbi.com\/index.php?rest_route=\/wp\/v2\/posts\/53528","targetHints":{"allow":["GET"]}}],"collection":[{"href":"https:\/\/dekkbi.com\/index.php?rest_route=\/wp\/v2\/posts"}],"about":[{"href":"https:\/\/dekkbi.com\/index.php?rest_route=\/wp\/v2\/types\/post"}],"author":[{"embeddable":true,"href":"https:\/\/dekkbi.com\/index.php?rest_route=\/wp\/v2\/users\/1"}],"replies":[{"embeddable":true,"href":"https:\/\/dekkbi.com\/index.php?rest_route=%2Fwp%2Fv2%2Fcomments&post=53528"}],"version-history":[{"count":2,"href":"https:\/\/dekkbi.com\/index.php?rest_route=\/wp\/v2\/posts\/53528\/revisions"}],"predecessor-version":[{"id":53532,"href":"https:\/\/dekkbi.com\/index.php?rest_route=\/wp\/v2\/posts\/53528\/revisions\/53532"}],"wp:featuredmedia":[{"embeddable":true,"href":"https:\/\/dekkbi.com\/index.php?rest_route=\/wp\/v2\/media\/53530"}],"wp:attachment":[{"href":"https:\/\/dekkbi.com\/index.php?rest_route=%2Fwp%2Fv2%2Fmedia&parent=53528"}],"wp:term":[{"taxonomy":"category","embeddable":true,"href":"https:\/\/dekkbi.com\/index.php?rest_route=%2Fwp%2Fv2%2Fcategories&post=53528"},{"taxonomy":"post_tag","embeddable":true,"href":"https:\/\/dekkbi.com\/index.php?rest_route=%2Fwp%2Fv2%2Ftags&post=53528"}],"curies":[{"name":"wp","href":"https:\/\/api.w.org\/{rel}","templated":true}]}}