{"id":53520,"date":"2025-03-19T10:09:59","date_gmt":"2025-03-19T10:09:59","guid":{"rendered":"https:\/\/dekkbi.com\/?p=53520"},"modified":"2025-03-19T10:10:00","modified_gmt":"2025-03-19T10:10:00","slug":"ville-verte-au-lac-rose-un-projet-durable-suscite-espoirs-et-inquietudes","status":"publish","type":"post","link":"https:\/\/dekkbi.com\/?p=53520","title":{"rendered":"Ville Verte au Lac Rose: Un projet durable suscite espoirs et inqui\u00e9tudes"},"content":{"rendered":"\n<h3 class=\"wp-block-heading\">Ce mardi 18 mars 2025, au Lac Rose, une audience publique pr\u00e9sid\u00e9e par le Sous-pr\u00e9fet de l\u2019arrondissement de Sangalkam, M. Mamadou Diouf, a rassembl\u00e9 des acteurs cl\u00e9s et des citoyens concern\u00e9s, pour discuter du rapport de l\u2019\u00c9tude d\u2019Impact Environnemental et Social (EIES) du projet \u00ab Ville Verte \u00bb. Ce projet ambitieux, port\u00e9 par Casa Orascom, vise \u00e0 construire une ville \u00e0 usage mixte, combinant logements, espaces verts et infrastructures modernes, au c\u0153ur du p\u00f4le urbain du Lac Rose.<\/h3>\n\n\n\n<p>L\u2019initiative, pr\u00e9sent\u00e9e comme une r\u00e9ponse \u00e0 l\u2019accroissement d\u00e9mographique de Dakar et au manque de logements durables, suscite \u00e0 la fois l\u2019enthousiasme et l\u2019inqui\u00e9tude. Les d\u00e9bats ont mis en lumi\u00e8re des perspectives divergentes, refl\u00e9tant les espoirs et les craintes des diff\u00e9rentes parties prenantes.<\/p>\n\n\n\n<p>Le projet \u00ab Ville Verte \u00bb se pr\u00e9sente comme une nouvelle mani\u00e8re de vivre, un mod\u00e8le d\u2019urbanisation durable, qui entend concilier d\u00e9veloppement \u00e9conomique et pr\u00e9servation de l\u2019environnement. Implant\u00e9e sur 216 hectares entre le Lac Rose et l\u2019Oc\u00e9an Atlantique, cette ville nouvelle promet une connectivit\u00e9 exceptionnelle, des logements accessibles \u00e0 toutes les bourses et des infrastructures modernes int\u00e9gr\u00e9es dans un cadre naturel luxuriant. Les concepteurs du projet insistent sur leur engagement \u00e0 pr\u00e9server l\u2019environnement, avec des mesures telles que le recyclage des eaux us\u00e9es, l\u2019utilisation d\u2019\u00e9nergies renouvelables et la gestion s\u00e9lective des d\u00e9chets. \u00ab Ville Verte, c\u2019est avant tout s\u2019unir pour un avenir durable \u00bb, affirment-ils, en soulignant l\u2019importance de l\u2019innovation et de la pr\u00e9servation du patrimoine naturel du S\u00e9n\u00e9gal.<\/p>\n\n\n\n<p>Cependant, malgr\u00e9 ces promesses, le projet n\u2019a pas manqu\u00e9 de soulever des questions et des controverses lors de l\u2019audience publique. Les r\u00e9actions des participants ont \u00e9t\u00e9 vari\u00e9es, allant de l\u2019enthousiasme sans r\u00e9serve aux critiques acerbes, en passant par des appels \u00e0 la prudence.<\/p>\n\n\n\n<p>Momar Sokhna Diop, Maire de la commune de Tivaouane Peulh-Niaga, a exprim\u00e9 un soutien sans \u00e9quivoque au projet. Pour lui, \u00ab Ville Verte \u00bb repr\u00e9sente une opportunit\u00e9 unique, de transformer sa commune en un mod\u00e8le de d\u00e9veloppement urbain durable. \u00ab&nbsp;<em>Nous avons toujours voulu que la commune de Tivaouane Peulh-Niaga soit une commune de r\u00e9f\u00e9rence, voire la plus belle du S\u00e9n\u00e9gal<\/em>&nbsp;\u00bb, a-t-il d\u00e9clar\u00e9. Il a soulign\u00e9 les avantages \u00e9conomiques et sociaux du projet, notamment la cr\u00e9ation d\u2019emplois pour les jeunes et l\u2019am\u00e9lioration des infrastructures locales. \u00ab&nbsp;<em>Ce projet va faire du Lac Rose, une ville r\u00e9sidentielle et touristique de premier plan, tout en pr\u00e9servant l\u2019environnement, gr\u00e2ce \u00e0 l\u2019expertise des sp\u00e9cialistes en urbanisme et en \u00e9cologie&nbsp;<\/em>\u00bb, a-t-il ajout\u00e9. Pour lui, \u00ab Ville Verte \u00bb est une chance \u00e0 saisir pour construire le S\u00e9n\u00e9gal de 2050, un S\u00e9n\u00e9gal vert et prosp\u00e8re.<\/p>\n\n\n\n<p>\u00c0 l\u2019oppos\u00e9, Ousmane Sock, pr\u00e9sident de l\u2019Association pour la d\u00e9fense des int\u00e9r\u00eats des populations (Aar Sunu Mom\u00e9l), a exprim\u00e9 des r\u00e9serves quant \u00e0 la communication autour du projet. Selon lui, de nombreux riverains ne comprennent pas encore les objectifs et les implications de \u00ab Ville Verte \u00bb. \u00ab&nbsp;<em>La principale crainte, c\u2019est l\u2019absence de communication<\/em>&nbsp;\u00bb, a-t-il expliqu\u00e9. Il a soulign\u00e9 l\u2019importance de mieux expliquer aux populations locales, les b\u00e9n\u00e9fices concrets du projet, notamment en termes de logements sociaux. \u00ab&nbsp;<em>Nous avons besoin de ces logements pour r\u00e9duire le nombre de locataires et am\u00e9liorer les conditions de vie des S\u00e9n\u00e9galais<\/em>&nbsp;\u00bb, a-t-il affirm\u00e9. Pour lui, une communication claire et transparente est essentielle pour obtenir l\u2019adh\u00e9sion des populations.<\/p>\n\n\n\n<p>Ibrahima Mbaye, pr\u00e9sident de l\u2019Association pour la protection du Lac Rose (Aar Lac Rose), a, quant \u00e0 lui, exprim\u00e9 des craintes environnementales. Il a mis en garde contre les risques que le projet fait peser sur l\u2019\u00e9cosyst\u00e8me fragile du Lac Rose. \u00ab&nbsp;<em>Le Lac Rose est un site sensible, avec une bande de filaos plant\u00e9e depuis les ann\u00e9es 60, pour prot\u00e9ger les dunes de sable&nbsp;<\/em>\u00bb, a-t-il rappel\u00e9. Il a soulign\u00e9 que la construction de 78 000 logements sur 216 hectares, pourrait perturber cet \u00e9quilibre d\u00e9licat. \u00ab&nbsp;<em>On ne refuse pas le d\u00e9veloppement, mais il faut \u00eatre prudent avec un site aussi fragile<\/em>&nbsp;\u00bb, a-t-il insist\u00e9. Pour lui, le projet risque de compromettre non seulement l\u2019environnement, mais aussi le tourisme et le cadre de vie des populations locales.<\/p>\n\n\n\n<p>Enfin, Idy B\u00e2, g\u00e9rant d\u2019h\u00f4tel, a propos\u00e9 une solution alternative : la d\u00e9localisation du projet ou une modification de sa physionomie. Selon lui, l\u2019emplacement actuel du projet n\u2019est pas adapt\u00e9 aux activit\u00e9s touristiques du Lac Rose. \u00ab&nbsp;<em>Le Lac Rose est une zone touristique sensible et ce projet pourrait nuire \u00e0 son attractivit\u00e9<\/em>&nbsp;\u00bb, a-t-il d\u00e9clar\u00e9. Il a sugg\u00e9r\u00e9 de d\u00e9placer le projet vers une autre zone ou de revoir son design, pour y inclure davantage d\u2019espaces verts et de terrains de jeux. \u00ab&nbsp;<em>Cela permettrait de pr\u00e9server le caract\u00e8re unique du Lac Rose, tout en r\u00e9pondant aux besoins de d\u00e9veloppement<\/em>&nbsp;\u00bb, a-t-il expliqu\u00e9.<\/p>\n\n\n\n<p>L\u2019audience publique a ainsi mis en lumi\u00e8re les tensions entre d\u00e9veloppement et pr\u00e9servation, entre espoirs et craintes. D\u2019un c\u00f4t\u00e9, \u00ab Ville Verte \u00bb est per\u00e7u comme une opportunit\u00e9 de moderniser la r\u00e9gion, de cr\u00e9er des emplois et de r\u00e9pondre \u00e0 la crise du logement. De l\u2019autre, il est vu comme une menace pour l\u2019environnement et le mode de vie des populations locales. Les d\u00e9bats ont \u00e9galement r\u00e9v\u00e9l\u00e9 l\u2019importance d\u2019une communication claire et inclusive, pour garantir l\u2019adh\u00e9sion des citoyens.<\/p>\n\n\n\n<p>En conclusion, le projet \u00ab Ville Verte \u00bb incarne les d\u00e9fis et les contradictions du d\u00e9veloppement urbain au S\u00e9n\u00e9gal. Alors que certains y voient une vision d\u2019avenir, d\u2019autres redoutent ses cons\u00e9quences sur l\u2019environnement et les communaut\u00e9s locales. La r\u00e9ussite de ce projet d\u00e9pendra de la capacit\u00e9 des porteurs, \u00e0 concilier ces perspectives divergentes, \u00e0 \u00e9couter les pr\u00e9occupations des populations et \u00e0 mettre en \u0153uvre des mesures concr\u00e8tes pour pr\u00e9server l\u2019\u00e9quilibre \u00e9cologique du Lac Rose. Comme l\u2019a r\u00e9sum\u00e9 un participant : \u00ab&nbsp;<em>Le d\u00e9veloppement est n\u00e9cessaire, mais il ne doit pas se faire au d\u00e9triment de notre patrimoine naturel et de notre identit\u00e9<\/em>&nbsp;\u00bb.<\/p>\n\n\n\n<p><strong>Birame Khary Ndaw<\/strong><\/p>\n\n\n\n<p>SOURCE LERAL<\/p>\n","protected":false},"excerpt":{"rendered":"<p>Ce mardi 18 mars 2025, au Lac Rose, une audience publique pr\u00e9sid\u00e9e par le Sous-pr\u00e9fet de l\u2019arrondissement de Sangalkam, M.<\/p>\n","protected":false},"author":1,"featured_media":53521,"comment_status":"open","ping_status":"open","sticky":false,"template":"","format":"standard","meta":{"footnotes":""},"categories":[21],"tags":[],"class_list":["post-53520","post","type-post","status-publish","format-standard","has-post-thumbnail","hentry","category-societe"],"_links":{"self":[{"href":"https:\/\/dekkbi.com\/index.php?rest_route=\/wp\/v2\/posts\/53520","targetHints":{"allow":["GET"]}}],"collection":[{"href":"https:\/\/dekkbi.com\/index.php?rest_route=\/wp\/v2\/posts"}],"about":[{"href":"https:\/\/dekkbi.com\/index.php?rest_route=\/wp\/v2\/types\/post"}],"author":[{"embeddable":true,"href":"https:\/\/dekkbi.com\/index.php?rest_route=\/wp\/v2\/users\/1"}],"replies":[{"embeddable":true,"href":"https:\/\/dekkbi.com\/index.php?rest_route=%2Fwp%2Fv2%2Fcomments&post=53520"}],"version-history":[{"count":1,"href":"https:\/\/dekkbi.com\/index.php?rest_route=\/wp\/v2\/posts\/53520\/revisions"}],"predecessor-version":[{"id":53522,"href":"https:\/\/dekkbi.com\/index.php?rest_route=\/wp\/v2\/posts\/53520\/revisions\/53522"}],"wp:featuredmedia":[{"embeddable":true,"href":"https:\/\/dekkbi.com\/index.php?rest_route=\/wp\/v2\/media\/53521"}],"wp:attachment":[{"href":"https:\/\/dekkbi.com\/index.php?rest_route=%2Fwp%2Fv2%2Fmedia&parent=53520"}],"wp:term":[{"taxonomy":"category","embeddable":true,"href":"https:\/\/dekkbi.com\/index.php?rest_route=%2Fwp%2Fv2%2Fcategories&post=53520"},{"taxonomy":"post_tag","embeddable":true,"href":"https:\/\/dekkbi.com\/index.php?rest_route=%2Fwp%2Fv2%2Ftags&post=53520"}],"curies":[{"name":"wp","href":"https:\/\/api.w.org\/{rel}","templated":true}]}}