{"id":53504,"date":"2025-03-18T11:18:56","date_gmt":"2025-03-18T11:18:56","guid":{"rendered":"https:\/\/dekkbi.com\/?p=53504"},"modified":"2025-03-18T11:18:57","modified_gmt":"2025-03-18T11:18:57","slug":"gaza-sous-les-bombes-israel-ordonne-levacuation-de-plusieurs-zones","status":"publish","type":"post","link":"https:\/\/dekkbi.com\/?p=53504","title":{"rendered":"Gaza sous les bombes: Isra\u00ebl ordonne l&rsquo;\u00e9vacuation de plusieurs zones"},"content":{"rendered":"\n<p>Ce mardi 18 mars, la guerre reprend violemment dans la bande de Gaza. Isra\u00ebl a bombard\u00e9 l\u2019ensemble de l\u2019enclave palestinienne, faisant au moins 413 morts selon le minist\u00e8re de la Sant\u00e9. Tandis que l\u2019\u00c9tat h\u00e9breu affirme viser des positions du Hamas et justifie ses frappes par le \u00ab&nbsp;<em>refus<\/em>&nbsp;\u00bb du groupe arm\u00e9 palestinien de lib\u00e9rer tous les otages isra\u00e9liens, des images de civils tu\u00e9s ou bless\u00e9s affluent du terrain. Face \u00e0 l\u2019intensit\u00e9 des frappes, l\u2019arm\u00e9e isra\u00e9lienne a ordonn\u00e9 l\u2019\u00e9vacuation de plusieurs zones, qualifi\u00e9es de \u00ab&nbsp;<em>dangereuses<\/em>&nbsp;\u00bb.<\/p>\n\n\n\n<p><strong>Par : RFI avec agences<\/strong><\/p>\n\n\n\n<p>C\u2019est \u00e0 2h20 ce 18 mars au matin en heure locale que la tr\u00eave dans la bande de Gaza a pris fin, \u00e9crit notre correspondant \u00e0 J\u00e9rusalem,\u00a0<strong>Michel Paul<\/strong>. Si l&rsquo;arm\u00e9e isra\u00e9lienne n&rsquo;a donn\u00e9 aucun d\u00e9tail sur les bombardements, les services du Premier ministre isra\u00e9lien\u00a0<strong>Benyamin Netanyahu<\/strong>\u00a0ont d\u00e9clar\u00e9 que celui-ci a ordonn\u00e9 \u00e0 l&rsquo;arm\u00e9e isra\u00e9lienne de mener une \u00ab<em>\u00a0action forte<\/em>\u00a0\u00bb contre le Hamas. Ces frappes isra\u00e9liennes \u00e0 travers la bande de Gaza interviennent \u00ab<em>\u00a0\u00e0 la suite des refus r\u00e9p\u00e9t\u00e9s du Hamas de lib\u00e9rer nos otages, de m\u00eame que son rejet de toutes les propositions qu&rsquo;il a re\u00e7ues de l&rsquo;\u00e9missaire sp\u00e9cial am\u00e9ricain Steve Witkoff et des m\u00e9diateurs<\/em>\u00a0\u00bb, ont d\u00e9clar\u00e9 les services de Benyamin Netanyahu.\u00a0\u00ab<em>\u00a0<strong>Isra\u00ebl\u00a0<\/strong>va d\u00e9sormais agir contre le Hamas avec une puissance militaire accrue<\/em>\u00a0\u00bb, ont-ils ajout\u00e9 dans un communiqu\u00e9. Une offensive qui durera \u00ab\u00a0aussi longtemps que n\u00e9cessaire\u00a0\u00bb, ont ajout\u00e9 les Isra\u00e9liens.<\/p>\n\n\n\n<p>Un porte-parole de la Maison Blanche a d\u00e9clar\u00e9 quelques instants plus tard sur Fox News que l&rsquo;administration du pr\u00e9sident am\u00e9ricain Donald Trump a \u00e9t\u00e9 consult\u00e9e lundi par Isra\u00ebl \u00e0 propos de ces frappes.<\/p>\n\n\n\n<h2 class=\"wp-block-heading\">\u00ab<em>Unilat\u00e9ralement<\/em>\u00a0\u00bb<\/h2>\n\n\n\n<p>Un repr\u00e9sentant de haut rang du Hamas a accus\u00e9 Isra\u00ebl de mettre ainsi fin \u00ab<em>&nbsp;unilat\u00e9ralement<\/em>&nbsp;\u00bb \u00e0 l&rsquo;accord de cessez-le-feu entr\u00e9 en vigueur le 19 janvier et dont la premi\u00e8re phase a pris fin le 2 mars. Les m\u00e9diateurs de pays arabes n&rsquo;ont pas r\u00e9ussi \u00e0 faire avancer les n\u00e9gociations entre l&rsquo;\u00c9tat h\u00e9breu et le groupe palestinien depuis la fin de cette premi\u00e8re phase. La deuxi\u00e8me phase de l&rsquo;accord devait permettre la lib\u00e9ration des derniers otages d\u00e9tenus par le Hamas \u00e0 Gaza et aboutir \u00e0 une cessation permanente des hostilit\u00e9s.<\/p>\n\n\n\n<p>Le Hamas reproche \u00e0 Isra\u00ebl d\u2019avoir repris son \u00ab&nbsp;<em>agression<\/em>&nbsp;\u00bb contre les civils de la bande de Gaza et de mettre en danger les otages isra\u00e9liens encore d\u00e9tenus. \u00ab&nbsp;<em>Le Hamas travaille avec les m\u00e9diateurs internationaux pour freiner l&rsquo;agression d&rsquo;Isra\u00ebl&nbsp;<\/em>\u00bb, a d\u00e9clar\u00e9 mardi un dirigeant du mouvement \u00e0 l\u2019AFP, apr\u00e8s une nuit de frappes intenses sur l\u2019enclave palestinienne. \u00ab&nbsp;<em>Le Hamas a accept\u00e9 l&rsquo;accord de cessez-le-feu et l&rsquo;a appliqu\u00e9 enti\u00e8rement, mais l&rsquo;occupation isra\u00e9lienne a reni\u00e9 ses engagements (&#8230;) en reprenant l&rsquo;agression et la guerre&nbsp;<\/em>\u00bb, a-t-il ajout\u00e9, alors que le mouvement n\u2019a jusqu\u2019ici pas r\u00e9pondu militairement aux frappes isra\u00e9liennes.<\/p>\n\n\n\n<h2 class=\"wp-block-heading\">\u00ab&nbsp;<em>Nous ne cesserons pas de combattre<\/em>&nbsp;\u00bb<\/h2>\n\n\n\n<p>D&rsquo;apr\u00e8s la D\u00e9fense civile, au moins 413 personnes, dont des enfants, ont \u00e9t\u00e9 tu\u00e9es dans ces frappes isra\u00e9liennes. Plus de 150 personnes ont \u00e9galement \u00e9t\u00e9 bless\u00e9es, alors que plus d&rsquo;une trentaine de frappes ont \u00e9t\u00e9 signal\u00e9es dans la nuit. Par ailleurs, le chef du gouvernement du Hamas dans la bande de Gaza, Essam al-Dalis et le g\u00e9n\u00e9ral de division Mahmoud Abou Watfa, \u00e0 la t\u00eate du minist\u00e8re de l&rsquo;Int\u00e9rieur pour la bande de Gaza, ont \u00e9t\u00e9 tu\u00e9 dans les frappes isra\u00e9liennes de la nuit.<\/p>\n\n\n\n<p>Trois habitations ont \u00e9t\u00e9 cibl\u00e9es \u00e0 Deir el-Balah, dans le centre de la bande de Gaza, ont rapport\u00e9 des t\u00e9moins et des m\u00e9decins. Un immeuble a \u00e9galement \u00e9t\u00e9 bombard\u00e9 dans la ville de Gaza, tandis que des frappes ont \u00e9t\u00e9 effectu\u00e9es contre des cibles situ\u00e9es \u00e0 Khan Youn\u00e8s et Rafah, dans le sud de l&rsquo;enclave palestinienne.&nbsp;\u00c0 ce stade, c\u2019est l\u2019aviation isra\u00e9lienne qui attaque mais des sources militaires indiquent que l\u2019op\u00e9ration pourrait s\u2019\u00e9largir tr\u00e8s rapidement. Depuis plusieurs jours, Isra\u00ebl affirmait que le Hamas mettait \u00e0 profit la tr\u00eave pour reconstituer ses forces dans l\u2019enclave palestinienne.<\/p>\n\n\n\n<p>L&rsquo;arm\u00e9e isra\u00e9lienne a ordonn\u00e9 aux habitants de Gaza d\u2019\u00e9vacuer les zones frontali\u00e8res. Cet ordre concerne \u00ab&nbsp;<em>sp\u00e9cialement<\/em>&nbsp;\u00bb les r\u00e9gions de Beit Hanoun (nord), Khirbet Khuza&rsquo;a, Abasan al-Kabira et Abasan al-Jadida (sud), qualifi\u00e9es de \u00ab&nbsp;<em>zones de combats dangereuses<\/em>&nbsp;\u00bb, a indiqu\u00e9 sur X le porte-parole arabophone de l&rsquo;arm\u00e9e isra\u00e9lienne, Avichay Adraee, appelant les civils \u00e0 \u00ab&nbsp;<em>se d\u00e9placer vers les abris dans l&rsquo;ouest de la ville de Gaza et dans la ville de Khan Youn\u00e8s<\/em>&nbsp;\u00bb.<\/p>\n\n\n\n<p>Pour afficher ce contenu X (Twitter), il est n\u00e9cessaire d&rsquo;autoriser les cookies de mesure d&rsquo;audience et de publicit\u00e9.AccepterG\u00e9rer mes choix<\/p>\n\n\n\n<p>\u00ab&nbsp;<em>Nous ne cesserons pas de combattre tant que tous les otages ne seront pas rentr\u00e9s chez eux et que tous les objectifs de la guerre ne seront pas atteints&nbsp;<\/em>\u00bb, a d\u00e9clar\u00e9 le ministre de la D\u00e9fense isra\u00e9lien, Isra\u00ebl Katz, dans un communiqu\u00e9. Parmi ces objectifs, figure, outre le retour de tous les otages (les morts comme les vivants), la destruction du Hamas comme force militaire ou politique dans la bande de Gaza.<\/p>\n\n\n\n<h2 class=\"wp-block-heading\">La col\u00e8re des familles d&rsquo;otages<\/h2>\n\n\n\n<p>Du c\u00f4t\u00e9 des civils, Le forum des familles, la plus grande association de proches d&rsquo;otages en Isra\u00ebl, a demand\u00e9 mardi au Premier ministre Benyamin Netanyahu d&rsquo;\u00ab&nbsp;<em>arr\u00eater de tuer<\/em>&nbsp;\u00bb leurs proches, apr\u00e8s les frappes isra\u00e9liennes de la nuit.&nbsp;\u00ab&nbsp;<em>Les familles des otages exigent une r\u00e9union ce matin avec le Premier ministre, le ministre de la D\u00e9fense et le chef de l&rsquo;\u00e9quipe de n\u00e9gociation, au cours de laquelle on leur assurera comment les otages seront prot\u00e9g\u00e9s de la pression militaire et comment on compte les ramener<\/em>&nbsp;\u00bb, d\u00e9taille leur communiqu\u00e9. \u00ab&nbsp;<em>Arr\u00eatez de les tuer (&#8230;) maintenant !&nbsp;<\/em>\u00bb, conclut le texte.<\/p>\n\n\n\n<p>Des proches d&rsquo;otages ont appel\u00e9 \u00e0 une manifestation devant le bureau du Premier ministre \u00e0 J\u00e9rusalem.<\/p>\n\n\n\n<h2 class=\"wp-block-heading\">Le chef de l&rsquo;ONU se dit \u00ab&nbsp;<em>choqu\u00e9&nbsp;<\/em>\u00bb<\/h2>\n\n\n\n<p>P\u00e9kin a fait part de sa \u00ab&nbsp;<em>profonde pr\u00e9occupation&nbsp;<\/em>\u00bb apr\u00e8s les frappes isra\u00e9liennes meurtri\u00e8res de la nuit et appelle toutes les parties \u00e0 emp\u00eacher une \u00ab&nbsp;<em>catastrophe humanitaire&nbsp;<\/em>\u00bb. \u00ab L<em>a Chine est extr\u00eamement pr\u00e9occup\u00e9e par la situation entre Isra\u00ebl et la Palestine et esp\u00e8re que toutes les parties (&#8230;) emp\u00eacheront une catastrophe humanitaire de grande ampleur&nbsp;<\/em>\u00bb, a d\u00e9clar\u00e9 la porte-parole du minist\u00e8re chinois des Affaires \u00e9trang\u00e8res, Mao Ning.<\/p>\n\n\n\n<p>Pourtant, c\u2019est bien Benyamin Netanyahu qui a rejet\u00e9 la seconde phase de l\u2019accord de cessez-le-feu, optant pour un plan de\u00a0<strong>nettoyage ethnique<\/strong>\u00a0propos\u00e9 par le pr\u00e9sident Donald Trump \u00e0 Gaza. Droit dans ses bottes, il fait porter la responsabilit\u00e9 de l\u2019\u00e9chec des n\u00e9gociations au Hamas.<\/p>\n\n\n\n<p>Aussit\u00f4t, la Turquie d\u00e9nonce une \u00ab&nbsp;<em>nouvelle phase<\/em>&nbsp;\u00bb dans la politique isra\u00e9lienne. \u00ab&nbsp;<em>Le massacre de centaines de Palestiniens lors des attaques isra\u00e9liennes contre Gaza ce matin d\u00e9montre que la politique g\u00e9nocidaire du gouvernement Netanyahu est entr\u00e9e dans une nouvelle phase<\/em>&nbsp;\u00bb, accuse le minist\u00e8re turc des Affaires \u00e9trang\u00e8res dans un communiqu\u00e9. Ankara appelle la communaut\u00e9 internationale \u00e0 adopter une position ferme contre Isra\u00ebl, exigeant un cessez-le-feu permanent et un acc\u00e8s humanitaire sans entrave. \u00ab&nbsp;<em>Il est inacceptable qu\u2019Isra\u00ebl provoque une nouvelle spirale de violence<\/em>&nbsp;\u00bb, ajoute le communiqu\u00e9.<\/p>\n\n\n\n<p>L&rsquo;ONU r\u00e9agit \u00e9galement. Antonio Guterres est \u00ab&nbsp;<em>choqu\u00e9 par les frappes isra\u00e9liennes<\/em>&nbsp;\u00bb \u00e0 Gaza, a indiqu\u00e9 mardi un porte-parole des Nations unies. \u00ab<em>&nbsp;Il lance un appel pressant pour que le cessez-le-feu soit respect\u00e9, que l\u2019aide humanitaire soit r\u00e9tablie sans entrave et que les otages restants soient lib\u00e9r\u00e9s sans condition.&nbsp;<\/em>\u00bb<\/p>\n\n\n\n<p>Sur la sc\u00e8ne internationale, tout le monde le sait, mais personne ne le dit officiellement, rapporte notre correspondant \u00e0 J\u00e9rusalem,&nbsp;<strong>Sami Boukhelifa<\/strong>. Sous couvert d\u2019anonymat, une source diplomatique affirme : \u00ab&nbsp;<em>D\u00e8s qu&rsquo;ils le peuvent, les Isra\u00e9liens mettent un coup de pied dans le processus de tr\u00eave en esp\u00e9rant tout faire capoter.<\/em>&nbsp;\u00bb Ce mardi matin, ils viennent de passer \u00e0 l\u2019action.<\/p>\n\n\n\n<p><strong>La crise politique couve en Isra\u00ebl<\/strong><\/p>\n\n\n\n<p>Limog\u00e9s les uns apr\u00e8s les autres. En l\u2019espace de quelques mois, Benyamin Netanyahu a mis fin aux fonctions de son ministre de la D\u00e9fense, a remplac\u00e9 le chef d\u2019\u00e9tat-major de son arm\u00e9e et s\u2019attaque d\u00e9sormais au chef des renseignements int\u00e9rieurs, le Shin Bet. \u00ab&nbsp;<em>Sur le papier, ce n\u2019est pas ill\u00e9gal<\/em>&nbsp;\u00bb, souligne Claude Klein. Mais pour le professeur de droit \u00e0 l\u2019Universit\u00e9 h\u00e9bra\u00efque de J\u00e9rusalem, reste \u00e0 conna\u00eetre les v\u00e9ritables motivations du Premier ministre.&nbsp;\u00ab&nbsp;<em>Ce qui importe \u00e0 Netanyahu est de rester au pouvoir<\/em>, avance-t-il.&nbsp;<em>La question est simplement de savoir s\u2019il n\u2019y a pas de conflit d\u2019int\u00e9r\u00eat, qui pourrait provoquer une v\u00e9ritable crise constitutionnelle<\/em>&nbsp;\u00bb.&nbsp;<\/p>\n\n\n\n<p>Un conflit d\u2019int\u00e9r\u00eat, car Benyamin Netanyahu renvoie Ronen Bar, le chef des renseignements int\u00e9rieurs, suite \u00e0 un rapport publi\u00e9 par le Shin Bet au sujet des failles s\u00e9curitaires du 7 octobre. Or, ce rapport pointe clairement la responsabilit\u00e9 de Benyamin Netanyahu. C\u2019est lui qui a voulu et facilit\u00e9 le financement du Hamas par le Qatar depuis 2018. Et le rapport va plus loin&nbsp;: certains proches collaborateurs du Premier ministre sont accus\u00e9s d\u2019avoir per\u00e7u de l\u2019argent qatarien pour faire la promotion de cette monarchie du Golfe.&nbsp;<\/p>\n\n\n\n<p>\u00ab<em>&nbsp;Les plus proches conseillers du Premier ministre sont impliqu\u00e9s. Et ce que tout le monde dit ici&nbsp;: c\u2019est qu\u2019il n\u2019est pas possible que le Premier ministre n\u2019ait pas \u00e9t\u00e9 au courant. Donc c\u2019est l\u00e0 que se situe le n\u0153ud de l\u2019affaire&nbsp;<\/em>\u00bb, pointe le professeur.&nbsp;En Isra\u00ebl, Benyamin Netanyahu est poursuivi pour corruption, fraude et abus de confiance. Le Premier ministre isra\u00e9lien est recherch\u00e9 par la Justice internationale pour crimes de guerre et crimes contre l\u2019humanit\u00e9.<\/p>\n","protected":false},"excerpt":{"rendered":"<p>Ce mardi 18 mars, la guerre reprend violemment dans la bande de Gaza. Isra\u00ebl a bombard\u00e9 l\u2019ensemble de l\u2019enclave palestinienne,<\/p>\n","protected":false},"author":1,"featured_media":50727,"comment_status":"open","ping_status":"open","sticky":false,"template":"","format":"standard","meta":{"footnotes":""},"categories":[51],"tags":[],"class_list":["post-53504","post","type-post","status-publish","format-standard","has-post-thumbnail","hentry","category-general"],"_links":{"self":[{"href":"https:\/\/dekkbi.com\/index.php?rest_route=\/wp\/v2\/posts\/53504","targetHints":{"allow":["GET"]}}],"collection":[{"href":"https:\/\/dekkbi.com\/index.php?rest_route=\/wp\/v2\/posts"}],"about":[{"href":"https:\/\/dekkbi.com\/index.php?rest_route=\/wp\/v2\/types\/post"}],"author":[{"embeddable":true,"href":"https:\/\/dekkbi.com\/index.php?rest_route=\/wp\/v2\/users\/1"}],"replies":[{"embeddable":true,"href":"https:\/\/dekkbi.com\/index.php?rest_route=%2Fwp%2Fv2%2Fcomments&post=53504"}],"version-history":[{"count":1,"href":"https:\/\/dekkbi.com\/index.php?rest_route=\/wp\/v2\/posts\/53504\/revisions"}],"predecessor-version":[{"id":53505,"href":"https:\/\/dekkbi.com\/index.php?rest_route=\/wp\/v2\/posts\/53504\/revisions\/53505"}],"wp:featuredmedia":[{"embeddable":true,"href":"https:\/\/dekkbi.com\/index.php?rest_route=\/wp\/v2\/media\/50727"}],"wp:attachment":[{"href":"https:\/\/dekkbi.com\/index.php?rest_route=%2Fwp%2Fv2%2Fmedia&parent=53504"}],"wp:term":[{"taxonomy":"category","embeddable":true,"href":"https:\/\/dekkbi.com\/index.php?rest_route=%2Fwp%2Fv2%2Fcategories&post=53504"},{"taxonomy":"post_tag","embeddable":true,"href":"https:\/\/dekkbi.com\/index.php?rest_route=%2Fwp%2Fv2%2Ftags&post=53504"}],"curies":[{"name":"wp","href":"https:\/\/api.w.org\/{rel}","templated":true}]}}