{"id":5349,"date":"2022-12-27T11:31:06","date_gmt":"2022-12-27T11:31:06","guid":{"rendered":"https:\/\/dekkbi.com\/?p=5349"},"modified":"2022-12-27T12:50:18","modified_gmt":"2022-12-27T12:50:18","slug":"scandale-des-fonds-covid-me-aissata-tall-sall-ne-dedouane-pas-les-dage","status":"publish","type":"post","link":"https:\/\/dekkbi.com\/?p=5349","title":{"rendered":"Scandale fonds Covid: Aissata Tall Sall, ne d\u00e9douane pas les DAGE"},"content":{"rendered":"\n<p>Les Dage (Directeurs de l\u2019Administration G\u00e9n\u00e9rale et de l\u2019\u00c9quipement) de diff\u00e9rents ministres, ont \u00e9t\u00e9 cit\u00e9s dans le scandale des fonds Covid. La ministre des Affaires \u00c9trang\u00e8res, Me Aissata Tall Sall, ne d\u00e9douane pas pour autant les Dage qui ont \u00e9t\u00e9 incrimin\u00e9s dans ce rapport de la Cour des Comptes, nous apprend \u00ab\u00a0Rewmi\u00a0\u00bb.<\/p>\n\n\n\n<p>Interrog\u00e9 par le journaliste Babacar Fall sur la responsabilit\u00e9 du ministre autant que le Dage dans ces dossiers sur les fonds Covid, Me Aissata Tall Sall prend la d\u00e9fense des ministres. \u00ab&nbsp;<em>Je peux vraiment vous r\u00e9pondre qu\u2019un ministre, ce n\u2019est pas vraiment un m\u00e9tier facile, bien au contraire, c\u2019est beaucoup de responsabilit\u00e9, beaucoup de travail<\/em>, explique-t-elle.&nbsp;<em>C\u2019est pratiquement \u00eatre au four et au moulin, mais \u00e0 chacun sa responsabilit\u00e9. Un DAGE n\u2019est pas oblig\u00e9 d\u2019accepter d\u2019\u00eatre Dage. Mais, une fois qu\u2019il l\u2019accepte, il sait en contrepartie, ce qui l\u2019attend, quand il a faut\u00e9 dans ce qui lui est demand\u00e9 de faire. Le ministre ne peut pas imposer au Dage, une d\u00e9cision ill\u00e9gale. Le ministre ne peut pas imposer au Dage de faire quelque chose \u00e0 l\u2019encontre des textes. Je ne dis pas que les Dage ont tout fait. Non ! Moi-m\u00eame j\u2019ai une DAGE, en l\u2019occurrence. J\u2019ai beaucoup de respect pour eux, mais ce que je dis, c\u2019est que chacun dans ce qui a \u00e9t\u00e9 fait, lise de la fa\u00e7on la plus sereine, de la fa\u00e7on la plus tranquille, reconnaisse ce qu\u2019il a fait et r\u00e9fute ce qu\u2019il n\u2019a pas fait. Je pense que c\u2019est comme cela que nous devons voir, ce rapport de la Cour des Comptes&nbsp;<\/em>\u00bb, a-t-elle d\u00e9clar\u00e9.<\/p>\n\n\n\n<p>Nd\u00e8ye Fatou K\u00e9b\u00e9<\/p>\n\n\n\n<p>LERAL<\/p>\n","protected":false},"excerpt":{"rendered":"<p>Les Dage (Directeurs de l\u2019Administration G\u00e9n\u00e9rale et de l\u2019\u00c9quipement) de diff\u00e9rents ministres, ont \u00e9t\u00e9 cit\u00e9s dans le scandale des fonds<\/p>\n","protected":false},"author":1,"featured_media":2250,"comment_status":"open","ping_status":"open","sticky":false,"template":"","format":"standard","meta":{"footnotes":""},"categories":[3],"tags":[],"class_list":["post-5349","post","type-post","status-publish","format-standard","has-post-thumbnail","hentry","category-event-more-news"],"_links":{"self":[{"href":"https:\/\/dekkbi.com\/index.php?rest_route=\/wp\/v2\/posts\/5349","targetHints":{"allow":["GET"]}}],"collection":[{"href":"https:\/\/dekkbi.com\/index.php?rest_route=\/wp\/v2\/posts"}],"about":[{"href":"https:\/\/dekkbi.com\/index.php?rest_route=\/wp\/v2\/types\/post"}],"author":[{"embeddable":true,"href":"https:\/\/dekkbi.com\/index.php?rest_route=\/wp\/v2\/users\/1"}],"replies":[{"embeddable":true,"href":"https:\/\/dekkbi.com\/index.php?rest_route=%2Fwp%2Fv2%2Fcomments&post=5349"}],"version-history":[{"count":2,"href":"https:\/\/dekkbi.com\/index.php?rest_route=\/wp\/v2\/posts\/5349\/revisions"}],"predecessor-version":[{"id":5364,"href":"https:\/\/dekkbi.com\/index.php?rest_route=\/wp\/v2\/posts\/5349\/revisions\/5364"}],"wp:featuredmedia":[{"embeddable":true,"href":"https:\/\/dekkbi.com\/index.php?rest_route=\/wp\/v2\/media\/2250"}],"wp:attachment":[{"href":"https:\/\/dekkbi.com\/index.php?rest_route=%2Fwp%2Fv2%2Fmedia&parent=5349"}],"wp:term":[{"taxonomy":"category","embeddable":true,"href":"https:\/\/dekkbi.com\/index.php?rest_route=%2Fwp%2Fv2%2Fcategories&post=5349"},{"taxonomy":"post_tag","embeddable":true,"href":"https:\/\/dekkbi.com\/index.php?rest_route=%2Fwp%2Fv2%2Ftags&post=5349"}],"curies":[{"name":"wp","href":"https:\/\/api.w.org\/{rel}","templated":true}]}}