{"id":53472,"date":"2025-03-18T10:30:48","date_gmt":"2025-03-18T10:30:48","guid":{"rendered":"https:\/\/dekkbi.com\/?p=53472"},"modified":"2025-03-18T10:30:49","modified_gmt":"2025-03-18T10:30:49","slug":"procedure-pour-la-levee-de-son-immunite-parlementaire-moustapha-diop-face-a-la-commission-ad-hoc-aujourdhui","status":"publish","type":"post","link":"https:\/\/dekkbi.com\/?p=53472","title":{"rendered":"Proc\u00e9dure \u2013 Pour la lev\u00e9e de son immunit\u00e9 parlementaire\u00a0: Moustapha Diop face \u00e0 la Commission ad hoc aujourd\u2019hui"},"content":{"rendered":"\n<p><strong>La Commission ad hoc de l\u2019Assembl\u00e9e nationale va aujourd\u2019hui auditionner le d\u00e9put\u00e9 non inscrit Moustapha Diop, apr\u00e8s la demande de lev\u00e9e de son immunit\u00e9 parlementaire par le minist\u00e8re de la Justice. Cela fait suite \u00e0 une affaire de d\u00e9tournement suppos\u00e9 d\u2019argent portant sur la somme de 700 millions de francs Cfa.<br><\/strong><\/p>\n\n\n\n<p>D\u00e9put\u00e9 de Louga et ancien ministre de l\u2019Industrie et des Petites et moyennes industries&nbsp;sous Macky Sall, Moustapha Diop fera face aujourd\u2019hui \u00e0 la Commission ad hoc de l\u2019Assembl\u00e9e nationale. Celle-ci va l\u2019auditionner dans le cadre de la demande de lev\u00e9e de son immunit\u00e9 parlementaire demand\u00e9e par le Garde des sceaux, le ministre de la Justice Ousmane Diagne \u00e0 l\u2019Assembl\u00e9e nationale, en lien avec une affaire de d\u00e9tournement suppos\u00e9 de 700 millions de nos francs au niveau de l\u2019Agence d\u2019am\u00e9nagement et de promotion des sites industriels (Aprosi).<\/p>\n\n\n\n<p>Moustapha Diop pourra se d\u00e9placer lui-m\u00eame ou designer un autre coll\u00e8gue d\u00e9put\u00e9 pour r\u00e9pondre \u00e0 la convocation de la Commission ad hoc, comme l\u2019avait fait le d\u00e9put\u00e9 Farba Ngom. Ce dernier&nbsp; avait d\u00e9l\u00e9gu\u00e9 la pr\u00e9sidente du Groupe parlementaire \u00abTakku Wallu\u00bb, Mme A\u00efssata Tall Sall, pour le d\u00e9fendre&nbsp;devant la Commission ad hoc install\u00e9e dans le cadre du dossier de blanchiment d\u2019argent pr\u00e9sum\u00e9.&nbsp;Un rapport est attendu au sortir de cette audition du d\u00e9put\u00e9-maire de Louga, suivi d\u2019une autre s\u00e9ance pl\u00e9ni\u00e8re qui sera convoqu\u00e9e avant la transmission&nbsp; du dossier au Parquet financier. Et c\u2019est au Parquet financier que revient la charge de cette affaire de pr\u00e9sum\u00e9 d\u00e9tournement, et non la Haute cour de justice, dans la mesure o\u00f9 les faits incrimin\u00e9s ont \u00e9t\u00e9 commis \u00e0 un moment o\u00f9 Moustapha Diop n\u2019\u00e9tait plus ministre.<\/p>\n\n\n\n<p>L\u2019inspectrice du Tr\u00e9sor Mme Tabaski Ngom se retrouve inculp\u00e9e et plac\u00e9e sous mandat de d\u00e9p\u00f4t depuis le 23 janvier dernier par le juge d\u2019instruction financier dans le cadre toujours de cette affaire de d\u00e9tournement.<\/p>\n\n\n\n<p>La Commission ad hoc a \u00e9t\u00e9 officiellement install\u00e9e vendredi dernier \u00e0 l\u2019Assembl\u00e9e nationale. Compos\u00e9e de 11 membres, elle refl\u00e8te la composition de l\u2019actuelle Assembl\u00e9e nationale, avec une forte pr\u00e9sence des d\u00e9put\u00e9s de la majorit\u00e9. Les membres de la Commission ad hoc sont Mohamed Ayib Salim Daff\u00e9, Abdoulaye Tall, Amadou B\u00e2 (Pastef), Youngare Dione, Marie Ang\u00e9lique Mame Selb\u00e9 Diouf, Abdoul Ahad Ndiaye, B\u00e9atrice Germaine Tening Faye, Alioune Ndao, Safi\u00e9tou Sow, Djimo Souar\u00e9 et Moussa Hamady Sarr.<\/p>\n\n\n\n<p>Pour rappel, Mouhamadou Farba Ngom a \u00e9t\u00e9 le premier d\u00e9put\u00e9 de la XV\u00e8me l\u00e9gislature \u00e0 voir son immunit\u00e9 parlementaire lev\u00e9e. Plac\u00e9 sous mandat de d\u00e9p\u00f4t le 27 f\u00e9vrier 2025, le maire des Agnams est inculp\u00e9 par le Pool judiciaire financier (Pjf) pour des d\u00e9lits pr\u00e9sum\u00e9s, notamment \u00abescroquerie sur les deniers publics \u00e0 hauteur de 31 milliards de francs Cfa et blanchiment de capitaux\u00bb.<\/p>\n\n\n\n<p><strong>\u00a0<strong>Par Amadou MBODJI \u2013\u00a0<\/strong><\/strong> <strong>ambodji@lequotodien.sn<\/strong><\/p>\n","protected":false},"excerpt":{"rendered":"<p>La Commission ad hoc de l\u2019Assembl\u00e9e nationale va aujourd\u2019hui auditionner le d\u00e9put\u00e9 non inscrit Moustapha Diop, apr\u00e8s la demande de<\/p>\n","protected":false},"author":1,"featured_media":53256,"comment_status":"open","ping_status":"open","sticky":false,"template":"","format":"standard","meta":{"footnotes":""},"categories":[6],"tags":[],"class_list":["post-53472","post","type-post","status-publish","format-standard","has-post-thumbnail","hentry","category-politics"],"_links":{"self":[{"href":"https:\/\/dekkbi.com\/index.php?rest_route=\/wp\/v2\/posts\/53472","targetHints":{"allow":["GET"]}}],"collection":[{"href":"https:\/\/dekkbi.com\/index.php?rest_route=\/wp\/v2\/posts"}],"about":[{"href":"https:\/\/dekkbi.com\/index.php?rest_route=\/wp\/v2\/types\/post"}],"author":[{"embeddable":true,"href":"https:\/\/dekkbi.com\/index.php?rest_route=\/wp\/v2\/users\/1"}],"replies":[{"embeddable":true,"href":"https:\/\/dekkbi.com\/index.php?rest_route=%2Fwp%2Fv2%2Fcomments&post=53472"}],"version-history":[{"count":1,"href":"https:\/\/dekkbi.com\/index.php?rest_route=\/wp\/v2\/posts\/53472\/revisions"}],"predecessor-version":[{"id":53473,"href":"https:\/\/dekkbi.com\/index.php?rest_route=\/wp\/v2\/posts\/53472\/revisions\/53473"}],"wp:featuredmedia":[{"embeddable":true,"href":"https:\/\/dekkbi.com\/index.php?rest_route=\/wp\/v2\/media\/53256"}],"wp:attachment":[{"href":"https:\/\/dekkbi.com\/index.php?rest_route=%2Fwp%2Fv2%2Fmedia&parent=53472"}],"wp:term":[{"taxonomy":"category","embeddable":true,"href":"https:\/\/dekkbi.com\/index.php?rest_route=%2Fwp%2Fv2%2Fcategories&post=53472"},{"taxonomy":"post_tag","embeddable":true,"href":"https:\/\/dekkbi.com\/index.php?rest_route=%2Fwp%2Fv2%2Ftags&post=53472"}],"curies":[{"name":"wp","href":"https:\/\/api.w.org\/{rel}","templated":true}]}}