{"id":53463,"date":"2025-03-18T10:19:26","date_gmt":"2025-03-18T10:19:26","guid":{"rendered":"https:\/\/dekkbi.com\/?p=53463"},"modified":"2025-03-18T10:19:27","modified_gmt":"2025-03-18T10:19:27","slug":"fermeture-des-medias-non-conformes-letat-boucle-la-boucle","status":"publish","type":"post","link":"https:\/\/dekkbi.com\/?p=53463","title":{"rendered":"Fermeture des m\u00e9dias non conformes : L\u2019\u00c9tat boucle la boucle"},"content":{"rendered":"\n<p><strong>Depuis le week-end, le minist\u00e8re de la Communication envoie des notifications de reconnaissance aux m\u00e9dias conformes et des ordres de cessation d\u2019activit\u00e9 \u00e0 ceux qui ne le sont pas. M\u00eame ceux qui ont pass\u00e9 le filtre sont en sursis, avec le risque de faire face \u00e0 de nouvelles v\u00e9rifications laiss\u00e9es \u00e0 l\u2019appr\u00e9ciation de l\u2019Administration.<\/strong><\/p>\n\n\n\n<p><strong>Par Bocar SAKHO \u2013<\/strong>&nbsp;Quel est l\u2019avenir de la presse&nbsp;? Apr\u00e8s la promesse d\u2019un dialogue \u00abr\u00e9nov\u00e9\u00bb avec les m\u00e9dias, l\u2019Etat poursuit sa strat\u00e9gie de contr\u00f4le des m\u00e9dias. Depuis le week-end, le minist\u00e8re de la Communication, via sa plateforme de d\u00e9p\u00f4t des dossiers, envoie les notifications de conformit\u00e9 aux m\u00e9dias reconnus. Mais \u00e9galement des ordres de fermeture aux journaux et m\u00e9dias en ligne non reconnus par le minist\u00e8re de la Communication. Selon les documents notifi\u00e9s, il leur est demand\u00e9 de cesser leurs activit\u00e9s sous peine de poursuites judiciaires en application aux dispositions du Code de la presse.<\/p>\n\n\n\n<p>In extenso le message envoy\u00e9 aux m\u00e9dias&nbsp;: \u00abLe Code de la presse dispose en son article 204&nbsp;: \u00abLa diffusion d\u2019une publication d\u00e9clar\u00e9e non conforme aux conditions fix\u00e9es par le pr\u00e9sent code est punie d\u2019un emprisonnement de deux \u00e0 six mois et d\u2019une amende de deux cents (200) \u00e0 cinq cents (500) mille francs, ou de l\u2019une des deux peines. Les poursuites sont engag\u00e9es et les peines appliqu\u00e9es \u00e0 l\u2019encontre du propri\u00e9taire, du directeur de publication et de l\u2019imprimeur des organes de presse. Dans tous les cas pr\u00e9vus par le pr\u00e9sent article, il sera proc\u00e9d\u00e9, dans les conditions du droit commun, \u00e0 la saisie des exemplaires diffus\u00e9s, distribu\u00e9s ou vendus irr\u00e9guli\u00e8rement.\u00bb L\u2019alin\u00e9a 2 de l\u2019article 207 dispose&nbsp;: \u00abLorsqu\u2019il n\u2019aura pas \u00e9t\u00e9 proc\u00e9d\u00e9 au d\u00e9p\u00f4t l\u00e9gal organis\u00e9 par l\u2019article 82 du pr\u00e9sent code, le directeur de publication est passible d\u2019une amende de cinq cents (500) mille francs.\u00bb.\u00bb Il poursuit&nbsp;: \u00abSous peine de mise en application de ces dispositions, veuillez cesser la diffusion de votre journal ou proc\u00e9der au tirage et au d\u00e9p\u00f4t l\u00e9gal dans les conditions pr\u00e9vues par l\u2019article 82 du Code de la presse. Par ailleurs, toute participation \u00e0 la diffusion de contenus non conformes par un tiers est solidairement sanctionn\u00e9e de complicit\u00e9 des faits mentionn\u00e9s dans la pr\u00e9sente notification.\u00bb<\/p>\n\n\n\n<p><strong>Les m\u00e9dias conformes en sursis\u2026.<\/strong><br>M\u00eame les m\u00e9dias reconnus restent en sursis, car les administrations se donnent les moyens de proc\u00e9der \u00e0 de nouvelles v\u00e9rifications. Sans donner plus de d\u00e9tails, mais cela montre qu\u2019une \u00e9p\u00e9e de Damocl\u00e8s plane au-dessus de la t\u00eate de ces entreprises, qui se retrouvent toujours dans une position de fragilit\u00e9 avec de nouvelles r\u00e8gles qui pourraient \u00eatre \u00e9dict\u00e9es au fil du temps.<\/p>\n\n\n\n<p>Aujourd\u2019hui, le gouvernement passe \u00e0 la vitesse sup\u00e9rieure dans l\u2019application du Code de la presse. Apr\u00e8s la publication de la liste d\u00e9finitive des m\u00e9dias reconnus il y a quelques semaines, le ministre de la Communication, Alioune Sall, avait officiellement saisi son homologue de l\u2019Int\u00e9rieur, Jean-Baptiste Tine, le 17 f\u00e9vrier dernier, avait annonc\u00e9 le journal Lib\u00e9ration. L\u2019objectif \u00e9tait d\u2019obtenir l\u2019intervention des services comp\u00e9tents pour la cessation imm\u00e9diate des activit\u00e9s des m\u00e9dias consid\u00e9r\u00e9s non conformes. Il avait demand\u00e9 la mobilisation de la Direction de la surveillance du territoire (Dst) et la Division sp\u00e9ciale de cybers\u00e9curit\u00e9 (Dsc) pour assurer l\u2019ex\u00e9cution de cette d\u00e9cision.<\/p>\n\n\n\n<p>Les nouvelles mesures tombent en m\u00eame temps que les restrictions sur la Tnt subies par certaines cha\u00eenes de t\u00e9l\u00e9vision priv\u00e9es. Dans un communiqu\u00e9, la Tds pr\u00e9cise n\u00e9anmoins qu\u2019elle n\u2019a proc\u00e9d\u00e9 \u00e0 aucune coupure et rappelle que les sommes dues par les cha\u00eenes de t\u00e9l\u00e9vision ne sont pas des redevances, mais plut\u00f4t des frais de diffusion. Elle pr\u00e9cise en outre que \u00ables cha\u00eenes doivent payer \u00e0 la Tds des frais en contrepartie de leur pr\u00e9sence sur le bouquet de la Tnt\u00bb. Ainsi, \u00e0 ce jour, le montant cumul\u00e9 des arri\u00e9r\u00e9s de ces impay\u00e9s de frais de diffusion est estim\u00e9 \u00e0 577 millions, soit plus d\u2019un demi-milliard de francs Cfa.<\/p>\n\n\n\n<p><strong>bsakho@lequotidien.sn<\/strong><\/p>\n","protected":false},"excerpt":{"rendered":"<p>Depuis le week-end, le minist\u00e8re de la Communication envoie des notifications de reconnaissance aux m\u00e9dias conformes et des ordres de<\/p>\n","protected":false},"author":1,"featured_media":48815,"comment_status":"open","ping_status":"open","sticky":false,"template":"","format":"standard","meta":{"footnotes":""},"categories":[21],"tags":[],"class_list":["post-53463","post","type-post","status-publish","format-standard","has-post-thumbnail","hentry","category-societe"],"_links":{"self":[{"href":"https:\/\/dekkbi.com\/index.php?rest_route=\/wp\/v2\/posts\/53463","targetHints":{"allow":["GET"]}}],"collection":[{"href":"https:\/\/dekkbi.com\/index.php?rest_route=\/wp\/v2\/posts"}],"about":[{"href":"https:\/\/dekkbi.com\/index.php?rest_route=\/wp\/v2\/types\/post"}],"author":[{"embeddable":true,"href":"https:\/\/dekkbi.com\/index.php?rest_route=\/wp\/v2\/users\/1"}],"replies":[{"embeddable":true,"href":"https:\/\/dekkbi.com\/index.php?rest_route=%2Fwp%2Fv2%2Fcomments&post=53463"}],"version-history":[{"count":1,"href":"https:\/\/dekkbi.com\/index.php?rest_route=\/wp\/v2\/posts\/53463\/revisions"}],"predecessor-version":[{"id":53464,"href":"https:\/\/dekkbi.com\/index.php?rest_route=\/wp\/v2\/posts\/53463\/revisions\/53464"}],"wp:featuredmedia":[{"embeddable":true,"href":"https:\/\/dekkbi.com\/index.php?rest_route=\/wp\/v2\/media\/48815"}],"wp:attachment":[{"href":"https:\/\/dekkbi.com\/index.php?rest_route=%2Fwp%2Fv2%2Fmedia&parent=53463"}],"wp:term":[{"taxonomy":"category","embeddable":true,"href":"https:\/\/dekkbi.com\/index.php?rest_route=%2Fwp%2Fv2%2Fcategories&post=53463"},{"taxonomy":"post_tag","embeddable":true,"href":"https:\/\/dekkbi.com\/index.php?rest_route=%2Fwp%2Fv2%2Ftags&post=53463"}],"curies":[{"name":"wp","href":"https:\/\/api.w.org\/{rel}","templated":true}]}}