{"id":53434,"date":"2025-03-17T10:38:36","date_gmt":"2025-03-17T10:38:36","guid":{"rendered":"https:\/\/dekkbi.com\/?p=53434"},"modified":"2025-03-17T10:39:01","modified_gmt":"2025-03-17T10:39:01","slug":"la-grande-mosquee-de-paris-prise-dans-la-brouille-diplomatique-franco-algerienne","status":"publish","type":"post","link":"https:\/\/dekkbi.com\/?p=53434","title":{"rendered":"La Grande mosqu\u00e9e de Paris"},"content":{"rendered":"\n<p>\u00a9 2025 AFP &#8211; La brouille diplomatique franco-alg\u00e9rienne place en position inconfortable la Grande mosqu\u00e9e de Paris, attaqu\u00e9e plus ou moins directement sur son lien avec Alger, et qui organise mardi son quatri\u00e8me \u00ab\u00a0iftar des ambassadeurs\u00a0\u00bb.<\/p>\n\n\n\n<p>Le ministre des Affaires \u00e9trang\u00e8res Jean-No\u00ebl Barrot est annonc\u00e9 \u00e0 ce repas de rupture de je\u00fbne du ramadan, mais pas Bruno Retailleau, alors que le pr\u00e9c\u00e9dent ministre de l&rsquo;Int\u00e9rieur G\u00e9rald Darmanin r\u00e9pondait \u00e0 l&rsquo;invitation depuis 2022.<\/p>\n\n\n\n<p>L&rsquo;institution doit composer avec d&rsquo;autres changements, en cette p\u00e9riode de ramadan qui voit traditionnellement l&rsquo;envoi, en renfort temporaire, d&rsquo;environ 80 \u00ab\u00a0imams psalmodieurs\u00a0\u00bb alg\u00e9riens. Cette ann\u00e9e, aucun n&rsquo;est venu: \u00ab\u00a0le consulat n&rsquo;a pas re\u00e7u de demande de visa\u00a0\u00bb de la part d&rsquo;Alger, explique une source gouvernementale.<\/p>\n\n\n\n<p>\u00ab\u00a0La situation est compliqu\u00e9e\u00a0\u00bb, soupire le recteur de la Grande mosqu\u00e9e Chems-eddine Hafiz.<\/p>\n\n\n\n<p>Pour le sociologue et chercheur au CNRS Franck Fr\u00e9gosi, \u00ab\u00a0la Grande mosqu\u00e9e de Paris fait les frais de la d\u00e9t\u00e9rioration des relations franco-alg\u00e9riennes\u00a0\u00bb.<\/p>\n\n\n\n<p>En janvier, l&rsquo;institution a \u00e9t\u00e9 accus\u00e9e d&rsquo;avoir organis\u00e9, avec l&rsquo;appui des autorit\u00e9s alg\u00e9riennes, un tr\u00e8s rentable syst\u00e8me monopolistique de certification halal pour les produits europ\u00e9ens destin\u00e9s \u00e0 l&rsquo;Alg\u00e9rie.<\/p>\n\n\n\n<p>Le lien de M. Hafiz avec l&rsquo;Alg\u00e9rie a aussi \u00e9t\u00e9 questionn\u00e9, notamment par l&rsquo;ancien ambassadeur de France \u00e0 Alger Xavier Driencourt qui l&rsquo;a invit\u00e9 d\u00e9but janvier sur CNews \u00e0 s&rsquo;occuper \u00ab\u00a0de religion et non de politique\u00a0\u00bb, n&rsquo;\u00e9tant \u00ab\u00a0pas l&rsquo;ambassadeur officieux de l&rsquo;Alg\u00e9rie\u00a0\u00bb.<\/p>\n\n\n\n<p>Le recteur, qui a d\u00e9nonc\u00e9 des \u00ab\u00a0attaques totalement mensong\u00e8res\u00a0\u00bb, d\u00e9fend son institution. \u00ab\u00a0La Grande mosqu\u00e9e de Paris ne s&rsquo;est jamais cach\u00e9e d&rsquo;avoir une relation (construite) entre l&rsquo;Alg\u00e9rie et la France. Nous sommes une passerelle vertueuse entre les deux. Ce n&rsquo;est pas une question d&rsquo;influence ou de quoi que ce soit\u00a0\u00bb, affirmait-il d\u00e9but mars \u00e0 des journalistes.<\/p>\n\n\n\n<p>Inaugur\u00e9e en 1926, la Grande moqu\u00e9e b\u00e9n\u00e9ficie depuis le d\u00e9but des ann\u00e9es 1980 d&rsquo;un financement annuel de l&rsquo;Etat alg\u00e9rien d&rsquo;environ 2 millions d&rsquo;euros.<\/p>\n\n\n\n<p>L&rsquo;institution a \u00e9t\u00e9 montr\u00e9e du doigt apr\u00e8s le refus du recteur de participer \u00e0 la manifestation contre l&rsquo;antis\u00e9mitisme du 12 novembre 2023, pour ne pas d\u00e9filer aux c\u00f4t\u00e9s du Rassemblement national.<\/p>\n\n\n\n<p>Un \u00ab\u00a0tournant\u00a0\u00bb pour Chems-eddine Hafiz: \u00ab\u00a0avant, j&rsquo;\u00e9tais le musulman qu&rsquo;il fallait fr\u00e9quenter \u00e0 tout prix. Apr\u00e8s je deviens le pire des antis\u00e9mites\u00a0\u00bb.<\/p>\n\n\n\n<h2 class=\"wp-block-heading\">\u00ab\u00a0laxisme\u00a0\u00bb<\/h2>\n\n\n\n<p>La Grande mosqu\u00e9e \u00ab\u00a0avait jusqu&rsquo;\u00e0 pr\u00e9sent \u00e9t\u00e9 pr\u00e9sent\u00e9e comme le bon soldat de la R\u00e9publique, un peu comme le mod\u00e8le du bon islam r\u00e9publicain\u00a0\u00bb, note Franck Fregosi, auteur d&rsquo;un r\u00e9cent ouvrage \u00ab\u00a0Gouverner l&rsquo;islam en France\u00a0\u00bb (Ed. Seuil).<\/p>\n\n\n\n<p>Au point d&rsquo;appara\u00eetre comme l&rsquo;interlocuteur privil\u00e9gi\u00e9 des pouvoirs publics, apr\u00e8s la disgr\u00e2ce en 2021 du Conseil fran\u00e7ais du culte musulman (CFCM), repr\u00e9sentant de l&rsquo;islam de France depuis 2003.<\/p>\n\n\n\n<p>En 2022, entre les deux tours de la pr\u00e9sidentielle, M. Hafiz avait m\u00eame organis\u00e9 un \u00ab\u00a0iftar r\u00e9publicain de soutien \u00e0 la r\u00e9\u00e9lection d&rsquo;Emmanuel Macron\u00a0\u00bb, en pr\u00e9sence de l&rsquo;ancien ministre de l&rsquo;Int\u00e9rieur Christophe Castaner.<\/p>\n\n\n\n<p>\u00ab\u00a0La Grande mosqu\u00e9e de Paris s&rsquo;est sentie point\u00e9e du doigt par un minist\u00e8re qui avait plut\u00f4t \u00e9t\u00e9 bienveillant \u00e0 son \u00e9gard\u00a0\u00bb, explique M. Fregosi, en soulignant la strat\u00e9gie de fermet\u00e9 de Bruno Retailleau, qui \u00ab\u00a0veut appara\u00eetre comme celui qui a r\u00e9ussi ce que les autres n&rsquo;ont jamais os\u00e9 faire\u00a0\u00bb sur la structuration de l&rsquo;islam en France.<\/p>\n\n\n\n<p>La crise diplomatique entre Paris et Alger, n\u00e9e de la reconnaissance par la France de la souverainet\u00e9 marocaine sur le Sahara occidental fin juillet 2024, s&rsquo;est enflamm\u00e9e autour de l&#8217;emprisonnement de l&rsquo;\u00e9crivain Boualem Sansal, arr\u00eat\u00e9 le 16 novembre 2024 \u00e0 Alger. Dans ce contexte le recteur s&rsquo;est aussi vu reprocher de ne pas avoir appel\u00e9 \u00e0 sa lib\u00e9ration.<\/p>\n\n\n\n<p>\u00ab\u00a0Le regarde laxiste qu&rsquo;on portait sur la Grande mosqu\u00e9e de Paris ne peut plus \u00eatre le m\u00eame depuis l&rsquo;affaire Sansal\u00a0\u00bb, estime un bon connaisseur du dossier, qui voit l&rsquo;institution \u00ab\u00a0prise dans ses ambigu\u00eft\u00e9s\u00a0\u00bb.<\/p>\n\n\n\n<p>La crise a aussi un volet migratoire, et Bruno Retailleau a menac\u00e9 samedi de d\u00e9missionner si Paris c\u00e9dait sur le renvoi de ressortissants alg\u00e9riens en situation irr\u00e9guli\u00e8re.<\/p>\n\n\n\n<p>Dans un billet tr\u00e8s politique d\u00e9but mars, M. Hafiz avait lui d\u00e9nonc\u00e9 les \u00ab\u00a0faiseurs de peurs\u00a0\u00bb qui dans la classe politique et les m\u00e9dias nourrissent \u00ab\u00a0une \u00e9ternelle mise en proc\u00e8s\u00a0\u00bb de l&rsquo;immigration alg\u00e9rienne.<\/p>\n\n\n\n<p>Par Claire GALLEN<\/p>\n","protected":false},"excerpt":{"rendered":"<p>\u00a9 2025 AFP &#8211; La brouille diplomatique franco-alg\u00e9rienne place en position inconfortable la Grande mosqu\u00e9e de Paris, attaqu\u00e9e plus ou<\/p>\n","protected":false},"author":1,"featured_media":53435,"comment_status":"open","ping_status":"open","sticky":false,"template":"","format":"standard","meta":{"footnotes":""},"categories":[51],"tags":[],"class_list":["post-53434","post","type-post","status-publish","format-standard","has-post-thumbnail","hentry","category-general"],"_links":{"self":[{"href":"https:\/\/dekkbi.com\/index.php?rest_route=\/wp\/v2\/posts\/53434","targetHints":{"allow":["GET"]}}],"collection":[{"href":"https:\/\/dekkbi.com\/index.php?rest_route=\/wp\/v2\/posts"}],"about":[{"href":"https:\/\/dekkbi.com\/index.php?rest_route=\/wp\/v2\/types\/post"}],"author":[{"embeddable":true,"href":"https:\/\/dekkbi.com\/index.php?rest_route=\/wp\/v2\/users\/1"}],"replies":[{"embeddable":true,"href":"https:\/\/dekkbi.com\/index.php?rest_route=%2Fwp%2Fv2%2Fcomments&post=53434"}],"version-history":[{"count":2,"href":"https:\/\/dekkbi.com\/index.php?rest_route=\/wp\/v2\/posts\/53434\/revisions"}],"predecessor-version":[{"id":53437,"href":"https:\/\/dekkbi.com\/index.php?rest_route=\/wp\/v2\/posts\/53434\/revisions\/53437"}],"wp:featuredmedia":[{"embeddable":true,"href":"https:\/\/dekkbi.com\/index.php?rest_route=\/wp\/v2\/media\/53435"}],"wp:attachment":[{"href":"https:\/\/dekkbi.com\/index.php?rest_route=%2Fwp%2Fv2%2Fmedia&parent=53434"}],"wp:term":[{"taxonomy":"category","embeddable":true,"href":"https:\/\/dekkbi.com\/index.php?rest_route=%2Fwp%2Fv2%2Fcategories&post=53434"},{"taxonomy":"post_tag","embeddable":true,"href":"https:\/\/dekkbi.com\/index.php?rest_route=%2Fwp%2Fv2%2Ftags&post=53434"}],"curies":[{"name":"wp","href":"https:\/\/api.w.org\/{rel}","templated":true}]}}