{"id":53420,"date":"2025-03-17T10:25:21","date_gmt":"2025-03-17T10:25:21","guid":{"rendered":"https:\/\/dekkbi.com\/?p=53420"},"modified":"2025-03-17T10:25:21","modified_gmt":"2025-03-17T10:25:21","slug":"touba-serigne-mountakha-au-president-diomaye-jintroduis-dans-mon-coeur-toute-personne-qui","status":"publish","type":"post","link":"https:\/\/dekkbi.com\/?p=53420","title":{"rendered":"TOUBA \u2013 Serigne Mountakha au Pr\u00e9sident Diomaye : \u00ab J\u2019introduis dans mon c\u0153ur toute personne qui\u2026 \u00bb"},"content":{"rendered":"\n<p>Le Pr\u00e9sident de la R\u00e9publique a pr\u00e9sent\u00e9 ses condol\u00e9ances au Khalife G\u00e9n\u00e9ral des Mourides, suite aux d\u00e9c\u00e8s successifs de plusieurs chefs religieux. Parmi eux figurent Serigne Dame Abdourahmane Mback\u00e9, Serigne Sidy Nar Di\u00e8ne, Serigne Bassirou Anta Niang Mback\u00e9, Serigne Amdy Modou Mbenda Fall, Serigne Moustapha Saliou Mback\u00e9, et bien d\u2019autres.<\/p>\n\n\n\n<p>\u00c0 cette occasion, le Patriarche a r\u00e9affirm\u00e9 sa sympathie envers son h\u00f4te. Il a d\u00e9clar\u00e9 : \u00ab Je ne peux m\u2019emp\u00eacher de mettre dans mon c\u0153ur toute personne qui adore Dieu, qui L\u2019isole et qui est \u00e0 Son service. Voil\u00e0 ma seule pr\u00e9occupation sur cette terre. Voil\u00e0 ce qui m\u2019int\u00e9resse le plus chez l\u2019\u00eatre humain. Par cons\u00e9quent, consid\u00e9rez que je vous accueille dans mon c\u0153ur. Il \u00e9tait n\u00e9cessaire que je le dise devant tout le monde, afin que chacun en prenne acte. \u00bb<\/p>\n\n\n\n<p>Cette d\u00e9claration a \u00e9t\u00e9 faite par le Khalife en pr\u00e9sence de Serigne Bassirou Mback\u00e9 Abdou Khadre Mback\u00e9 et de plusieurs autres personnalit\u00e9s. Par la suite, Serigne Mountakha a demand\u00e9 \u00e0 Cheikh Bassirou Mback\u00e9 Abdou Khadre d\u2019accompagner son h\u00f4te, qui est all\u00e9 rencontrer d\u2019autres dignitaires mourides pour pr\u00e9senter ses condol\u00e9ances. Parmi eux, on compte le Khalife des Baay Fall et celui de Darou Mouhty.<\/p>\n","protected":false},"excerpt":{"rendered":"<p>Le Pr\u00e9sident de la R\u00e9publique a pr\u00e9sent\u00e9 ses condol\u00e9ances au Khalife G\u00e9n\u00e9ral des Mourides, suite aux d\u00e9c\u00e8s successifs de plusieurs<\/p>\n","protected":false},"author":1,"featured_media":53421,"comment_status":"open","ping_status":"open","sticky":false,"template":"","format":"standard","meta":{"footnotes":""},"categories":[21],"tags":[],"class_list":["post-53420","post","type-post","status-publish","format-standard","has-post-thumbnail","hentry","category-societe"],"_links":{"self":[{"href":"https:\/\/dekkbi.com\/index.php?rest_route=\/wp\/v2\/posts\/53420","targetHints":{"allow":["GET"]}}],"collection":[{"href":"https:\/\/dekkbi.com\/index.php?rest_route=\/wp\/v2\/posts"}],"about":[{"href":"https:\/\/dekkbi.com\/index.php?rest_route=\/wp\/v2\/types\/post"}],"author":[{"embeddable":true,"href":"https:\/\/dekkbi.com\/index.php?rest_route=\/wp\/v2\/users\/1"}],"replies":[{"embeddable":true,"href":"https:\/\/dekkbi.com\/index.php?rest_route=%2Fwp%2Fv2%2Fcomments&post=53420"}],"version-history":[{"count":1,"href":"https:\/\/dekkbi.com\/index.php?rest_route=\/wp\/v2\/posts\/53420\/revisions"}],"predecessor-version":[{"id":53422,"href":"https:\/\/dekkbi.com\/index.php?rest_route=\/wp\/v2\/posts\/53420\/revisions\/53422"}],"wp:featuredmedia":[{"embeddable":true,"href":"https:\/\/dekkbi.com\/index.php?rest_route=\/wp\/v2\/media\/53421"}],"wp:attachment":[{"href":"https:\/\/dekkbi.com\/index.php?rest_route=%2Fwp%2Fv2%2Fmedia&parent=53420"}],"wp:term":[{"taxonomy":"category","embeddable":true,"href":"https:\/\/dekkbi.com\/index.php?rest_route=%2Fwp%2Fv2%2Fcategories&post=53420"},{"taxonomy":"post_tag","embeddable":true,"href":"https:\/\/dekkbi.com\/index.php?rest_route=%2Fwp%2Fv2%2Ftags&post=53420"}],"curies":[{"name":"wp","href":"https:\/\/api.w.org\/{rel}","templated":true}]}}