{"id":53414,"date":"2025-03-17T10:21:50","date_gmt":"2025-03-17T10:21:50","guid":{"rendered":"https:\/\/dekkbi.com\/?p=53414"},"modified":"2025-03-17T10:21:50","modified_gmt":"2025-03-17T10:21:50","slug":"la-fnel-critique-severement-le-regime-de-diomaye-et-prone-des-assises-nationales-sur-la-relance-economique","status":"publish","type":"post","link":"https:\/\/dekkbi.com\/?p=53414","title":{"rendered":"La FNEL critique s\u00e9v\u00e8rement le r\u00e9gime de Diomaye et pr\u00f4ne des assises nationales sur la relance \u00e9conomique"},"content":{"rendered":"\n<p>\u00c0 l\u2019occasion du forum national ayant pour th\u00e8me : \u00ab R\u00f4les et responsabilit\u00e9s des enseignant(e)s de la FNEL pour une reconqu\u00eate du pouvoir par le PDS avec le Pr\u00e9sident Karim Wade, seule alternative cr\u00e9dible \u00bb, organis\u00e9 ce samedi 15 mars, la F\u00e9d\u00e9ration Nationale des Enseignants Lib\u00e9raux (FNEL) s\u2019est \u00e9galement exprim\u00e9e sur la situation politique et \u00e9conomique du S\u00e9n\u00e9gal.&nbsp;&nbsp;<\/p>\n\n\n\n<p>Un r\u00e9gime qui ne convainc toujours pas&nbsp;&nbsp;<\/p>\n\n\n\n<p>Selon la f\u00e9d\u00e9ration, le pays traverse une p\u00e9riode de \u00ab souffrance g\u00e9n\u00e9ralis\u00e9e des S\u00e9n\u00e9galais dans tous les secteurs \u00bb, marqu\u00e9e par \u00ab l\u2019aggravation du ch\u00f4mage, cons\u00e9cutive aux licenciements massifs et sans pr\u00e9c\u00e9dent, notamment dans les entreprises et services de l\u2019\u00c9tat (Port Autonome, AIBD, etc.), ainsi que par la hausse vertigineuse du co\u00fbt de la vie, avec la flamb\u00e9e des prix du riz, de l\u2019huile et d\u2019autres produits de base \u00bb.&nbsp;&nbsp;<\/p>\n\n\n\n<p>La FNEL estime que la lev\u00e9e annonc\u00e9e des subventions sur l\u2019\u00e9lectricit\u00e9 et les produits hydrocarbures risque d\u2019accentuer davantage les difficult\u00e9s des citoyens, d\u00e9j\u00e0 \u00e9touff\u00e9s par la chert\u00e9 de la vie. Elle d\u00e9nonce \u00e9galement \u00ab un recul de la libert\u00e9 d\u2019expression, avec des arrestations arbitraires d\u2019hommes politiques, de journalistes et de chroniqueurs pour leurs opinions, ce qui constitue un mauvais signal pour un r\u00e9gime qui pr\u00e9tend impulser le changement \u00bb.&nbsp;&nbsp;<\/p>\n\n\n\n<p>La f\u00e9d\u00e9ration regrette par ailleurs \u00ab une mainmise de l\u2019ex\u00e9cutif sur la justice, avec une reddition des comptes \u00e0 deux vitesses qui ne dit pas son nom \u00bb. Elle souligne que \u00ab les revendications des syndicats de l\u2019\u00e9ducation, de l\u2019enseignement sup\u00e9rieur, des collectivit\u00e9s territoriales et de la sant\u00e9 restent insatisfaites, tout comme le non-respect des accords et engagements sign\u00e9s par l\u2019\u00c9tat et les organisations syndicales apr\u00e8s de longues n\u00e9gociations \u00bb.&nbsp;&nbsp;<\/p>\n\n\n\n<p>La FNEL exige du r\u00e9gime Diomaye-Sonko \u00ab de respecter ses engagements en faveur de l\u2019am\u00e9lioration des conditions de vie des S\u00e9n\u00e9galais, de mettre un terme aux licenciements massifs et arbitraires dans les entreprises et services de l\u2019\u00c9tat, et de r\u00e9tablir les droits de tous les travailleurs conform\u00e9ment aux dispositions du Code du travail \u00bb. Elle r\u00e9clame \u00e9galement \u00ab la baisse des prix du riz, de l\u2019huile, des loyers, de l\u2019eau, de l\u2019\u00e9lectricit\u00e9 et des produits hydrocarbures, ainsi que le renforcement du secteur priv\u00e9 national, principal pourvoyeur d\u2019emplois, et l\u2019encouragement des investisseurs s\u00e9n\u00e9galais afin d\u2019amorcer une v\u00e9ritable industrialisation du pays, r\u00e9duisant ainsi le ch\u00f4mage et la pr\u00e9carit\u00e9 \u00bb.&nbsp;&nbsp;<\/p>\n\n\n\n<p>Un appel pour l\u2019organisation d\u2019assises sur la relance de l\u2019\u00e9conomie&nbsp;&nbsp;<\/p>\n\n\n\n<p>La F\u00e9d\u00e9ration Nationale des Enseignants Lib\u00e9raux (FNEL) s\u2019engage \u00e0 inscrire son action dans l\u2019unit\u00e9 du parti, \u00e0 approfondir la r\u00e9flexion sur toutes les questions relatives \u00e0 la vie socio-\u00e9conomique, et \u00e0 contribuer \u00e0 la consolidation d\u2019une v\u00e9ritable culture de parti d\u2019opposition. Elle entend \u00e9galement renforcer les capacit\u00e9s de ses membres pour leur permettre de jouer pleinement leur r\u00f4le dans les diff\u00e9rentes \u00e9tapes du processus politique.&nbsp;&nbsp;<\/p>\n\n\n\n<p>La FNEL appelle le gouvernement \u00e0 organiser des assises nationales sur la relance \u00e9conomique, afin d\u2019\u00e9tablir un diagnostic clair et de placer les personnes comp\u00e9tentes aux postes strat\u00e9giques.&nbsp;&nbsp;<\/p>\n\n\n\n<p>Parall\u00e8lement, les enseignants de la FNEL exhortent \u00e0 faire de la communication la cl\u00e9 de vo\u00fbte de leur action politique pour la reconqu\u00eate du pouvoir par le PDS avec le Pr\u00e9sident Karim Wade, qui, selon eux, reste \u00ab la seule alternative cr\u00e9dible pour la restauration des \u00e9quilibres, des valeurs d\u00e9mocratiques, de l\u2019\u00c9tat de droit et du progr\u00e8s \u00e9conomique et social \u00bb.<\/p>\n\n\n\n<p>SOURCE DAKARACTU<\/p>\n","protected":false},"excerpt":{"rendered":"<p>\u00c0 l\u2019occasion du forum national ayant pour th\u00e8me : \u00ab R\u00f4les et responsabilit\u00e9s des enseignant(e)s de la FNEL pour une<\/p>\n","protected":false},"author":1,"featured_media":53415,"comment_status":"open","ping_status":"open","sticky":false,"template":"","format":"standard","meta":{"footnotes":""},"categories":[21],"tags":[],"class_list":["post-53414","post","type-post","status-publish","format-standard","has-post-thumbnail","hentry","category-societe"],"_links":{"self":[{"href":"https:\/\/dekkbi.com\/index.php?rest_route=\/wp\/v2\/posts\/53414","targetHints":{"allow":["GET"]}}],"collection":[{"href":"https:\/\/dekkbi.com\/index.php?rest_route=\/wp\/v2\/posts"}],"about":[{"href":"https:\/\/dekkbi.com\/index.php?rest_route=\/wp\/v2\/types\/post"}],"author":[{"embeddable":true,"href":"https:\/\/dekkbi.com\/index.php?rest_route=\/wp\/v2\/users\/1"}],"replies":[{"embeddable":true,"href":"https:\/\/dekkbi.com\/index.php?rest_route=%2Fwp%2Fv2%2Fcomments&post=53414"}],"version-history":[{"count":1,"href":"https:\/\/dekkbi.com\/index.php?rest_route=\/wp\/v2\/posts\/53414\/revisions"}],"predecessor-version":[{"id":53416,"href":"https:\/\/dekkbi.com\/index.php?rest_route=\/wp\/v2\/posts\/53414\/revisions\/53416"}],"wp:featuredmedia":[{"embeddable":true,"href":"https:\/\/dekkbi.com\/index.php?rest_route=\/wp\/v2\/media\/53415"}],"wp:attachment":[{"href":"https:\/\/dekkbi.com\/index.php?rest_route=%2Fwp%2Fv2%2Fmedia&parent=53414"}],"wp:term":[{"taxonomy":"category","embeddable":true,"href":"https:\/\/dekkbi.com\/index.php?rest_route=%2Fwp%2Fv2%2Fcategories&post=53414"},{"taxonomy":"post_tag","embeddable":true,"href":"https:\/\/dekkbi.com\/index.php?rest_route=%2Fwp%2Fv2%2Ftags&post=53414"}],"curies":[{"name":"wp","href":"https:\/\/api.w.org\/{rel}","templated":true}]}}