{"id":53406,"date":"2025-03-17T10:17:05","date_gmt":"2025-03-17T10:17:05","guid":{"rendered":"https:\/\/dekkbi.com\/?p=53406"},"modified":"2025-03-17T10:17:06","modified_gmt":"2025-03-17T10:17:06","slug":"france-lassemblee-nationale-examine-la-proposition-de-loi-pour-renforcer-la-lutte-contre-le-narcotrafic","status":"publish","type":"post","link":"https:\/\/dekkbi.com\/?p=53406","title":{"rendered":"France: l&rsquo;Assembl\u00e9e nationale examine la proposition de loi pour renforcer la lutte contre le narcotrafic"},"content":{"rendered":"\n<p>\u00c0 l&rsquo;Assembl\u00e9e nationale, les d\u00e9bats s&rsquo;annoncent intenses. Vot\u00e9 \u00e0 l&rsquo;unanimit\u00e9 par le S\u00e9nat le 4 f\u00e9vrier, le texte&nbsp;pour renforcer la lutte contre le narcotrafic a depuis \u00e9t\u00e9 modifi\u00e9 par les parlementaires en commission des lois, avec la suppression de plusieurs dispositions consid\u00e9r\u00e9es comme portant atteinte aux libert\u00e9s publiques. Mais le gouvernement souhaite r\u00e9introduire certaines de ces propositions rejet\u00e9es.<\/p>\n\n\n\n<p>En\u00a0<strong>France<\/strong>, l&rsquo;examen de la proposition de loi pour renforcer la lutte contre le narcotrafic, soutenue par les ministres de la Justice\u00a0<strong>G\u00e9rald Darmanin<\/strong>\u00a0et de l&rsquo;Int\u00e9rieur\u00a0<strong>Bruno Retailleau<\/strong>, d\u00e9bute ce lundi 17 mars \u00e0 l&rsquo;Assembl\u00e9e.<\/p>\n\n\n\n<p>Le texte comprend deux mesures phares, valid\u00e9es en commission&nbsp;: la cr\u00e9ation d&rsquo;un parquet national anticriminalit\u00e9 organis\u00e9e et l&rsquo;incarc\u00e9ration des narcotrafiquants les plus dangereux dans des quartiers de haute s\u00e9curit\u00e9. Le r\u00e9gime qui y serait appliqu\u00e9 pr\u00e9voit des fouilles int\u00e9grales syst\u00e9matiques, des parloirs&nbsp;<em>via<\/em>&nbsp;hygiaphone, une interdiction d&rsquo;acc\u00e8s aux unit\u00e9s de vie familiale et des restrictions d&rsquo;acc\u00e8s au t\u00e9l\u00e9phone.&nbsp;Ces dispositions sont jug\u00e9es liberticides par une partie de la classe politique mais aussi par les avocats et d\u00e9fenseurs des droits.<\/p>\n\n\n\n<p>Tout en maintenant ces propositions, le minist\u00e8re de la Justice a annonc\u00e9 samedi \u00eatre pr\u00eat \u00e0 ramener \u00e0 deux ans renouvelables la dur\u00e9e d&rsquo;affectation \u00e0 ce r\u00e9gime d&rsquo;isolement, suite aux pr\u00e9conisations du conseil d&rsquo;\u00c9tat qui a jug\u00e9 \u00ab&nbsp;<em>disproportionn\u00e9s<\/em>&nbsp;\u00bb les quatre ans initialement pr\u00e9vus par G\u00e9rald Darmanin.&nbsp;<\/p>\n\n\n\n<h2 class=\"wp-block-heading\">Bruno Retailleau veut r\u00e9introduire deux amendements supprim\u00e9s en commission<\/h2>\n\n\n\n<p>De son c\u00f4t\u00e9, Bruno Retailleau compte bien r\u00e9introduire deux amendements supprim\u00e9s en commission. L&rsquo;un porte sur la cr\u00e9ation d&rsquo;un \u00ab&nbsp;<em>proc\u00e8s-verbal distinct<\/em>&nbsp;\u00bb, dit \u00ab&nbsp;<em>dossier coffre<\/em>&nbsp;\u00bb pour stocker des informations recueillies par des techniques sp\u00e9ciales d&rsquo;enqu\u00eate sans que les avocats des suspects puissent y acc\u00e9der pendant la proc\u00e9dure judiciaire.<\/p>\n\n\n\n<p>L&rsquo;autre article vise \u00e0 obliger les plateformes de messageries crypt\u00e9es \u00e0 permettre aux services de renseignements d&rsquo;acc\u00e9der aux conversations de narcotrafiquants ou terroristes pr\u00e9sum\u00e9s. La ministre du Num\u00e9rique elle-m\u00eame avait \u00e9mis des r\u00e9serves sur cette proposition estimant qu&rsquo;elle \u00ab<em>&nbsp;ne p\u00e9naliserait pas seulement les criminels<\/em>&nbsp;\u00bb.<\/p>\n\n\n\n<p>SOURCE RFI<\/p>\n","protected":false},"excerpt":{"rendered":"<p>\u00c0 l&rsquo;Assembl\u00e9e nationale, les d\u00e9bats s&rsquo;annoncent intenses. Vot\u00e9 \u00e0 l&rsquo;unanimit\u00e9 par le S\u00e9nat le 4 f\u00e9vrier, le texte&nbsp;pour renforcer la<\/p>\n","protected":false},"author":1,"featured_media":2727,"comment_status":"open","ping_status":"open","sticky":false,"template":"","format":"standard","meta":{"footnotes":""},"categories":[51],"tags":[],"class_list":["post-53406","post","type-post","status-publish","format-standard","has-post-thumbnail","hentry","category-general"],"_links":{"self":[{"href":"https:\/\/dekkbi.com\/index.php?rest_route=\/wp\/v2\/posts\/53406","targetHints":{"allow":["GET"]}}],"collection":[{"href":"https:\/\/dekkbi.com\/index.php?rest_route=\/wp\/v2\/posts"}],"about":[{"href":"https:\/\/dekkbi.com\/index.php?rest_route=\/wp\/v2\/types\/post"}],"author":[{"embeddable":true,"href":"https:\/\/dekkbi.com\/index.php?rest_route=\/wp\/v2\/users\/1"}],"replies":[{"embeddable":true,"href":"https:\/\/dekkbi.com\/index.php?rest_route=%2Fwp%2Fv2%2Fcomments&post=53406"}],"version-history":[{"count":1,"href":"https:\/\/dekkbi.com\/index.php?rest_route=\/wp\/v2\/posts\/53406\/revisions"}],"predecessor-version":[{"id":53407,"href":"https:\/\/dekkbi.com\/index.php?rest_route=\/wp\/v2\/posts\/53406\/revisions\/53407"}],"wp:featuredmedia":[{"embeddable":true,"href":"https:\/\/dekkbi.com\/index.php?rest_route=\/wp\/v2\/media\/2727"}],"wp:attachment":[{"href":"https:\/\/dekkbi.com\/index.php?rest_route=%2Fwp%2Fv2%2Fmedia&parent=53406"}],"wp:term":[{"taxonomy":"category","embeddable":true,"href":"https:\/\/dekkbi.com\/index.php?rest_route=%2Fwp%2Fv2%2Fcategories&post=53406"},{"taxonomy":"post_tag","embeddable":true,"href":"https:\/\/dekkbi.com\/index.php?rest_route=%2Fwp%2Fv2%2Ftags&post=53406"}],"curies":[{"name":"wp","href":"https:\/\/api.w.org\/{rel}","templated":true}]}}