{"id":5340,"date":"2022-12-27T10:45:26","date_gmt":"2022-12-27T10:45:26","guid":{"rendered":"https:\/\/dekkbi.com\/?p=5340"},"modified":"2022-12-27T10:45:28","modified_gmt":"2022-12-27T10:45:28","slug":"sessene-le-manque-deau-dans-la-localite-bientot-un-vieux-souvenir-selon-serigne-mbaye-thiam","status":"publish","type":"post","link":"https:\/\/dekkbi.com\/?p=5340","title":{"rendered":"Sess\u00e8ne: Le manque d&rsquo;eau dans la localit\u00e9 bient\u00f4t un vieux souvenir, selon Serigne Mbaye Thiam"},"content":{"rendered":"\n<p>R\u00e9dig\u00e9 par leral.net le Mardi 27 D\u00e9cembre 2022 \u00e0 05:55 | |&nbsp;<a href=\"https:\/\/www.leral.net\/Sessene-Le-manque-d-eau-dans-la-localite-bientot-un-vieux-souvenir-selon-Serigne-Mbaye-Thiam_a341628.html?com#comments\">0<\/a>&nbsp;commentaire(s)|<\/p>\n\n\n\n<h3 class=\"wp-block-heading\">Le manque d&rsquo;eau dans la commune de S\u00e9ssene va bient\u00f4t \u00eatre un vieux souvenir selon le ministre de l&rsquo;Eau et de l&rsquo;Assainissement, Serigne Mbaye Thiam. venu assister \u00e0 la finale en tant que parrain, le socialiste a rassur\u00e9 le maire sur la distribution de l&rsquo;eau dans la commune. D&rsquo;autres plaidoyers ont \u00e9t\u00e9 soulev\u00e9s, notamment un stade municipal.<\/h3>\n\n\n\n<figure class=\"wp-block-embed is-type-rich is-provider-prise-en-charge-des-contenus-embarques wp-block-embed-prise-en-charge-des-contenus-embarques wp-embed-aspect-16-9 wp-has-aspect-ratio\"><div class=\"wp-block-embed__wrapper\">\n<iframe loading=\"lazy\" title=\"Sess\u00e8ne: Le manque d&#039;eau dans la localit\u00e9 bient\u00f4t un vieux souvenir, selon Serigne Mbaye Thiam\" width=\"800\" height=\"450\" src=\"https:\/\/www.youtube.com\/embed\/jJEHSl5Iubg?feature=oembed\" frameborder=\"0\" allow=\"accelerometer; autoplay; clipboard-write; encrypted-media; gyroscope; picture-in-picture\" allowfullscreen><\/iframe>\n<\/div><\/figure>\n\n\n\n<p>https:\/\/www.facebook.com\/plugins\/like.php?href=https%3A%2F%2Fwww.leral.net%2FSessene-Le-manque-d-eau-dans-la-localite-bientot-un-vieux-souvenir-selon-Serigne-Mbaye-Thiam_a341628.html&#038;layout=box_count&#038;show_faces=false&#038;width=100&#038;action=like&#038;colorscheme=lighthttps:\/\/platform.twitter.com\/widgets\/tweet_button.html?url=http%3A%2F%2Fxfru.it%2Fh53Y4k&#038;counturl=https%3A%2F%2Fwww.leral.net%2FSessene-Le-manque-d-eau-dans-la-localite-bientot-un-vieux-souvenir-selon-Serigne-Mbaye-Thiam_a341628.html&#038;text=Sess%C3%A8ne%3A%20Le%20manque%20d%27eau%20dans%20la%20localit%C3%A9%20bient%C3%B4t%20un%20vieux%20souvenir%2C%20selon%20Serigne%20Mbaye%20Thiam&#038;count=vertical<\/p>\n\n\n\n<figure class=\"wp-block-image\"><a href=\"http:\/\/www.facebook.com\/share.php?u=https%3A%2F%2Fwww.leral.net%2FSessene-Le-manque-d-eau-dans-la-localite-bientot-un-vieux-souvenir-selon-Serigne-Mbaye-Thiam_a341628.html\" target=\"_blank\" rel=\"noreferrer noopener\"><img decoding=\"async\" src=\"https:\/\/www.leral.net\/_images\/addto\/facebook.png\" alt=\"Facebook\" title=\"Facebook\"\/><\/a><\/figure>\n\n\n\n<figure class=\"wp-block-image\"><a href=\"http:\/\/twitter.com\/intent\/tweet?text=Sess%C3%A8ne%3A+Le+manque+d%27eau+dans+la+localit%C3%A9+bient%C3%B4t+un+vieux+souvenir%2C+selon+Serigne+Mbaye+Thiam+http%3A%2F%2Fxfru.it%2Fh53Y4k\" target=\"_blank\" rel=\"noreferrer noopener\"><img decoding=\"async\" src=\"https:\/\/www.leral.net\/_images\/addto\/twitter.png\" alt=\"Twitter\" title=\"Twitter\"\/><\/a><\/figure>\n\n\n\n<figure class=\"wp-block-image\"><a href=\"http:\/\/www.linkedin.com\/shareArticle?mini=true&amp;url=https%3A%2F%2Fwww.leral.net%2FSessene-Le-manque-d-eau-dans-la-localite-bientot-un-vieux-souvenir-selon-Serigne-Mbaye-Thiam_a341628.html&amp;title=Sess%C3%A8ne%3A+Le+manque+d%27eau+dans+la+localit%C3%A9+bient%C3%B4t+un+vieux+souvenir%2C+selon+Serigne+Mbaye+Thiam&amp;source=&amp;summary=\" target=\"_blank\" rel=\"noreferrer noopener\"><img decoding=\"async\" src=\"https:\/\/www.leral.net\/_images\/addto\/linkedin.png\" alt=\"LinkedIn\" title=\"LinkedIn\"\/><\/a><\/figure>\n","protected":false},"excerpt":{"rendered":"<p>R\u00e9dig\u00e9 par leral.net le Mardi 27 D\u00e9cembre 2022 \u00e0 05:55 | |&nbsp;0&nbsp;commentaire(s)| Le manque d&rsquo;eau dans la commune de S\u00e9ssene<\/p>\n","protected":false},"author":1,"featured_media":5342,"comment_status":"open","ping_status":"open","sticky":false,"template":"","format":"standard","meta":{"footnotes":""},"categories":[26],"tags":[],"class_list":["post-5340","post","type-post","status-publish","format-standard","has-post-thumbnail","hentry","category-fait-divers"],"_links":{"self":[{"href":"https:\/\/dekkbi.com\/index.php?rest_route=\/wp\/v2\/posts\/5340","targetHints":{"allow":["GET"]}}],"collection":[{"href":"https:\/\/dekkbi.com\/index.php?rest_route=\/wp\/v2\/posts"}],"about":[{"href":"https:\/\/dekkbi.com\/index.php?rest_route=\/wp\/v2\/types\/post"}],"author":[{"embeddable":true,"href":"https:\/\/dekkbi.com\/index.php?rest_route=\/wp\/v2\/users\/1"}],"replies":[{"embeddable":true,"href":"https:\/\/dekkbi.com\/index.php?rest_route=%2Fwp%2Fv2%2Fcomments&post=5340"}],"version-history":[{"count":1,"href":"https:\/\/dekkbi.com\/index.php?rest_route=\/wp\/v2\/posts\/5340\/revisions"}],"predecessor-version":[{"id":5343,"href":"https:\/\/dekkbi.com\/index.php?rest_route=\/wp\/v2\/posts\/5340\/revisions\/5343"}],"wp:featuredmedia":[{"embeddable":true,"href":"https:\/\/dekkbi.com\/index.php?rest_route=\/wp\/v2\/media\/5342"}],"wp:attachment":[{"href":"https:\/\/dekkbi.com\/index.php?rest_route=%2Fwp%2Fv2%2Fmedia&parent=5340"}],"wp:term":[{"taxonomy":"category","embeddable":true,"href":"https:\/\/dekkbi.com\/index.php?rest_route=%2Fwp%2Fv2%2Fcategories&post=5340"},{"taxonomy":"post_tag","embeddable":true,"href":"https:\/\/dekkbi.com\/index.php?rest_route=%2Fwp%2Fv2%2Ftags&post=5340"}],"curies":[{"name":"wp","href":"https:\/\/api.w.org\/{rel}","templated":true}]}}