{"id":53307,"date":"2025-03-14T10:26:35","date_gmt":"2025-03-14T10:26:35","guid":{"rendered":"https:\/\/dekkbi.com\/?p=53307"},"modified":"2025-03-14T10:26:35","modified_gmt":"2025-03-14T10:26:35","slug":"identification-des-cartes-sim-lartp-annonce-des-restrictions-a-partir-du-18-mars-2025","status":"publish","type":"post","link":"https:\/\/dekkbi.com\/?p=53307","title":{"rendered":"Identification des cartes SIM : L\u2019ARTP annonce des restrictions \u00e0 partir du 18 mars 2025"},"content":{"rendered":"\n<h3 class=\"wp-block-heading\">L&rsquo;Autorit\u00e9 de R\u00e9gulation des T\u00e9l\u00e9communications et des Postes (ARTP) rappelle aux abonn\u00e9s des op\u00e9rateurs de t\u00e9l\u00e9phonie mobile (Orange, Yas, Expresso, Hayo, Promobile) que l\u2019identification des num\u00e9ros est une obligation l\u00e9gale. Dans son communiqu\u00e9, une menace imminente plane m\u00eame sur les r\u00e9fractaires&#8230;<\/h3>\n\n\n\n<p>Dans ce cadre, elle invite les d\u00e9tenteurs de cartes SIM non correctement identifi\u00e9es \u00e0 r\u00e9gulariser leur situation en pr\u00e9sentant une pi\u00e8ce d\u2019identit\u00e9 valide (Carte nationale d\u2019identit\u00e9 ou Passeport) aupr\u00e8s de leur op\u00e9rateur ou des points de vente agr\u00e9\u00e9s.<\/p>\n\n\n\n<p>Selon le plan d\u2019action d\u00e9fini avec les parties prenantes, les num\u00e9ros non identifi\u00e9s seront soumis \u00e0 des restrictions \u00e0 partir du 18 mars 2025. Ceux qui ne seront pas mis en conformit\u00e9 avant le 31 mars 2025 seront suspendus.<\/p>\n\n\n\n<p>L\u2019ARTP souligne que cette mesure s\u2019inscrit dans une d\u00e9marche de renforcement de la s\u00e9curit\u00e9 publique et de protection des consommateurs.<\/p>\n\n\n\n<p>Le Directeur g\u00e9n\u00e9ral de l\u2019ARTP, M. Dahirou Thiam, appelle ainsi tous les abonn\u00e9s concern\u00e9s \u00e0 se conformer aux exigences d\u2019identification dans les d\u00e9lais impartis afin d\u2019\u00e9viter toute interruption de service.<br><\/p>\n","protected":false},"excerpt":{"rendered":"<p>L&rsquo;Autorit\u00e9 de R\u00e9gulation des T\u00e9l\u00e9communications et des Postes (ARTP) rappelle aux abonn\u00e9s des op\u00e9rateurs de t\u00e9l\u00e9phonie mobile (Orange, Yas, Expresso,<\/p>\n","protected":false},"author":1,"featured_media":24009,"comment_status":"open","ping_status":"open","sticky":false,"template":"","format":"standard","meta":{"footnotes":""},"categories":[21],"tags":[],"class_list":["post-53307","post","type-post","status-publish","format-standard","has-post-thumbnail","hentry","category-societe"],"_links":{"self":[{"href":"https:\/\/dekkbi.com\/index.php?rest_route=\/wp\/v2\/posts\/53307","targetHints":{"allow":["GET"]}}],"collection":[{"href":"https:\/\/dekkbi.com\/index.php?rest_route=\/wp\/v2\/posts"}],"about":[{"href":"https:\/\/dekkbi.com\/index.php?rest_route=\/wp\/v2\/types\/post"}],"author":[{"embeddable":true,"href":"https:\/\/dekkbi.com\/index.php?rest_route=\/wp\/v2\/users\/1"}],"replies":[{"embeddable":true,"href":"https:\/\/dekkbi.com\/index.php?rest_route=%2Fwp%2Fv2%2Fcomments&post=53307"}],"version-history":[{"count":1,"href":"https:\/\/dekkbi.com\/index.php?rest_route=\/wp\/v2\/posts\/53307\/revisions"}],"predecessor-version":[{"id":53308,"href":"https:\/\/dekkbi.com\/index.php?rest_route=\/wp\/v2\/posts\/53307\/revisions\/53308"}],"wp:featuredmedia":[{"embeddable":true,"href":"https:\/\/dekkbi.com\/index.php?rest_route=\/wp\/v2\/media\/24009"}],"wp:attachment":[{"href":"https:\/\/dekkbi.com\/index.php?rest_route=%2Fwp%2Fv2%2Fmedia&parent=53307"}],"wp:term":[{"taxonomy":"category","embeddable":true,"href":"https:\/\/dekkbi.com\/index.php?rest_route=%2Fwp%2Fv2%2Fcategories&post=53307"},{"taxonomy":"post_tag","embeddable":true,"href":"https:\/\/dekkbi.com\/index.php?rest_route=%2Fwp%2Fv2%2Ftags&post=53307"}],"curies":[{"name":"wp","href":"https:\/\/api.w.org\/{rel}","templated":true}]}}