{"id":5330,"date":"2022-12-27T10:30:45","date_gmt":"2022-12-27T10:30:45","guid":{"rendered":"https:\/\/dekkbi.com\/?p=5330"},"modified":"2022-12-27T10:30:46","modified_gmt":"2022-12-27T10:30:46","slug":"lancement-officiel-de-linitiative-citoyenne-demain-senegal","status":"publish","type":"post","link":"https:\/\/dekkbi.com\/?p=5330","title":{"rendered":"Lancement officiel de l&rsquo;initiative citoyenne DEMAIN SENEGAL"},"content":{"rendered":"\n<p><strong>DEMAIN SENEGAL, une initiative citoyenne de la soci\u00e9t\u00e9 civile pour la construction du S\u00e9n\u00e9gal de demain avec les S\u00e9n\u00e9galais d&rsquo;aujourd&rsquo;hui, annonce son lancement officiel le 28 d\u00e9cembre \u00e0 la Maison de la Culture Douta Seck \u00e0 la M\u00e9dina DAKAR.<\/strong><\/p>\n\n\n\n<p>Demain S\u00e9n\u00e9gal est une initiative citoyenne de la soci\u00e9t\u00e9 civile dont l&rsquo;ambition est de contribuer au d\u00e9veloppement du S\u00e9n\u00e9gal en favorisant un cadre de r\u00e9flexion collectif et constructif afin de voir \u00e9merger les solutions face aux grands d\u00e9fis du sous-d\u00e9veloppement dont l&rsquo;acc\u00e8s \u00e0 l&rsquo;\u00e9ducation, la sant\u00e9, l&#8217;emploi des jeunes, l&rsquo;habitat, l&rsquo;environnement, la pauvret\u00e9 &#8230;<\/p>\n\n\n\n<p>Demain S\u00e9n\u00e9gal entend capitaliser sur l&rsquo;h\u00e9ritage des Assises Nationales.<\/p>\n\n\n\n<p>Ce lancement sera l&rsquo;occasion, pour Demain S\u00e9n\u00e9gal, de montrer sa dynamique de r\u00e9flexion et d&rsquo;action \u00e0 travers l&rsquo;organisation d&rsquo;une s\u00e9rie de d\u00e9bats citoyens autour de 5 probl\u00e9matiques : \u00e9tat de droit et bonne gouvernance, emploi et entrepreneuriat, \u00e9ducation et formation, sant\u00e9, habitat<br>et cadre de vie.<\/p>\n\n\n\n<p>Cet \u00e9v\u00e9nement va r\u00e9unir diff\u00e9rents acteurs s\u00e9n\u00e9galais incluant ceux de la diaspora, de tous \u00e2ges et de tous horizons : agriculteurs, entrepreneurs, universitaires, d\u00e9cideurs, ouvriers, cadres, jeunes femmes et hommes actifs ou sans emploi, investisseurs &#8230;<\/p>\n\n\n\n<p>DEMAIN SENEGAL, une initiative citoyenne de la soci\u00e9t\u00e9 civile, pour la construction du S\u00e9n\u00e9gal de demain avec les S\u00e9n\u00e9galais d&rsquo;aujourd&rsquo;hui.<\/p>\n\n\n\n<p>La Pr\u00e9sidente<\/p>\n\n\n\n<p>Thiaba&nbsp; Camara Sy<\/p>\n","protected":false},"excerpt":{"rendered":"<p>DEMAIN SENEGAL, une initiative citoyenne de la soci\u00e9t\u00e9 civile pour la construction du S\u00e9n\u00e9gal de demain avec les S\u00e9n\u00e9galais d&rsquo;aujourd&rsquo;hui,<\/p>\n","protected":false},"author":1,"featured_media":5331,"comment_status":"open","ping_status":"open","sticky":false,"template":"","format":"standard","meta":{"footnotes":""},"categories":[21],"tags":[],"class_list":["post-5330","post","type-post","status-publish","format-standard","has-post-thumbnail","hentry","category-societe"],"_links":{"self":[{"href":"https:\/\/dekkbi.com\/index.php?rest_route=\/wp\/v2\/posts\/5330","targetHints":{"allow":["GET"]}}],"collection":[{"href":"https:\/\/dekkbi.com\/index.php?rest_route=\/wp\/v2\/posts"}],"about":[{"href":"https:\/\/dekkbi.com\/index.php?rest_route=\/wp\/v2\/types\/post"}],"author":[{"embeddable":true,"href":"https:\/\/dekkbi.com\/index.php?rest_route=\/wp\/v2\/users\/1"}],"replies":[{"embeddable":true,"href":"https:\/\/dekkbi.com\/index.php?rest_route=%2Fwp%2Fv2%2Fcomments&post=5330"}],"version-history":[{"count":1,"href":"https:\/\/dekkbi.com\/index.php?rest_route=\/wp\/v2\/posts\/5330\/revisions"}],"predecessor-version":[{"id":5332,"href":"https:\/\/dekkbi.com\/index.php?rest_route=\/wp\/v2\/posts\/5330\/revisions\/5332"}],"wp:featuredmedia":[{"embeddable":true,"href":"https:\/\/dekkbi.com\/index.php?rest_route=\/wp\/v2\/media\/5331"}],"wp:attachment":[{"href":"https:\/\/dekkbi.com\/index.php?rest_route=%2Fwp%2Fv2%2Fmedia&parent=5330"}],"wp:term":[{"taxonomy":"category","embeddable":true,"href":"https:\/\/dekkbi.com\/index.php?rest_route=%2Fwp%2Fv2%2Fcategories&post=5330"},{"taxonomy":"post_tag","embeddable":true,"href":"https:\/\/dekkbi.com\/index.php?rest_route=%2Fwp%2Fv2%2Ftags&post=5330"}],"curies":[{"name":"wp","href":"https:\/\/api.w.org\/{rel}","templated":true}]}}