{"id":53295,"date":"2025-03-14T09:53:33","date_gmt":"2025-03-14T09:53:33","guid":{"rendered":"https:\/\/dekkbi.com\/?p=53295"},"modified":"2025-03-14T09:53:33","modified_gmt":"2025-03-14T09:53:33","slug":"la-raddho-denonce-les-abus-envers-les-migrants-en-mauritanie","status":"publish","type":"post","link":"https:\/\/dekkbi.com\/?p=53295","title":{"rendered":"La Raddho d\u00e9nonce \u00ab\u00a0les abus\u00a0\u00bb envers les migrants en Mauritanie"},"content":{"rendered":"\n<p><a href=\"https:\/\/lesoleil.sn\/wp-content\/uploads\/2025\/03\/migrants-en-Mauritanie.jpg\"><\/a>La Rencontre africaine pour la d\u00e9fense des droits de l\u2019Homme (Raddho) a exprim\u00e9 son indignation face \u00e0 l\u2019arrestation et \u00e0 l\u2019expulsion de centaines de migrants en situation irr\u00e9guli\u00e8re en Mauritanie, principalement originaires du S\u00e9n\u00e9gal, du Mali, de la C\u00f4te d\u2019Ivoire et de la Guin\u00e9e. Selon la RADDHO, ces migrants sont victimes de traitements inhumains et d\u00e9gradants, notamment dans les centres de d\u00e9tention de Robinet 10 et Le Ksar, ce qui constitue une violation des droits humains et des engagements internationaux de la Mauritanie.<\/p>\n\n\n\n<p>Malgr\u00e9 les critiques internationales, les autorit\u00e9s mauritaniennes justifient ces actions comme des mesures visant \u00e0 r\u00e9guler les flux migratoires et \u00e0 lutter contre le trafic de migrants. Ces pratiques ont provoqu\u00e9 des tensions, y compris des actes de protestation violente de la part des migrants, comme l\u2019incendie d\u2019un poste de police \u00e0 Gogui Zemal.<\/p>\n\n\n\n<p>La RADDHO rappelle \u00e0 la Mauritanie ses obligations internationales, notamment celles inscrites dans la Convention des Nations Unies sur les droits des migrants, et appelle les autorit\u00e9s s\u00e9n\u00e9galaises \u00e0 garantir la protection de leurs ressortissants. L\u2019organisation exhorte \u00e9galement les \u00c9tats africains \u00e0 adopter des politiques migratoires respectueuses des droits humains et \u00e0 promouvoir l\u2019int\u00e9gration et la mobilit\u00e9 intra-africaine, tout en \u00e9vitant des actions r\u00e9pressives. Enfin, la RADDHO souligne l\u2019importance d\u2019une coop\u00e9ration r\u00e9gionale pour une gestion plus humaine des migrations africaines.<\/p>\n\n\n\n<p>SOURCE LESOLEIL<\/p>\n","protected":false},"excerpt":{"rendered":"<p>La Rencontre africaine pour la d\u00e9fense des droits de l\u2019Homme (Raddho) a exprim\u00e9 son indignation face \u00e0 l\u2019arrestation et \u00e0<\/p>\n","protected":false},"author":1,"featured_media":53296,"comment_status":"open","ping_status":"open","sticky":false,"template":"","format":"standard","meta":{"footnotes":""},"categories":[26],"tags":[],"class_list":["post-53295","post","type-post","status-publish","format-standard","has-post-thumbnail","hentry","category-fait-divers"],"_links":{"self":[{"href":"https:\/\/dekkbi.com\/index.php?rest_route=\/wp\/v2\/posts\/53295","targetHints":{"allow":["GET"]}}],"collection":[{"href":"https:\/\/dekkbi.com\/index.php?rest_route=\/wp\/v2\/posts"}],"about":[{"href":"https:\/\/dekkbi.com\/index.php?rest_route=\/wp\/v2\/types\/post"}],"author":[{"embeddable":true,"href":"https:\/\/dekkbi.com\/index.php?rest_route=\/wp\/v2\/users\/1"}],"replies":[{"embeddable":true,"href":"https:\/\/dekkbi.com\/index.php?rest_route=%2Fwp%2Fv2%2Fcomments&post=53295"}],"version-history":[{"count":1,"href":"https:\/\/dekkbi.com\/index.php?rest_route=\/wp\/v2\/posts\/53295\/revisions"}],"predecessor-version":[{"id":53297,"href":"https:\/\/dekkbi.com\/index.php?rest_route=\/wp\/v2\/posts\/53295\/revisions\/53297"}],"wp:featuredmedia":[{"embeddable":true,"href":"https:\/\/dekkbi.com\/index.php?rest_route=\/wp\/v2\/media\/53296"}],"wp:attachment":[{"href":"https:\/\/dekkbi.com\/index.php?rest_route=%2Fwp%2Fv2%2Fmedia&parent=53295"}],"wp:term":[{"taxonomy":"category","embeddable":true,"href":"https:\/\/dekkbi.com\/index.php?rest_route=%2Fwp%2Fv2%2Fcategories&post=53295"},{"taxonomy":"post_tag","embeddable":true,"href":"https:\/\/dekkbi.com\/index.php?rest_route=%2Fwp%2Fv2%2Ftags&post=53295"}],"curies":[{"name":"wp","href":"https:\/\/api.w.org\/{rel}","templated":true}]}}