{"id":53292,"date":"2025-03-14T09:50:14","date_gmt":"2025-03-14T09:50:14","guid":{"rendered":"https:\/\/dekkbi.com\/?p=53292"},"modified":"2025-03-14T09:50:15","modified_gmt":"2025-03-14T09:50:15","slug":"le-cinquieme-salon-international-de-lhabitat-au-senegal-prevu-en-mai-prochain-sous-le-signe-de-lacces-de-tous-au-logement","status":"publish","type":"post","link":"https:\/\/dekkbi.com\/?p=53292","title":{"rendered":"Le cinqui\u00e8me Salon international de l\u2019habitat au S\u00e9n\u00e9gal pr\u00e9vu en mai prochain, sous le signe de l\u2019acc\u00e8s de tous au logement"},"content":{"rendered":"\n<p><strong>SENEGAL-URBANISME<\/strong><\/p>\n\n\n\n<p>Diamniadio, 13 mars (APS) \u2013 Le cinqui\u00e8me Salon international de l\u2019habitat au S\u00e9n\u00e9gal (SENHABITAT 5) va se tenir du 22 au 25 mai 2025 \u00e0 Dakar et \u00e0 Diamniadio (ouest), sous le signe de l\u2019acc\u00e8s de toutes les cat\u00e9gories sociales au logement, a-t-on appris, jeudi, du secr\u00e9taire d\u2019\u00c9tat \u00e0 l\u2019Urbanisme et au Logement, Momath Talla Ndao.<\/p>\n\n\n\n<p>Certaines activit\u00e9s du SENHABITAT 5 vont se tenir au centre international de conf\u00e9rences Abdou-Diouf et au centre des expositions de Diamniadio, tandis que d\u2019autres auront lieu \u00e0 la place de la Nation, a indiqu\u00e9 M. Ndao lors d\u2019une r\u00e9union de lancement des pr\u00e9paratifs du salon.<\/p>\n\n\n\n<p>Cet \u00e9v\u00e8nement est organis\u00e9 en vue du renforcement de la concertation entre les professionnels de l\u2019urbanisme, de l\u2019architecture et de la construction, a-t-il dit, soulignant que l\u2019acc\u00e8s de toutes les cat\u00e9gories sociales au logement en est, cette ann\u00e9e, le principal objectif.<\/p>\n\n\n\n<p>\u2018\u2019Nous voulons que toutes les cat\u00e9gories sociales puissent avoir acc\u00e8s \u00e0 la propri\u00e9t\u00e9 immobili\u00e8re. Les programmes que nous avions l\u2019habitude de voir n\u2019offraient pas suffisamment d\u2019opportunit\u00e9s aux S\u00e9n\u00e9galais pour leur permettre d\u2019avoir tous acc\u00e8s au foncier et faciliter aux m\u00e9nages l\u2019autoconstruction\u2019\u2019, a relev\u00e9 Momath Talla Ndao.<\/p>\n\n\n\n<p>\u2018\u2019Acc\u00e8s au logement&nbsp;: repenser nos villes\u2019\u2019 est le th\u00e8me du SENHABITAT 5.<\/p>\n\n\n\n<p>M. Ndao souhaite que les S\u00e9n\u00e9galais participent massivement au salon, que tous les professionnels du b\u00e2timent et de l\u2019urbanisme y prennent part.<\/p>\n\n\n\n<p>\u2018\u2019Nous voulons que les \u00e9changes pr\u00e9vus lors de ce rendez-vous-l\u00e0 puissent nous permettre d\u2019enrichir ce qu\u2019on est en train de proposer aux S\u00e9n\u00e9galais en termes d\u2019offres, d\u2019acc\u00e8s au logement et d\u2019architecture\u2019\u2019, a-t-il dit.<\/p>\n\n\n\n<p>L\u2019Ordre des architectes du S\u00e9n\u00e9gal est associ\u00e9 \u00e0 l\u2019organisation SENHABITAT 5.<\/p>\n\n\n\n<p>Le salon va co\u00efncider avec un symposium des architectes africains pr\u00e9vu \u00e0 Dakar, a annonc\u00e9 le secr\u00e9taire d\u2019\u00c9tat, consid\u00e9rant la simultan\u00e9it\u00e9 des deux \u00e9v\u00e8nements comme une \u2018\u2019innovation\u2019\u2019 dans l\u2019organisation du SENHABITAT.<\/p>\n\n\n\n<p>\u2018\u2019Nous avons int\u00e9gr\u00e9 la notion de r\u00e9novation urbaine. Nous remarquons qu\u2019il y a beaucoup d\u2019opportunit\u00e9s pouvant nous permettre d\u2019acc\u00e9der au logement. Il faut aussi penser \u00e0 l\u2019am\u00e9lioration du cadre urbain, \u00e0 la r\u00e9novation urbaine\u2019\u2019, a-t-il expliqu\u00e9.<\/p>\n\n\n\n<p><strong>\u2014 \u2018\u2019Nos villes posent probl\u00e8me\u2019\u2019 \u2014&nbsp;<\/strong><\/p>\n\n\n\n<p>Momath Talla Ndao assure que les pouvoirs publics veulent tenir compte de la diversit\u00e9 de la demande en mati\u00e8re de logement, pour permettre \u00e0 toutes les cat\u00e9gories sociales d\u2019avoir \u2018\u2019un logement de qualit\u00e9\u2019\u2019.<\/p>\n\n\n\n<p>\u2018\u2019Nous avons re\u00e7u du chef de l\u2019\u00c9tat, en Conseil des ministres, une directive tr\u00e8s importante. Il nous demande de travailler avec le minist\u00e8re [de l\u2019Urbanisme, des Collectivit\u00e9s territoriales et de l\u2019Am\u00e9nagement du territoire], pour red\u00e9finir nos villes\u2019\u2019, a dit Massamba Diop, le pr\u00e9sident de l\u2019Ordre des architectes du S\u00e9n\u00e9gal.<\/p>\n\n\n\n<p>\u2018\u2019Nos villes, telles qu\u2019elles sont configur\u00e9es, posent probl\u00e8me. Dans le long terme, elles seront invivables\u2019\u2019, a pr\u00e9venu M. Diop en participant au lancement des pr\u00e9paratifs du SENHABITAT.<\/p>\n\n\n\n<p>Cette prise de conscience est \u00e0 l\u2019origine de l\u2019organisation, \u00e0 Dakar, du symposium des architectes africains, selon lui.<\/p>\n\n\n\n<p>\u2018\u2019C\u2019est la raison pour laquelle nous allons faire venir des architectes africains, des urbanistes, des ing\u00e9nieurs, des am\u00e9nagistes, des paysagistes, des environnementalistes, des intellectuels et des artistes\u2019\u2019, a poursuivi Massamba Diop.<\/p>\n\n\n\n<p>MFD\/ESF &#8211; LESOLEIL<\/p>\n\n\n\n<h6 class=\"wp-block-heading\"><\/h6>\n","protected":false},"excerpt":{"rendered":"<p>SENEGAL-URBANISME Diamniadio, 13 mars (APS) \u2013 Le cinqui\u00e8me Salon international de l\u2019habitat au S\u00e9n\u00e9gal (SENHABITAT 5) va se tenir du<\/p>\n","protected":false},"author":1,"featured_media":53293,"comment_status":"open","ping_status":"open","sticky":false,"template":"","format":"standard","meta":{"footnotes":""},"categories":[3],"tags":[],"class_list":["post-53292","post","type-post","status-publish","format-standard","has-post-thumbnail","hentry","category-event-more-news"],"_links":{"self":[{"href":"https:\/\/dekkbi.com\/index.php?rest_route=\/wp\/v2\/posts\/53292","targetHints":{"allow":["GET"]}}],"collection":[{"href":"https:\/\/dekkbi.com\/index.php?rest_route=\/wp\/v2\/posts"}],"about":[{"href":"https:\/\/dekkbi.com\/index.php?rest_route=\/wp\/v2\/types\/post"}],"author":[{"embeddable":true,"href":"https:\/\/dekkbi.com\/index.php?rest_route=\/wp\/v2\/users\/1"}],"replies":[{"embeddable":true,"href":"https:\/\/dekkbi.com\/index.php?rest_route=%2Fwp%2Fv2%2Fcomments&post=53292"}],"version-history":[{"count":1,"href":"https:\/\/dekkbi.com\/index.php?rest_route=\/wp\/v2\/posts\/53292\/revisions"}],"predecessor-version":[{"id":53294,"href":"https:\/\/dekkbi.com\/index.php?rest_route=\/wp\/v2\/posts\/53292\/revisions\/53294"}],"wp:featuredmedia":[{"embeddable":true,"href":"https:\/\/dekkbi.com\/index.php?rest_route=\/wp\/v2\/media\/53293"}],"wp:attachment":[{"href":"https:\/\/dekkbi.com\/index.php?rest_route=%2Fwp%2Fv2%2Fmedia&parent=53292"}],"wp:term":[{"taxonomy":"category","embeddable":true,"href":"https:\/\/dekkbi.com\/index.php?rest_route=%2Fwp%2Fv2%2Fcategories&post=53292"},{"taxonomy":"post_tag","embeddable":true,"href":"https:\/\/dekkbi.com\/index.php?rest_route=%2Fwp%2Fv2%2Ftags&post=53292"}],"curies":[{"name":"wp","href":"https:\/\/api.w.org\/{rel}","templated":true}]}}