{"id":53286,"date":"2025-03-14T09:37:13","date_gmt":"2025-03-14T09:37:13","guid":{"rendered":"https:\/\/dekkbi.com\/?p=53286"},"modified":"2025-03-14T09:37:14","modified_gmt":"2025-03-14T09:37:14","slug":"pressions-sur-le-secteur-industriel-le-tissu-trop-tendu-le-secteur-agro-alimentaire-dans-la-hantise-de-baisses-imposees-des-prix","status":"publish","type":"post","link":"https:\/\/dekkbi.com\/?p=53286","title":{"rendered":"Pressions sur le secteur industriel : LE TISSU TROP TENDU \u2013 Le secteur agro-alimentaire dans la hantise de baisses impos\u00e9es des prix"},"content":{"rendered":"\n<p><strong>Bassirou Diomaye Faye proclame sa volont\u00e9 de b\u00e2tir une \u00e9conomie forte appuy\u00e9e sur l\u2019industrialisation du pays. Mais son gouvernement et lui ne font rien pour s\u00e9curiser les industries existantes, fortement menac\u00e9es.<\/strong><\/p>\n\n\n\n<p>Le dernier communiqu\u00e9 du Conseil des ministres de mercredi dernier met en lumi\u00e8re l\u2019intervention du pr\u00e9sident de la R\u00e9publique sur le besoin de \u00abb\u00e2tir une \u00e9conomie attractive et robuste orient\u00e9e vers la valorisation endog\u00e8ne de nos potentialit\u00e9s et ressources naturelles, et fortement cr\u00e9atrice d\u2019emplois d\u00e9cents\u00bb. Le chef de l\u2019Etat voulait souligner ainsi l\u2019importance qu\u2019il accorde au d\u00e9veloppement de l\u2019industrie dans ce pays, et la promotion de l\u2019industrialisation, qui devrait b\u00e9n\u00e9ficier de nombreuses ressources du pays et du potentiel qu\u2019elles engendrent. Diomaye Faye a ainsi demand\u00e9, selon les termes du communiqu\u00e9, \u00abaux ministres en charge de l\u2019Economie et de l\u2019Industrie, en liaison avec l\u2019Apix, d\u2019\u00e9valuer les zones \u00e9conomiques sp\u00e9ciales et les agropoles cr\u00e9\u00e9s, en termes d\u2019entreprises install\u00e9es, d\u2019investissements et d\u2019innovations technologiques r\u00e9alis\u00e9s, de facilit\u00e9s (administratives, fiscales, fonci\u00e8res\u2026) accord\u00e9es par l\u2019Etat, d\u2019emplois cr\u00e9\u00e9s et de contribution \u00e0 la promotion des exportations et au dynamisme des p\u00f4les territoires\u00bb. En ce moment o\u00f9 le marasme \u00e9conomique semble avoir saisi tous les secteurs du pays, cette d\u00e9claration de la plus haute autorit\u00e9 du pays devrait permettre de revigorer les citoyens et de donner un coup de fouet aux entrepreneurs. Malheu\u00adreusement, les choses se passent comme si les entrepreneurs veulent \u00abavoir le miel sur la langue plut\u00f4t que dans les oreilles\u00bb, si l\u2019on reprend l\u2019expression favorite d\u2019un important chef d\u2019entreprise du S\u00e9n\u00e9gal.<\/p>\n\n\n\n<p>Car au moment o\u00f9 les autorit\u00e9s disent vouloir encourager l\u2019entreprise priv\u00e9e, les industries agroalimentaires sont sous une forte pression des services du minist\u00e8re du Commerce. M. Serigne Gu\u00e8ye Diop avait d\u2019ailleurs annonc\u00e9 il n\u2019y a gu\u00e8re, que les prix des denr\u00e9es comme le riz, le pain, l\u2019huile ou le sucre, allaient bient\u00f4t fortement baisser. Cela, sans annoncer des mesures compensatoires aux producteurs et aux distributeurs. Lors des premi\u00e8res annonces de baisse de prix, les consommateurs ont cru \u00eatre flou\u00e9s, d\u2019o\u00f9 la volont\u00e9 du gouvernement de se rattraper, quitte \u00e0 frapper sur les industriels. Comme pour ne pas faire mentir le patron du commerce s\u00e9n\u00e9galais, les entreprises sont mises \u00e0 contribution, quitte \u00e0 vendre \u00e0 perte. Plusieurs commencent \u00e0 se demander si elles vont pouvoir tenir face aux nouvelles exigences.<\/p>\n\n\n\n<p>Sans doute que les pouvoirs publics semblent consid\u00e9rer que les industriels auraient plus de marge de man\u0153uvre que l\u2019Etat, qui a avou\u00e9 ne plus en avoir. On se rappelle qu\u2019en juin 2024, pour ne pas \u00eatre forc\u00e9 d\u2019accepter une augmentation du prix du pain demand\u00e9e par les boulangers, le gouvernement avait mis en demeure les meuniers de revoir \u00e0 la baisse les prix de vente de la farine. Ces minotiers avaient accept\u00e9 la mort dans l\u2019\u00e2me. Cela leur a co\u00fbt\u00e9 cher depuis.<\/p>\n\n\n\n<p>Les m\u00eames pressions ont \u00e9t\u00e9 exerc\u00e9es sur les producteurs de sucre de la Css, ceux de la Soca et d\u2019Agroline pour la tomate, ainsi que sur les huiliers et autres produits alimentaires. Le probl\u00e8me avec ces baisses impos\u00e9es, c\u2019est qu\u2019elles ne reposent sur aucune logique \u00e9conomique. La crise \u00e9conomique actuelle date de l\u2019\u00e9ruption du Covid-19, qui avait perturb\u00e9 la cha\u00eene logistique mondiale et priv\u00e9 les pays en d\u00e9veloppement de moyens de transport dont les pays riches avaient besoin pour assurer leur fourniture. La fin du Covid ayant co\u00efncid\u00e9 avec la guerre entre la Russie et l\u2019Ukraine, cela n\u2019a pas aid\u00e9 \u00e0 am\u00e9liorer les choses. Le monde s\u2019est tr\u00e8s vite rendu compte que la plus grande partie du bl\u00e9 consomm\u00e9 dans le monde venait de la Russie et de l\u2019Ukraine. De m\u00eame que l\u2019engrais dont les agriculteurs de par le monde, et en Afrique particuli\u00e8rement, ont besoin pour leurs cultures, provient de ces contr\u00e9es. Cette situation n\u2019a pas seulement fait baisser les prix des produits alimentaires, elle les a pouss\u00e9s encore plus \u00e0 la hausse.<\/p>\n\n\n\n<p>Le Pr\u00e9sident Macky Sall, face \u00e0 cette situation, en plus d\u2019avoir mobilis\u00e9 plus de 1000 milliards pour son Fonds de r\u00e9silience \u00e9conomique dans le cadre de la lutte contre le Covid, a aussi fait jouer tous les leviers de la fiscalit\u00e9 pour emp\u00eacher une flamb\u00e9e des prix. La nouvelle \u00e9quipe au pouvoir n\u2019a donc plus la m\u00eame latitude, et il semble, malheureusement, que notre \u00e9quipe de fiscalistes soit plus dou\u00e9e pour faire les poches des contribuables que pour aider les entrepreneurs \u00e0 produire de l\u2019argent dans le pays.<\/p>\n\n\n\n<p>Cons\u00e9quences&nbsp;: une bonne partie des riziculteurs ont des difficult\u00e9s pour produire sans s\u2019endetter jusqu\u2019au cou. Le g\u00e9ant du sucre, la Compagnie sucri\u00e8re s\u00e9n\u00e9galaise, doit d\u00e9j\u00e0 faire face \u00e0 une forte concurrence d\u00e9loyale du sucre de contrebande, favoris\u00e9e pour une grande partie par les Dipa d\u00e9livr\u00e9es par les pouvoirs publics. Au point que, \u00e0 cette p\u00e9riode de fin de campagne, elle a encore dans ses hangars, plus de 60 000 tonnes de sucre sur les 150 000 de cette ann\u00e9e. A se demander o\u00f9 elle conservera la prochaine production. Il lui est en plus demand\u00e9 de se pr\u00e9parer \u00e0 une prochaine baisse des prix. Donc, comme d\u2019autres, \u00e0 ne pas d\u00e9gager de marges b\u00e9n\u00e9ficiaires.<\/p>\n\n\n\n<p>Cette crainte de devoir vendre \u00e0 perte a d\u00e9j\u00e0 pouss\u00e9 la famille Oma\u00efs \u00e0 c\u00e9der la majorit\u00e9 de ses parts dans Patisen \u00e0 des int\u00e9r\u00eats \u00e9trangers. Il est dit que la Sedima, dirig\u00e9e par la d\u00e9put\u00e9e Anta Babacar Ngom, est en train de suivre le m\u00eame processus. Les autorit\u00e9s de ce pays, pass\u00e9es et m\u00eame actuelles, ont toujours sembl\u00e9 estimer que le d\u00e9veloppement industriel de ce pays se fera avec les petits n\u00e9gociants de Sandaga et Colobane. Or, \u00e0 ce jour, on n\u2019a encore vu aucun consortium de commer\u00e7ants de Sandaga reprendre ou m\u00eame cr\u00e9er une entreprise industrielle. Par contre, ils en ont fait tomber. Brouillons, ces dits n\u00e9gociants sont accul\u00e9s par leurs concurrents chinois mieux organis\u00e9s. En voulant, sous de fallacieux motifs de souverainisme, \u00e9carter les vrais industriels cr\u00e9ateurs de richesses au profit de \u00abtabliers\u00bb, l\u2019Etat ne pourra pas garantir aux consommateurs s\u00e9n\u00e9galais des produits \u00e0 bas co\u00fbt. Car tout viendra de l\u2019\u00e9tranger, et \u00e0 des prix impos\u00e9s par les producteurs \u00e9trangers.<\/p>\n\n\n\n<p><strong>Par Mohamed GUEYE \u2013\u00a0<\/strong>LEQUOTIDIEN<\/p>\n","protected":false},"excerpt":{"rendered":"<p>Bassirou Diomaye Faye proclame sa volont\u00e9 de b\u00e2tir une \u00e9conomie forte appuy\u00e9e sur l\u2019industrialisation du pays. Mais son gouvernement et<\/p>\n","protected":false},"author":1,"featured_media":45919,"comment_status":"open","ping_status":"open","sticky":false,"template":"","format":"standard","meta":{"footnotes":""},"categories":[6],"tags":[],"class_list":["post-53286","post","type-post","status-publish","format-standard","has-post-thumbnail","hentry","category-politics"],"_links":{"self":[{"href":"https:\/\/dekkbi.com\/index.php?rest_route=\/wp\/v2\/posts\/53286","targetHints":{"allow":["GET"]}}],"collection":[{"href":"https:\/\/dekkbi.com\/index.php?rest_route=\/wp\/v2\/posts"}],"about":[{"href":"https:\/\/dekkbi.com\/index.php?rest_route=\/wp\/v2\/types\/post"}],"author":[{"embeddable":true,"href":"https:\/\/dekkbi.com\/index.php?rest_route=\/wp\/v2\/users\/1"}],"replies":[{"embeddable":true,"href":"https:\/\/dekkbi.com\/index.php?rest_route=%2Fwp%2Fv2%2Fcomments&post=53286"}],"version-history":[{"count":1,"href":"https:\/\/dekkbi.com\/index.php?rest_route=\/wp\/v2\/posts\/53286\/revisions"}],"predecessor-version":[{"id":53287,"href":"https:\/\/dekkbi.com\/index.php?rest_route=\/wp\/v2\/posts\/53286\/revisions\/53287"}],"wp:featuredmedia":[{"embeddable":true,"href":"https:\/\/dekkbi.com\/index.php?rest_route=\/wp\/v2\/media\/45919"}],"wp:attachment":[{"href":"https:\/\/dekkbi.com\/index.php?rest_route=%2Fwp%2Fv2%2Fmedia&parent=53286"}],"wp:term":[{"taxonomy":"category","embeddable":true,"href":"https:\/\/dekkbi.com\/index.php?rest_route=%2Fwp%2Fv2%2Fcategories&post=53286"},{"taxonomy":"post_tag","embeddable":true,"href":"https:\/\/dekkbi.com\/index.php?rest_route=%2Fwp%2Fv2%2Ftags&post=53286"}],"curies":[{"name":"wp","href":"https:\/\/api.w.org\/{rel}","templated":true}]}}