{"id":53277,"date":"2025-03-13T10:33:27","date_gmt":"2025-03-13T10:33:27","guid":{"rendered":"https:\/\/dekkbi.com\/?p=53277"},"modified":"2025-03-13T10:33:27","modified_gmt":"2025-03-13T10:33:27","slug":"voici-les-hypotheses-possibles-sur-lavenir-du-pape-francois-cest-probablement-la-fin-du-pontificat-tel-quon-la-connu-jusquici","status":"publish","type":"post","link":"https:\/\/dekkbi.com\/?p=53277","title":{"rendered":"Voici les hypoth\u00e8ses possibles sur l\u2019avenir du pape Fran\u00e7ois: \u201cC\u2019est probablement la fin du pontificat tel qu\u2019on l\u2019a connu jusqu\u2019ici\u201d"},"content":{"rendered":"\n<p>Bien qu\u2019il devrait prochainement sortir de l\u2019h\u00f4pital, l\u2019avenir du pape para\u00eet incertain alors que le Vatican c\u00e9l\u00e8bre ses 12 ans de pontificat. Plusieurs sc\u00e9narios sont envisageables.<\/p>\n\n\n\n<p><strong>K.D.\u00a0Source:\u00a0Belga, AFP<\/strong><a href=\"http:\/\/twitter.com\/share?text=Voici+les+hypoth%C3%A8ses+possibles+sur+l%E2%80%99avenir+du+pape+Fran%C3%A7ois%3A+%E2%80%9CC%E2%80%99est+probablement+la+fin+du+pontificat+tel+qu%E2%80%99on+l%E2%80%99a+connu+jusqu%E2%80%99ici%E2%80%9D&amp;url=https%3A%2F%2Fwww.7sur7.be%2Fmonde%2Fvoici-les-hypotheses-possibles-sur-lavenir-du-pape-francois-cest-probablement-la-fin-du-pontificat-tel-quon-la-connu-jusquici%7Ea7446cc3%2F%3Futm_source%3Dtwitter%26utm_medium%3Dsocial%26utm_campaign%3Dsocialsharing_web\"><\/a><\/p>\n\n\n\n<p>Fran\u00e7ois passe jeudi le cap de ses 12 ans de papaut\u00e9 \u00e0 l\u2019h\u00f4pital, sans date de sortie pr\u00e9vue, l\u2019incertitude persistant sur l\u2019avenir de son pontificat, m\u00eame si ses m\u00e9decins ont \u00e9cart\u00e9 tout danger imm\u00e9diat.<\/p>\n\n\n\n<h2 class=\"wp-block-heading\">Des semaines de r\u00e9tablissement, voire plus<\/h2>\n\n\n\n<p>Quand Fran\u00e7ois va-t-il quitter l\u2019h\u00f4pital Gemelli de Rome? Dans quel \u00e9tat? Sera-t-il capable de poursuivre sa mission? Les interrogations se multiplient autour du pontife de 88 ans apr\u00e8s sa double pneumonie, source d\u2019inqui\u00e9tudes chez les catholiques depuis le 14 f\u00e9vrier. S\u2019il n\u2019est plus dans un \u00e9tat \u201ccritique\u201d, l\u2019\u00e9v\u00eaque de Rome b\u00e9n\u00e9ficie toujours d\u2019une assistance respiratoire, via des canules nasales en journ\u00e9e et un masque \u00e0 oxyg\u00e8ne la nuit.<\/p>\n\n\n\n<p>\u201cLa nuit a \u00e9t\u00e9 tranquille\u201d, a indiqu\u00e9 le Vatican dans un communiqu\u00e9 jeudi matin. Selon le dernier bulletin m\u00e9dical publi\u00e9 mercredi soir, l\u2019\u00e9tat de sant\u00e9 de Fran\u00e7ois \u201creste stable\u201d, \u201cune radiographie du thorax a confirm\u00e9 les am\u00e9liorations\u201d et il poursuit ses th\u00e9rapies.<\/p>\n\n\n\n<blockquote class=\"wp-block-quote is-layout-flow wp-block-quote-is-layout-flow\">\n<figure class=\"wp-block-image\"><img decoding=\"async\" src=\"https:\/\/statics.7sur7.be\/img\/icons\/article-quote-6f574e7dd1.svg\" alt=\"\"\/><\/figure>\n\n\n\n<p>\u201cIl ne sait pas \u00e0 quoi va ressembler sa vie une fois de retour au Vatican\u201dMichel Kubler,, Ex-r\u00e9dacteur en chef de La Croix<\/p>\n<\/blockquote>\n\n\n\n<p>Cette hospitalisation, la quatri\u00e8me et la plus longue depuis son \u00e9lection le 13 mars 2013, porte n\u00e9anmoins un s\u00e9rieux coup d\u2019arr\u00eat au rythme effr\u00e9n\u00e9 que s\u2019\u00e9tait jusqu\u2019ici impos\u00e9 le j\u00e9suite argentin en d\u00e9pit des avertissements de son entourage. Selon les m\u00e9decins, il faut des semaines pour se relever d\u2019une telle \u00e9preuve. Sans doute davantage pour Fran\u00e7ois, qui s\u2019est vu retirer le lobe sup\u00e9rieur du poumon droit \u00e0 21 ans et a multipli\u00e9 ces derni\u00e8res ann\u00e9es les alertes de sant\u00e9, dont deux op\u00e9rations sous anesth\u00e9sie g\u00e9n\u00e9rale et des infections respiratoires \u00e0 r\u00e9p\u00e9tition.<\/p>\n\n\n\n<h2 class=\"wp-block-heading\">\u201cPoint d\u2019interrogation\u201d<\/h2>\n\n\n\n<p>\u201cLa suite du pontificat reste en point d\u2019interrogation pour l\u2019instant, y compris pour Fran\u00e7ois lui-m\u00eame\u201d, confie \u00e0 l\u2019AFP le p\u00e8re Michel Kubler, ancien r\u00e9dacteur en chef du quotidien catholique fran\u00e7ais La Croix. \u201cIl ne sait pas \u00e0 quoi va ressembler sa vie une fois de retour au Vatican, et se r\u00e9serve donc sans doute la possibilit\u00e9 de renoncer \u00e0 sa charge s\u2019il n\u2019y arrivait plus\u201d, ajoute-t-il.<\/p>\n\n\n\n<p>La r\u00e9cente convocation par Fran\u00e7ois d\u2019un consistoire (r\u00e9union de cardinaux), format choisi par son pr\u00e9d\u00e9cesseur Beno\u00eet XVI pour annoncer sa renonciation, \u00e0 la stupeur g\u00e9n\u00e9rale, a raviv\u00e9 les sp\u00e9culations sur une possible renonciation. Mais aucune date n\u2019a \u00e9t\u00e9 fix\u00e9e et il a pris ses distances avec cette hypoth\u00e8se ces derni\u00e8res ann\u00e9es, estimant qu\u2019elle ne devait pas devenir \u201cune mode\u201d.<\/p>\n\n\n\n<p>Pendant son absence, Fran\u00e7ois &#8211; qui n\u2019est plus apparu en public depuis le 14 f\u00e9vrier &#8211; a d\u00e9l\u00e9gu\u00e9 des messes \u00e0 des hauts responsables du Saint-Si\u00e8ge tout en maintenant certaines activit\u00e9s professionnelles, comme signer des documents ou recevoir ses proches collaborateurs.<\/p>\n\n\n\n<p>Le calendrier apparait d\u00e9licat \u00e0 l\u2019approche des f\u00eates de P\u00e2ques, p\u00e9riode de l\u2019ann\u00e9e extr\u00eamement charg\u00e9e, et en plein Jubil\u00e9, \u201cann\u00e9e sainte\u201d de l\u2019Eglise catholique avec son lot d\u2019\u00e9v\u00e8nements culturels et religieux et ses quelque 30 millions de fid\u00e8les attendus. Difficile, dans les conditions actuelles, d\u2019imaginer le pape retrouver le m\u00eame rythme qu\u2019auparavant. \u201cC\u2019est probablement la fin du pontificat tel qu\u2019on l\u2019a connu jusqu\u2019ici\u201d avec sa cadence effr\u00e9n\u00e9e riche d\u2019audiences, de voyages \u00e0 l\u2019\u00e9tranger et de multiples engagements, pr\u00e9vient Michel Kubler.<\/p>\n\n\n\n<h2 class=\"wp-block-heading\">R\u00e9formes inachev\u00e9es<\/h2>\n\n\n\n<p>Principale interrogation qui en d\u00e9coule: la poursuite des r\u00e9formes engag\u00e9es par Fran\u00e7ois depuis 12 ans. Homme de terrain et de contact, Jorge Mario Bergoglio n\u2019a pas seulement sign\u00e9 un changement de style au Vatican: ses r\u00e9formes ont modifi\u00e9 en profondeur la vie de l\u2019\u00c9glise.<\/p>\n\n\n\n<blockquote class=\"wp-block-quote is-layout-flow wp-block-quote-is-layout-flow\">\n<figure class=\"wp-block-image\"><img decoding=\"async\" src=\"https:\/\/statics.7sur7.be\/img\/icons\/article-quote-6f574e7dd1.svg\" alt=\"\"\/><\/figure>\n\n\n\n<p>\u201cQu\u2019on l\u2019appr\u00e9cie ou non, il a fait bouger les lignes, mais beaucoup de choses restent encore en attente\u201dSource vaticane sous anonymat<\/p>\n<\/blockquote>\n\n\n\n<p>Remise en ordre des finances, place des la\u00efcs et des femmes, d\u00e9centralisation, ouverture aux divorc\u00e9s remari\u00e9s et aux fid\u00e8les LGBT+, \u00e9vang\u00e9lisation, lutte contre les violences sexuelles: nombre de d\u00e9cisions ont d\u00e9j\u00e0 \u00e9t\u00e9 concr\u00e9tis\u00e9es dans des textes officiels.<\/p>\n\n\n\n<p>Cette politique a valu \u00e0 Fran\u00e7ois une opposition farouche en interne, qui est all\u00e9e crescendo ces derni\u00e8res ann\u00e9es, \u00e0 l\u2019image de la lev\u00e9e de boucliers provoqu\u00e9e par l\u2019ouverture des b\u00e9n\u00e9dictions aux couples de m\u00eame sexe fin 2023. \u201cQu\u2019on l\u2019appr\u00e9cie ou non, il a fait bouger les lignes, mais beaucoup de choses restent encore en attente\u201d, rappelle une source vaticane sous le couvert de l\u2019anonymat.<\/p>\n\n\n\n<p>Dernier chantier en date, le Synode sur l\u2019avenir de l\u2019Eglise, grande r\u00e9union mondiale d\u2019\u00e9v\u00eaques \u00e0 laquelle le pape a associ\u00e9 pour la premi\u00e8re fois des la\u00efcs et des femmes, a voulu instaurer une horizontalit\u00e9 in\u00e9dite, jusque dans les dioc\u00e8ses. Mais la question tr\u00e8s controvers\u00e9e du diaconat f\u00e9minin a \u00e9t\u00e9 laiss\u00e9e en suspens et les th\u00e8mes les plus sensibles ont \u00e9t\u00e9 confi\u00e9s \u00e0 10 groupes de travail qui doivent rendre leurs conclusions en juin.<\/p>\n","protected":false},"excerpt":{"rendered":"<p>Bien qu\u2019il devrait prochainement sortir de l\u2019h\u00f4pital, l\u2019avenir du pape para\u00eet incertain alors que le Vatican c\u00e9l\u00e8bre ses 12 ans<\/p>\n","protected":false},"author":1,"featured_media":53278,"comment_status":"open","ping_status":"open","sticky":false,"template":"","format":"standard","meta":{"footnotes":""},"categories":[51],"tags":[],"class_list":["post-53277","post","type-post","status-publish","format-standard","has-post-thumbnail","hentry","category-general"],"_links":{"self":[{"href":"https:\/\/dekkbi.com\/index.php?rest_route=\/wp\/v2\/posts\/53277","targetHints":{"allow":["GET"]}}],"collection":[{"href":"https:\/\/dekkbi.com\/index.php?rest_route=\/wp\/v2\/posts"}],"about":[{"href":"https:\/\/dekkbi.com\/index.php?rest_route=\/wp\/v2\/types\/post"}],"author":[{"embeddable":true,"href":"https:\/\/dekkbi.com\/index.php?rest_route=\/wp\/v2\/users\/1"}],"replies":[{"embeddable":true,"href":"https:\/\/dekkbi.com\/index.php?rest_route=%2Fwp%2Fv2%2Fcomments&post=53277"}],"version-history":[{"count":1,"href":"https:\/\/dekkbi.com\/index.php?rest_route=\/wp\/v2\/posts\/53277\/revisions"}],"predecessor-version":[{"id":53279,"href":"https:\/\/dekkbi.com\/index.php?rest_route=\/wp\/v2\/posts\/53277\/revisions\/53279"}],"wp:featuredmedia":[{"embeddable":true,"href":"https:\/\/dekkbi.com\/index.php?rest_route=\/wp\/v2\/media\/53278"}],"wp:attachment":[{"href":"https:\/\/dekkbi.com\/index.php?rest_route=%2Fwp%2Fv2%2Fmedia&parent=53277"}],"wp:term":[{"taxonomy":"category","embeddable":true,"href":"https:\/\/dekkbi.com\/index.php?rest_route=%2Fwp%2Fv2%2Fcategories&post=53277"},{"taxonomy":"post_tag","embeddable":true,"href":"https:\/\/dekkbi.com\/index.php?rest_route=%2Fwp%2Fv2%2Ftags&post=53277"}],"curies":[{"name":"wp","href":"https:\/\/api.w.org\/{rel}","templated":true}]}}