{"id":53268,"date":"2025-03-13T10:26:29","date_gmt":"2025-03-13T10:26:29","guid":{"rendered":"https:\/\/dekkbi.com\/?p=53268"},"modified":"2025-03-13T10:26:30","modified_gmt":"2025-03-13T10:26:30","slug":"ukraine-un-consensus-europeen-se-dessine-pour-soutenir-larmee-ukrainienne-selon-sebastien-lecornu","status":"publish","type":"post","link":"https:\/\/dekkbi.com\/?p=53268","title":{"rendered":"Ukraine: un consensus europ\u00e9en se dessine pour soutenir l&rsquo;arm\u00e9e ukrainienne, selon S\u00e9bastien Lecornu"},"content":{"rendered":"\n<p>Un \u00ab&nbsp;<em>consensus tr\u00e8s large se dessine&nbsp;<\/em>\u00bb entre Europ\u00e9ens pour soutenir l&rsquo;arm\u00e9e ukrainienne \u00e0 l&rsquo;issue du conflit avec la Russie, selon les mots du ministre fran\u00e7ais des Arm\u00e9es, ce mercredi 12 mars. \u00c0 l&rsquo;issue d&rsquo;une r\u00e9union \u00e0 Paris avec ses homologues allemand, britannique, polonais et italien, S\u00e9bastien Lecornu a estim\u00e9 que la garantie de s\u00e9curit\u00e9 dans la dur\u00e9e sera \u00ab&nbsp;<em>les capacit\u00e9s que nous allons pouvoir donner \u00e0 l&rsquo;arm\u00e9e ukrainienne<\/em>&nbsp;\u00bb.<\/p>\n\n\n\n<p>Les Europ\u00e9ens sont d\u00e9termin\u00e9s \u00e0 soutenir militairement l&rsquo;<strong>Ukraine<\/strong>, face \u00e0 un\u00a0<strong>Vladimir Poutine<\/strong>\u00a0en treillis, qui, lui aussi, est d\u00e9termin\u00e9 \u00e0 pousser son avantage. L&rsquo;urgence, pour les ministres de la D\u00e9fense des cinq grandes arm\u00e9es europ\u00e9ennes r\u00e9unis ce mercredi 12 mars \u00e0 Paris, \u00e9tait\u00a0: \u00ab\u00a0<em>Qu&rsquo;est-ce qu&rsquo;on imagine pour que le cessez-le-feu en cours de discussion ne soit pas un \u00e9ni\u00e8me march\u00e9 de dupes, un\u00a0<strong>accord de Minsk<\/strong>\u00a0III\u00a0?<\/em>\u00a0\u00bb, rapporte\u00a0<strong>Franck Alexandre<\/strong>, journaliste d\u00e9fense \u00e0 RFI.<\/p>\n\n\n\n<p>\u00ab&nbsp;<em>Il n&rsquo;y a pas d&rsquo;avenir pour l&rsquo;Ukraine sans possibilit\u00e9 de se d\u00e9fendre, une Ukraine d\u00e9militaris\u00e9e n&rsquo;existe pas<\/em>&nbsp;\u00bb, a d\u00e9clar\u00e9 le ministre italien Guido Crosetto lors de cette r\u00e9union.&nbsp;Son homologue polonais Wladyslaw Kosiniak-Kamysz a, lui aussi, salu\u00e9 une \u00ab&nbsp;<em>vraie unit\u00e9 du continent<\/em>&nbsp;(&#8230;)&nbsp;<em>face \u00e0 la menace venant de l&rsquo;Est<\/em>&nbsp;\u00bb. Il s&rsquo;agit selon lui de \u00ab&nbsp;<em>tenir le plus possible la Russie \u00e0 distance de tous nos \u00c9tats. Et pour cela, il faut aider l&rsquo;Ukraine<\/em>&nbsp;\u00bb.<\/p>\n\n\n\n<h2 class=\"wp-block-heading\">\u00ab&nbsp;<em>La premi\u00e8re garantie de s\u00e9curit\u00e9 de l&rsquo;Ukraine, c&rsquo;est l&rsquo;arm\u00e9e ukrainienne<\/em>&nbsp;\u00bb<\/h2>\n\n\n\n<p>Une question reste en suspens, a r\u00e9sum\u00e9 le ministre des Arm\u00e9es,\u00a0<strong>S\u00e9bastien Lecornu<\/strong>\u00a0: quelle est la mission que l&rsquo;on attend potentiellement de forces europ\u00e9ennes au service de la paix en Ukraine ?\u00a0\u00ab<em>\u00a0La r\u00e9assurance n&rsquo;est pas l&rsquo;observation. L&rsquo;observation n&rsquo;est pas la d\u00e9confliction, n&rsquo;est pas encore moins, l&rsquo;interposition qui me semble \u00eatre un cas qu&rsquo;on n&rsquo;a m\u00eame pas \u00e9voqu\u00e9. Mettre des troupes juste derri\u00e8re la ligne de\u00a0cessez-le-feu\u00a0n&rsquo;est pas du tout la m\u00eame mission que de mettre des troupes le long de la fronti\u00e8re polonaise. Donc en fait, on n&rsquo;en est pas l\u00e0<\/em>, a balay\u00e9 le ministre fran\u00e7ais des Arm\u00e9es.\u00a0<em>La premi\u00e8re garantie de s\u00e9curit\u00e9 de l&rsquo;Ukraine, c&rsquo;est l&rsquo;arm\u00e9e ukrainienne. Vous n&rsquo;allez pas demander \u00e0 des troupes europ\u00e9ennes de faire le travail de l&rsquo;arm\u00e9e ukrainienne.\u00a0<\/em>\u00bb<\/p>\n\n\n\n<p>Pas de troupes au sol dans l&rsquo;imm\u00e9diat donc. En revanche, les Europ\u00e9ens sont cat\u00e9goriques&nbsp;: ils ne veulent pas d&rsquo;une d\u00e9militarisation. Au contraire, la v\u00e9ritable garantie de s\u00e9curit\u00e9 dans la dur\u00e9e, c&rsquo;est fournir des capacit\u00e9s \u00e0 l&rsquo;Ukraine. Toujours plus d&rsquo;armes et de mat\u00e9riel. Et \u00e0 ce stade, quinze pays se montrent int\u00e9ress\u00e9s. La prochaine r\u00e9union aura lieu d&rsquo;ici \u00e0 15 jours avec tous les ministres concern\u00e9s, avec l&rsquo;ambition de b\u00e2tir rapidement une nouvelle architecture de s\u00e9curit\u00e9 europ\u00e9enne.<\/p>\n","protected":false},"excerpt":{"rendered":"<p>Un \u00ab&nbsp;consensus tr\u00e8s large se dessine&nbsp;\u00bb entre Europ\u00e9ens pour soutenir l&rsquo;arm\u00e9e ukrainienne \u00e0 l&rsquo;issue du conflit avec la Russie, selon<\/p>\n","protected":false},"author":1,"featured_media":53269,"comment_status":"open","ping_status":"open","sticky":false,"template":"","format":"standard","meta":{"footnotes":""},"categories":[51],"tags":[],"class_list":["post-53268","post","type-post","status-publish","format-standard","has-post-thumbnail","hentry","category-general"],"_links":{"self":[{"href":"https:\/\/dekkbi.com\/index.php?rest_route=\/wp\/v2\/posts\/53268","targetHints":{"allow":["GET"]}}],"collection":[{"href":"https:\/\/dekkbi.com\/index.php?rest_route=\/wp\/v2\/posts"}],"about":[{"href":"https:\/\/dekkbi.com\/index.php?rest_route=\/wp\/v2\/types\/post"}],"author":[{"embeddable":true,"href":"https:\/\/dekkbi.com\/index.php?rest_route=\/wp\/v2\/users\/1"}],"replies":[{"embeddable":true,"href":"https:\/\/dekkbi.com\/index.php?rest_route=%2Fwp%2Fv2%2Fcomments&post=53268"}],"version-history":[{"count":1,"href":"https:\/\/dekkbi.com\/index.php?rest_route=\/wp\/v2\/posts\/53268\/revisions"}],"predecessor-version":[{"id":53270,"href":"https:\/\/dekkbi.com\/index.php?rest_route=\/wp\/v2\/posts\/53268\/revisions\/53270"}],"wp:featuredmedia":[{"embeddable":true,"href":"https:\/\/dekkbi.com\/index.php?rest_route=\/wp\/v2\/media\/53269"}],"wp:attachment":[{"href":"https:\/\/dekkbi.com\/index.php?rest_route=%2Fwp%2Fv2%2Fmedia&parent=53268"}],"wp:term":[{"taxonomy":"category","embeddable":true,"href":"https:\/\/dekkbi.com\/index.php?rest_route=%2Fwp%2Fv2%2Fcategories&post=53268"},{"taxonomy":"post_tag","embeddable":true,"href":"https:\/\/dekkbi.com\/index.php?rest_route=%2Fwp%2Fv2%2Ftags&post=53268"}],"curies":[{"name":"wp","href":"https:\/\/api.w.org\/{rel}","templated":true}]}}