{"id":53250,"date":"2025-03-13T10:08:11","date_gmt":"2025-03-13T10:08:11","guid":{"rendered":"https:\/\/dekkbi.com\/?p=53250"},"modified":"2025-03-13T10:08:11","modified_gmt":"2025-03-13T10:08:11","slug":"horizon-fatima-bathily-productrice-de-kady-et-djudju-lanimation-est-tellement-difficile-a-financer","status":"publish","type":"post","link":"https:\/\/dekkbi.com\/?p=53250","title":{"rendered":"Horizon \u2013 Fatima Bathily, productrice de \u00abKady et Djudju\u00bb : \u00abL\u2019animation est tellement difficile \u00e0 financer\u00bb"},"content":{"rendered":"\n<p><strong>\u00abLes aventures de Kady et Djudju\u00bb, une s\u00e9rie animation de 13 \u00e9pisodes produits par Fatima Bathily, a obtenu le Prix du Jury \u00e0 la 29e \u00e9dition du Festival panafricain du cin\u00e9ma et de la t\u00e9l\u00e9vision de Ouagadougou (Fespaco). Une cons\u00e9cration qui vient mettre en lumi\u00e8re un secteur du cin\u00e9ma s\u00e9n\u00e9galais particuli\u00e8rement peu financ\u00e9.<\/strong><strong>Vous \u00eates r\u00e9alisatrice, \u00e9ducatrice et sp\u00e9cialiste du cin\u00e9ma d\u2019animation. La s\u00e9rie animation Les aventures de Kady et Djudju (une r\u00e9alisation de Yankoba Di\u00e9m\u00e9) est en comp\u00e9tition officielle au Fespaco. Comment est venue l\u2019id\u00e9e de ce projet&nbsp;?<\/strong><\/p>\n\n\n\n<p>Les aventures de Kady et Djudju, c\u2019est un projet qui date de 2015. \u00c7a fait 10 ans que je travaille sur ce projet-l\u00e0, avec Yankoba Di\u00e9m\u00e9. C\u2019est un projet d\u2019animation, une s\u00e9rie qui raconte l\u2019histoire de deux enfants qui voyagent \u00e0 travers le temps \u00e0 la rencontre des rois, des reines et de notre patrimoine culturel. Moi, je suis \u00e9ducatrice, je travaille depuis des ann\u00e9es dans le milieu des enfants. A un moment, j\u2019ai remarqu\u00e9 qu\u2019au niveau du pr\u00e9scolaire et du primaire, les enfants ne connaissent pas leur histoire. Ils ne connaissent pas les personnages africains. Ils sont beaucoup plus influenc\u00e9s par les personnages qui nous viennent de l\u2019Occident. Les enfants, nous le savons tous, adorent tout ce qui est animation, tout ce qui est personnage. Ils s\u2019identifient beaucoup aux personnages qui nous viennent de l\u2019ext\u00e9rieur. C\u2019est \u00e0 partir de l\u00e0 que j\u2019ai eu cette id\u00e9e de raconter \u00e0 nos enfants l\u2019histoire de nos h\u00e9ros.<\/p>\n\n\n\n<p><strong>Pourquoi \u00e7a a tard\u00e9 \u00e0 se faire ? De 2015 \u00e0 2025, \u00e7a fait 10 ans. Pourquoi le projet a tard\u00e9 \u00e0 voir le jour ?<\/strong><br>J\u2019ai eu \u00e0 faire des formations avec ce projet-l\u00e0 pour l\u2019\u00e9criture du sc\u00e9nario. D\u00e9j\u00e0, finir les \u00e9pisodes en \u00e9criture. Ensuite, on a eu \u00e9norm\u00e9ment de difficult\u00e9s par rapport au financement. Parce que l\u2019animation est tellement difficile \u00e0 financer. M\u00eame la r\u00e9alisation aussi, \u00e7a prend \u00e9norm\u00e9ment de temps. Apr\u00e8s, si le financement ne suit pas, au niveau de la r\u00e9alisation aussi, \u00e7a ne suit pas parce qu\u2019il faut mettre en place une \u00e9quipe. Et s\u2019il n\u2019y a pas d\u2019argent, on n\u2019a pas une \u00e9quipe qui peut travailler de mani\u00e8re rapide \u00e0 la r\u00e9alisation.<\/p>\n\n\n\n<p><strong>Les films d\u2019animation, \u00e7a fait un boom depuis plusieurs ann\u00e9es en Europe. En Afrique, on voit des pays comme la C\u00f4te d\u2019Ivoire. Pourquoi chez nous, \u00e7a tarde autant \u00e0 d\u00e9coller ?<\/strong><\/p>\n\n\n\n<p>Peut-\u00eatre que nous n\u2019avons pas encore compris l\u2019importance du cin\u00e9ma d\u2019animation. Aujourd\u2019hui, on voit en Europe, en Occident, en Arabie, m\u00eame en Afrique du Nord, l\u2019importance qu\u2019on donne au cin\u00e9ma d\u2019animation. Ici, au S\u00e9n\u00e9gal, \u00e7a tarde. Je pense qu\u2019ils ne sont pas nombreux, mais il y a des r\u00e9alisateurs qui font des choses dans leur coin. Et puis, on n\u2019a pas de financement, il n\u2019y a pas de visibilit\u00e9 par rapport \u00e0 ce qu\u2019on fait. Il y a des gens qui pensent que ce n\u2019est pas tr\u00e8s important. Ils ne comprennent pas que l\u2019\u00e9ducation commence par le pr\u00e9scolaire. Et, c\u2019est de 3 ans \u00e0 5 ans. Ensuite, le primaire. Je pense que c\u2019est \u00e0 partir de cet \u00e2ge-l\u00e0 qu\u2019il faut commencer \u00e0 parler aux enfants. Il faut commencer \u00e0 leur donner les bases au niveau de notre culture, de notre patrimoine culturel. Il faut commencer tr\u00e8s t\u00f4t.<\/p>\n\n\n\n<p><strong>Nos s\u00e9ries ont r\u00e9ussi ce pari de mettre de c\u00f4t\u00e9 les telenovelas et autres qui nous venaient de l\u2019ext\u00e9rieur. Quelles sont vos ambitions pour le film d\u2019animation au S\u00e9n\u00e9gal ?<\/strong><\/p>\n\n\n\n<p>On a tellement de choses \u00e0 raconter, notre patrimoine historique, culturel est tellement vaste. C\u2019est tellement beau. Nous avons tellement de contes \u00e0 raconter \u00e0 nos enfants. Avant, c\u2019\u00e9taient nos grands-parents qui nous racontaient nos histoires. Aujourd\u2019hui, les grands-m\u00e8res, les grands-p\u00e8res n\u2019ont m\u00eame pas de temps pour \u00e7a. Et on est dans l\u2019\u00e8re du num\u00e9rique. C\u2019est le num\u00e9rique qu\u2019on doit utiliser pour continuer la transmission.<\/p>\n\n\n\n<p><strong>Cette s\u00e9lection au Fespaco dans la cat\u00e9gorie film d\u2019animation dans la comp\u00e9tition officielle, elle repr\u00e9sente quoi pour vous ?<\/strong><\/p>\n\n\n\n<p>C\u2019est un honneur parce que depuis des ann\u00e9es, on travaille sur ce projet-l\u00e0. Et avoir aujourd\u2019hui l\u2019opportunit\u00e9 de venir ici pr\u00e9senter le projet, montrer le projet et faire comprendre que dans notre coin, on travaille, on essaie d\u2019\u00e9voluer, parce qu\u2019on y croit. Aujourd\u2019hui, nous remercions le Fespaco qui nous donne l\u2019opportunit\u00e9 de faire croitre notre travail. Nous remercions aussi le minist\u00e8re de la Culture, la Direction de la cin\u00e9matographie, le Fopica qui a \u00e9t\u00e9 le premier fonds \u00e0 nous donner l\u2019opportunit\u00e9 de commencer. C\u2019est vrai que l\u2019animation est ch\u00e8re \u00e0 financer, mais au moins, ils ont cru en nous. Et ils nous ont donn\u00e9 la possibilit\u00e9 de commencer \u00e0 faire le travail. Et puis voil\u00e0, on esp\u00e8re qu\u2019il y aura d\u2019autres fonds qui vont suivre.<\/p>\n\n\n\n<p><strong>Est-ce que du point de vue des ressources humaines, c\u2019est facile de faire du cin\u00e9ma d\u2019animation \u00e0 Dakar ?<\/strong><\/p>\n\n\n\n<p>Non, pas du tout. Parce qu\u2019on a \u00e9norm\u00e9ment de difficult\u00e9s de ce c\u00f4t\u00e9-l\u00e0. Donc je pense que d\u00e9j\u00e0, il faudrait que les r\u00e9alisateurs en animation\u2026 Moi, je suis productrice, pour ce qui est de la technique, je ne m\u2019y connais pas. C\u2019est Yankoba qui pourra \u00eatre plus pertinent dans \u00e7a. Mais il y a un manque \u00e9norme de ressources. Il faut beaucoup de formation. Et puis, il y a beaucoup de jeunes qui ont envie de faire \u00e7a. Il y en a \u00e9norm\u00e9ment. Donc je pense qu\u2019il faut vraiment que ce soit pris au s\u00e9rieux. Parce que les enfants, c\u2019est l\u2019avenir. Et il faudrait qu\u2019on puisse leur donner la possibilit\u00e9 de comprendre qu\u2019ils ont une belle histoire. De comprendre qu\u2019ils ont une grande civilisation. L\u2019Afrique a une grande civilisation. Et \u00e7a, il faudrait que les enfants le comprennent. Et \u00e7a doit passer par le num\u00e9rique.<\/p>\n\n\n\n<p><strong>Au sein de la famille de l\u2019animation, est-ce qu\u2019il y a une dynamique collective\u00a0?<\/strong><\/p>\n\n\n\n<p>Alors moi, je pense qu\u2019il faudrait qu\u2019on puisse faire \u00e7a, voir comment faire en sorte que les gens du secteur puissent se voir et discuter. Et trouver un moyen de collaborer.<\/p>\n\n\n\n<p><br><strong>Propos recueillis par Mame Woury THIOUBOU<\/strong><br><strong>(mamewoury@lequotidien.sn)<\/strong><\/p>\n\n\n\n<figure class=\"wp-block-image\"><img decoding=\"async\" src=\"https:\/\/lequotidien.sn\/wp-content\/uploads\/2025\/03\/Kady-et-Djudju-1.jpg\" alt=\"\"\/><\/figure>\n","protected":false},"excerpt":{"rendered":"<p>\u00abLes aventures de Kady et Djudju\u00bb, une s\u00e9rie animation de 13 \u00e9pisodes produits par Fatima Bathily, a obtenu le Prix<\/p>\n","protected":false},"author":1,"featured_media":53251,"comment_status":"open","ping_status":"open","sticky":false,"template":"","format":"standard","meta":{"footnotes":""},"categories":[21],"tags":[],"class_list":["post-53250","post","type-post","status-publish","format-standard","has-post-thumbnail","hentry","category-societe"],"_links":{"self":[{"href":"https:\/\/dekkbi.com\/index.php?rest_route=\/wp\/v2\/posts\/53250","targetHints":{"allow":["GET"]}}],"collection":[{"href":"https:\/\/dekkbi.com\/index.php?rest_route=\/wp\/v2\/posts"}],"about":[{"href":"https:\/\/dekkbi.com\/index.php?rest_route=\/wp\/v2\/types\/post"}],"author":[{"embeddable":true,"href":"https:\/\/dekkbi.com\/index.php?rest_route=\/wp\/v2\/users\/1"}],"replies":[{"embeddable":true,"href":"https:\/\/dekkbi.com\/index.php?rest_route=%2Fwp%2Fv2%2Fcomments&post=53250"}],"version-history":[{"count":1,"href":"https:\/\/dekkbi.com\/index.php?rest_route=\/wp\/v2\/posts\/53250\/revisions"}],"predecessor-version":[{"id":53252,"href":"https:\/\/dekkbi.com\/index.php?rest_route=\/wp\/v2\/posts\/53250\/revisions\/53252"}],"wp:featuredmedia":[{"embeddable":true,"href":"https:\/\/dekkbi.com\/index.php?rest_route=\/wp\/v2\/media\/53251"}],"wp:attachment":[{"href":"https:\/\/dekkbi.com\/index.php?rest_route=%2Fwp%2Fv2%2Fmedia&parent=53250"}],"wp:term":[{"taxonomy":"category","embeddable":true,"href":"https:\/\/dekkbi.com\/index.php?rest_route=%2Fwp%2Fv2%2Fcategories&post=53250"},{"taxonomy":"post_tag","embeddable":true,"href":"https:\/\/dekkbi.com\/index.php?rest_route=%2Fwp%2Fv2%2Ftags&post=53250"}],"curies":[{"name":"wp","href":"https:\/\/api.w.org\/{rel}","templated":true}]}}