{"id":53242,"date":"2025-03-13T09:52:08","date_gmt":"2025-03-13T09:52:08","guid":{"rendered":"https:\/\/dekkbi.com\/?p=53242"},"modified":"2025-03-13T09:52:24","modified_gmt":"2025-03-13T09:52:24","slug":"polemique-a-lassemblee-nationale-entre-piques-et-repliques-la-loi-dinterpretation-de-lamnistie-sous-le-feu-des-critiques","status":"publish","type":"post","link":"https:\/\/dekkbi.com\/?p=53242","title":{"rendered":"Pol\u00e9mique \u00e0 l&rsquo;Assembl\u00e9e nationale: Entre piques et r\u00e9pliques, la loi d&rsquo;interpr\u00e9tation de l&rsquo;amnistie sous le feu des critiques"},"content":{"rendered":"\n<h3 class=\"wp-block-heading\">La proposition de loi interpr\u00e9tative de la loi d&rsquo;amnistie du 13 mars 2024, pr\u00e9sent\u00e9e hier \u00e0 l&rsquo;Assembl\u00e9e nationale, a d\u00e9clench\u00e9 une vive pol\u00e9mique au sein de la classe politique. Ce texte, cens\u00e9 clarifier la port\u00e9e de l&rsquo;amnistie, divise profond\u00e9ment les acteurs politiques et relance les d\u00e9bats sur la justice et l&rsquo;impartialit\u00e9 du pouvoir.<\/h3>\n\n\n\n<p>Me El Hadji Omar Youm, figure de l&rsquo;opposition et ancien ministre sous le r\u00e9gime de Macky Sall, n&rsquo;a pas cach\u00e9 son indignation face \u00e0 cette proposition de loi. Dans une d\u00e9claration tranchante, il a fustig\u00e9 ce qu&rsquo;il qualifie d&rsquo; \u00ab indigeste loi interpr\u00e9tative \u00bb, qu&rsquo;il per\u00e7oit comme une mani\u00e8re d&rsquo;avaliser les actes de violence attribu\u00e9s \u00e0 certains membres du parti PASTEF. \u00ab On nous avait promis l&rsquo;abrogation de la loi d&rsquo;amnistie&#8230; En lieu et place, on nous sert un texte qui n&rsquo;est ni plus ni moins que l&rsquo;aveu des crimes et d\u00e9lits commis par certains membres de PASTEF durant les p\u00e9riodes incrimin\u00e9es \u00bb, a-t-il d\u00e9clar\u00e9<\/p>\n\n\n\n<p>Me Youm va plus loin en accusant directement le parti au pouvoir de vouloir prot\u00e9ger ses partisans au d\u00e9triment des d\u00e9fenseurs de la R\u00e9publique. Il parle de \u00ab justice des vainqueurs \u00bb, d\u00e9non\u00e7ant un traitement in\u00e9galitaire entre les acteurs politiques.<\/p>\n\n\n\n<p>La riposte du pouvoir en place<\/p>\n\n\n\n<p>Face \u00e0 ces accusations, le P\u00f4le Communication CRDP-50 a r\u00e9agi avec fermet\u00e9, r\u00e9affirmant la l\u00e9gitimit\u00e9 de PASTEF et de ses leaders. \u00ab PASTEF est investi d\u2019une confiance ind\u00e9fectible par une majorit\u00e9 de S\u00e9n\u00e9galais \u00bb, souligne le communiqu\u00e9, insistant sur la volont\u00e9 de r\u00e9tablir une justice v\u00e9ritable et de r\u00e9parer les injustices caus\u00e9es sous le pr\u00e9c\u00e9dent r\u00e9gime.<\/p>\n\n\n\n<p>Selon la majorit\u00e9 parlementaire, cette loi interpr\u00e9tative vise \u00e0 clarifier les contours de l\u2019amnistie et \u00e0 assurer une application \u00e9quitable, loin des manipulations politiques. \u00ab Le pr\u00e9sident Diomaye Faye et le Premier ministre Ousmane Sonko se tiennent r\u00e9solument au rendez-vous de la lib\u00e9ration contre vos d\u00e9rives \u00bb, poursuit la r\u00e9ponse du CRDP-50, r\u00e9affirmant l&rsquo;engagement du gouvernement \u00e0 garantir une justice pour tous.<\/p>\n\n\n\n<p>Un d\u00e9bat qui r\u00e9v\u00e8le des clivages profonds<\/p>\n\n\n\n<p>Cette controverse r\u00e9v\u00e8le une fracture persistante entre les partisans de l&rsquo;ancien r\u00e9gime et ceux de l&rsquo;actuelle majorit\u00e9. Pour l&rsquo;opposition, cette loi interpr\u00e9tative est une man\u0153uvre pour blanchir des militants impliqu\u00e9s dans des violences. Pour le gouvernement, elle est un outil n\u00e9cessaire pour assurer la coh\u00e9rence juridique et tourner la page des tensions politiques pass\u00e9es.<\/p>\n\n\n\n<p>Dans ce climat tendu, la proposition de loi devra affronter d&rsquo;autres \u00e9tapes l\u00e9gislatives et une confrontation politique intense avant d&rsquo;\u00eatre adopt\u00e9e ou rejet\u00e9e. Une chose est s\u00fbre : ce d\u00e9bat ne fait que commencer.<br><\/p>\n\n\n\n<p>MD<\/p>\n","protected":false},"excerpt":{"rendered":"<p>La proposition de loi interpr\u00e9tative de la loi d&rsquo;amnistie du 13 mars 2024, pr\u00e9sent\u00e9e hier \u00e0 l&rsquo;Assembl\u00e9e nationale, a d\u00e9clench\u00e9<\/p>\n","protected":false},"author":1,"featured_media":3971,"comment_status":"open","ping_status":"open","sticky":false,"template":"","format":"standard","meta":{"footnotes":""},"categories":[6],"tags":[],"class_list":["post-53242","post","type-post","status-publish","format-standard","has-post-thumbnail","hentry","category-politics"],"_links":{"self":[{"href":"https:\/\/dekkbi.com\/index.php?rest_route=\/wp\/v2\/posts\/53242","targetHints":{"allow":["GET"]}}],"collection":[{"href":"https:\/\/dekkbi.com\/index.php?rest_route=\/wp\/v2\/posts"}],"about":[{"href":"https:\/\/dekkbi.com\/index.php?rest_route=\/wp\/v2\/types\/post"}],"author":[{"embeddable":true,"href":"https:\/\/dekkbi.com\/index.php?rest_route=\/wp\/v2\/users\/1"}],"replies":[{"embeddable":true,"href":"https:\/\/dekkbi.com\/index.php?rest_route=%2Fwp%2Fv2%2Fcomments&post=53242"}],"version-history":[{"count":1,"href":"https:\/\/dekkbi.com\/index.php?rest_route=\/wp\/v2\/posts\/53242\/revisions"}],"predecessor-version":[{"id":53243,"href":"https:\/\/dekkbi.com\/index.php?rest_route=\/wp\/v2\/posts\/53242\/revisions\/53243"}],"wp:featuredmedia":[{"embeddable":true,"href":"https:\/\/dekkbi.com\/index.php?rest_route=\/wp\/v2\/media\/3971"}],"wp:attachment":[{"href":"https:\/\/dekkbi.com\/index.php?rest_route=%2Fwp%2Fv2%2Fmedia&parent=53242"}],"wp:term":[{"taxonomy":"category","embeddable":true,"href":"https:\/\/dekkbi.com\/index.php?rest_route=%2Fwp%2Fv2%2Fcategories&post=53242"},{"taxonomy":"post_tag","embeddable":true,"href":"https:\/\/dekkbi.com\/index.php?rest_route=%2Fwp%2Fv2%2Ftags&post=53242"}],"curies":[{"name":"wp","href":"https:\/\/api.w.org\/{rel}","templated":true}]}}