{"id":53240,"date":"2025-03-13T09:49:47","date_gmt":"2025-03-13T09:49:47","guid":{"rendered":"https:\/\/dekkbi.com\/?p=53240"},"modified":"2025-03-13T09:49:48","modified_gmt":"2025-03-13T09:49:48","slug":"conseil-des-ministres-de-ce-mercredi-12-mars-2025","status":"publish","type":"post","link":"https:\/\/dekkbi.com\/?p=53240","title":{"rendered":"Conseil des Ministres de ce mercredi 12 Mars 2025"},"content":{"rendered":"\n<h3 class=\"wp-block-heading\"><br>Le Chef de l\u2019Etat, Son Excellence, Monsieur Bassirou Diomaye Diakhar FAYE a pr\u00e9sid\u00e9, ce mercredi 12 mars 2025, la r\u00e9union hebdomadaire du Conseil des Ministres, au Palais de la R\u00e9publique.<\/h3>\n\n\n\n<p>A l\u2019entame de sa communication, le Pr\u00e9sident de la R\u00e9publique a adress\u00e9 ses condol\u00e9ances les plus attrist\u00e9es au Ministre des Finances et du Budget, suite au d\u00e9c\u00e8s de Monsieur Abdou DIOUF, Directeur g\u00e9n\u00e9ral du Budget, nomm\u00e9 le 22 janvier 2025 en Conseil des Ministres. Abdou DIOUF fut un brillant Inspecteur du Tr\u00e9sor dont la comp\u00e9tence, le professionnalisme et le sens de l\u2019Etat sont unanimement salu\u00e9s. Qu\u2019Allah l\u2019accueille dans son Paradis \u00e9ternel. Le Chef de l\u2019Etat est revenu sur les enseignements et recommandations de la semaine nationale de la femme.<\/p>\n\n\n\n<p>Il a adress\u00e9 ses chaleureuses f\u00e9licitations au Ministre de la Famille et des Solidarit\u00e9s pour l\u2019excellente organisation et le succ\u00e8s de l\u2019\u00e9v\u00e8nement qui a \u00e9t\u00e9 cl\u00f4tur\u00e9 par la mobilisation des repr\u00e9sentantes de toutes les femmes du S\u00e9n\u00e9gal \u00e0 Dakar, au Grand Th\u00e9\u00e2tre national, le 08 mars 2025.<\/p>\n\n\n\n<p>Il a demand\u00e9 au Ministre de la Famille et des Solidarit\u00e9s de faire l\u2019\u00e9valuation des dol\u00e9ances des femmes de chaque r\u00e9gion et de proposer un plan national d\u2019action consolid\u00e9 pour am\u00e9liorer la condition de la femme. La culture de l\u2019excellence et de la performance est un principe directeur de la mise en \u0153uvre de l\u2019Agenda national de Transformation. C\u2019est pourquoi le Pr\u00e9sident de la R\u00e9publique a d\u00e9cid\u00e9 de la cr\u00e9ation, par d\u00e9cret, d\u2019une distinction d\u00e9nomm\u00e9e \u00ab M\u00e9daille Ga\u00efnd\u00e9 de la performance \u00bb destin\u00e9e \u00e0 r\u00e9compenser les citoyens s\u00e9n\u00e9galais qui ont accompli des exploits et r\u00e9ussites majeurs ayant contribu\u00e9, de fa\u00e7on d\u00e9cisive, au progr\u00e8s et au rayonnement du S\u00e9n\u00e9gal.<\/p>\n\n\n\n<p>Cette m\u00e9daille sanctionne les performances r\u00e9alis\u00e9es dans les domaines acad\u00e9miques, de la sant\u00e9, de la s\u00e9curit\u00e9, de la d\u00e9fense, de la technologie, des arts, de la culture, des sports, de l\u2019agriculture, de l\u2019\u00e9conomie, de la diplomatie, de l\u2019environnement, de l\u2019innovation, de la r\u00e9silience administrative, de l\u2019initiative citoyenne \u00e0 fort impact entre autres. Elle est d\u00e9cern\u00e9e \u00e0 toute personne de nationalit\u00e9 s\u00e9n\u00e9galaise remplissant les conditions \u00e9dict\u00e9es et, \u00e0 titre exceptionnel, \u00e0 toute personne ayant jou\u00e9 un r\u00f4le majeur dans la r\u00e9alisation de la performance.<\/p>\n\n\n\n<p>La transparence dans la gouvernance des ressources naturelles demeure une exigence prioritaire de l\u2019Etat. Dans ce sillage, le Chef de l\u2019Etat a rappel\u00e9 son attachement au bon fonctionnement du Comit\u00e9 national de l\u2019Initiative pour la Transparence dans les Industries extractives (ITIE S\u00e9n\u00e9gal) et au renforcement permanent de ses moyens d\u2019intervention dans le cadre de l\u2019ex\u00e9cution de ses missions.<\/p>\n\n\n\n<p>Il a demand\u00e9 au Ministre des Finances et du Budget, au Ministre de l\u2019Energie, du P\u00e9trole et des Mines et au Ministre de l\u2019Environnement et de la Transition \u00e9cologique, de prendre toutes les mesures requises, en relation avec ITIE S\u00e9n\u00e9gal, en vue de satisfaire aux nouvelles exigences de la norme ITIE 2023 en perspective de la prochaine validation du S\u00e9n\u00e9gal dont le d\u00e9marrage est pr\u00e9vu en juillet 2025. Il a, en outre, 2 indiqu\u00e9 au Gouvernement, la n\u00e9cessit\u00e9 d\u2019accentuer la transparence dans la divulgation des donn\u00e9es \u00e9conomiques et financi\u00e8res relatives \u00e0 l\u2019exploitation des ressources mini\u00e8res, p\u00e9troli\u00e8res et gazi\u00e8res, et d\u2019am\u00e9liorer la mobilisation des recettes issues de l\u2019exploitation du patrimoine minier et p\u00e9trolier.<\/p>\n\n\n\n<p>A ce titre, il a rappel\u00e9 l\u2019imp\u00e9ratif d\u2019actualiser le syst\u00e8me de recouvrement des recettes collect\u00e9es par l\u2019Etat dans le cadre de l\u2019exploitation des ressources mini\u00e8res et p\u00e9troli\u00e8res et a insist\u00e9 sur la n\u00e9cessit\u00e9 d\u2019assurer la publication r\u00e9guli\u00e8re du registre des b\u00e9n\u00e9ficiaires effectifs ainsi que des audits des contrats miniers et p\u00e9troliers, des imp\u00f4ts, et des co\u00fbts finaux des entreprises. Le Pr\u00e9sident de la R\u00e9publique a soulign\u00e9 l\u2019importance de veiller \u00e0 la gestion optimale des impacts environnementaux et sociaux de l\u2019exploitation mini\u00e8re et p\u00e9troli\u00e8re sur le bien\u00eatre des populations. Il a, \u00e0 ce sujet, demand\u00e9 au Ministre des Finances et du Budget, au Ministre de l\u2019Energie, du P\u00e9trole et des Mines et au Ministre de l\u2019Environnement et de la Transition \u00e9cologique, en relation avec le Ministre en charge des Collectivit\u00e9s territoriales, de faire la situation, depuis leur cr\u00e9ation, des fonds miniers d\u2019appui et de p\u00e9r\u00e9quation des collectivit\u00e9s territoriales, ainsi que du fonds de r\u00e9habilitation des sites miniers.<\/p>\n\n\n\n<p>Il a charg\u00e9 les Ministres impliqu\u00e9s de tenir, sous leur pr\u00e9sidence effective, des revues sectorielles avec le Comit\u00e9 national ITIE afin de mieux pr\u00e9parer le processus de validation du S\u00e9n\u00e9gal et d\u2019informer les citoyens et l\u2019ensemble des parties prenantes sur la gouvernance du secteur extractif. Il a, d\u2019ailleurs, invit\u00e9 le Ministre des Finances et du Budget \u00e0 faire une communication mensuelle en Conseil des Ministres sur la situation du Fonds interg\u00e9n\u00e9rationnel et du Fonds de stabilisation pr\u00e9vus par la loi portant r\u00e9partition et encadrement de la gestion des recettes issues de l\u2019exploitation des hydrocarbures.<\/p>\n\n\n\n<p>La Vision \u00ab S\u00e9n\u00e9gal 2050 \u00bb accorde une importance primordiale \u00e0 l\u2019acc\u00e9l\u00e9ration de l\u2019industrialisation du pays \u00e0 travers la restructuration et le d\u00e9veloppement de plusieurs fili\u00e8res prioritaires telles que la p\u00e9trochimie, les phosphates, l\u2019horticulture et le tourisme. Il s\u2019agit de b\u00e2tir une \u00e9conomie attractive et robuste orient\u00e9e vers la valorisation endog\u00e8ne de nos potentialit\u00e9s et ressources naturelles et fortement cr\u00e9atrice d\u2019emplois d\u00e9cents.<\/p>\n\n\n\n<p>Le Chef de l\u2019Etat a demand\u00e9 aux Ministres en charge de l\u2019Economie et de l\u2019Industrie, en liaison avec l\u2019APIX, d\u2019\u00e9valuer les zones \u00e9conomiques sp\u00e9ciales et les agropoles cr\u00e9\u00e9s, en termes d\u2019entreprises install\u00e9es, d\u2019investissements et d\u2019innovations technologiques r\u00e9alis\u00e9s, de facilit\u00e9s (administratives, fiscales, fonci\u00e8res\u2026) accord\u00e9es par l\u2019Etat, d\u2019emplois cr\u00e9\u00e9s et de contribution \u00e0 la promotion des exportations et au dynamisme des P\u00f4les territoires. Avec la mont\u00e9e en puissance soutenue de la politique d\u2019industrialisation, le Pr\u00e9sident de la R\u00e9publique a, enfin, indiqu\u00e9 au Premier Ministre la n\u00e9cessit\u00e9 de veiller \u00e0 la coh\u00e9rence des interventions et \u00e0 la mutualisation des moyens de l\u2019Agence charg\u00e9e de la Promotion des Investissements et des Grands travaux (APIX), de l\u2019Agence s\u00e9n\u00e9galaise de Promotion des Exportations (ASEPEX), de l\u2019Agence s\u00e9n\u00e9galaise de Promotion des Sites industriels (APROSI), de l\u2019Agence s\u00e9n\u00e9galaise pour la Propri\u00e9t\u00e9 industrielle et l\u2019Innovation technologique (ASPIT) et du Programme national de D\u00e9veloppement des Agropoles. Dans sa communication, le Premier Ministre a fait part au Conseil de l\u2019\u00e9tat d\u2019avancement des travaux d\u2019audit du foncier relatifs \u00e0 des lotissements dans les r\u00e9gions de Dakar, Thi\u00e8s et Saint-Louis<\/p>\n\n\n\n<p>. Il a rappel\u00e9 l\u2019exigence attach\u00e9e \u00e0 ces audits au regard des abus 3 notoires relev\u00e9s et d\u00e9nonc\u00e9s depuis plusieurs ann\u00e9es. \u00c0 cet \u00e9gard, sur les directives du Pr\u00e9sident de la R\u00e9publique, il a fait entreprendre simultan\u00e9ment des travaux d\u2019analyse de la l\u00e9galit\u00e9 et de la conformit\u00e9 des occupations au niveau du Domaine public maritime (DPM) et de divers lotissements.<\/p>\n\n\n\n<p>Le Premier Ministre a indiqu\u00e9 que les recommandations du Rapport sur les occupations du Domaine public maritime sont en cours de mise en \u0153uvre. Concernant les lotissements des r\u00e9gions de Dakar, Thi\u00e8s et Saint-Louis, objet des travaux d\u2019audit, le Comit\u00e9 technique mis en place \u00e0 cet effet a finalis\u00e9 l\u2019essentiel des rapports d\u2019audit. Les mesures pr\u00e9conis\u00e9es dans lesdits rapports portent sur : &#8211; l\u2019annulation de tout ou partie des attributions de certains lotissements, de Plans d\u2019Urbanisme de D\u00e9tail (PUD) et de morcellements, en raison du non-respect des proc\u00e9dures fix\u00e9es par la r\u00e9glementation en la mati\u00e8re ; &#8211; la suspension de l\u2019instruction de demandes de bail sur un site, dans l\u2019attente de l\u2019\u00e9laboration d\u2019un plan d\u2019am\u00e9nagement concert\u00e9 ; &#8211; le maintien et la lev\u00e9e de la suspension de travaux, sous r\u00e9serve de mesures de correction, de tout ou partie de certains lotissements, apr\u00e8s un processus de contr\u00f4le individuel notamment des attributions multiples \u00e0 une m\u00eame personne, par la Direction g\u00e9n\u00e9rale de la Surveillance et du Contr\u00f4le de l\u2019Occupation des Sols (DGSCOS).<\/p>\n\n\n\n<p>Le Premier Ministre a demand\u00e9 aux Ministres concern\u00e9s de prendre les dispositions appropri\u00e9es en vue de la finalisation des travaux de contr\u00f4le individuel, dans les meilleurs d\u00e9lais. Par ailleurs, conform\u00e9ment aux directives du Chef de l\u2019Etat, le Premier Ministre a insist\u00e9, dans le sillage des enseignements tir\u00e9s de l\u2019audit des finances publiques pour les gestions 2019-mars 2024, sur l\u2019obligation de garantir la fiabilit\u00e9 et la transparence des comptes de gestion des entit\u00e9s du secteur parapublic. Dans ce cadre, il a engag\u00e9 les ministres \u00e0 veiller au plein exercice des diligences li\u00e9es \u00e0 la tutelle de ces entit\u00e9s qui leur est d\u00e9volue, en particulier en perspective de la tenue des sessions d\u2019approbation des comptes de l\u2019exercice 2024 par les organes d\u00e9lib\u00e9rants. Il s\u2019agit notamment de l\u2019\u00e9laboration du calendrier des r\u00e9unions de pr\u00e9-conseil ainsi que de la mise en conformit\u00e9 des textes r\u00e9gissant lesdites entit\u00e9s avec les dispositions de la loi d\u2019orientation relative au secteur parapublic, au suivi du portefeuille de l\u2019Etat et au contr\u00f4le des personnes morales de droit priv\u00e9 b\u00e9n\u00e9ficiant du contr\u00f4le de l\u2019Etat.<\/p>\n\n\n\n<p><strong>AU TITRE DES COMMUNICATIONS DES MINISTRES&nbsp;<\/strong>:<\/p>\n\n\n\n<p>\u2022 le Ministre de l\u2019Int\u00e9gration africaine et des Affaires \u00e9trang\u00e8res et le Ministre de l\u2019Int\u00e9rieur et de la S\u00e9curit\u00e9 publique ont fait une communication conjointe sur les dysfonctionnements du service des passeports ordinaires d\u00e9livr\u00e9s aux S\u00e9n\u00e9galais \u00e9tablis \u00e0 l\u2019Etranger ;<\/p>\n\n\n\n<p>\u2022 le Ministre de l\u2019Industrie et du Commerce a fait une communication sur l\u2019approvisionnement du march\u00e9 en denr\u00e9es de premi\u00e8re n\u00e9cessit\u00e9 ;<\/p>\n\n\n\n<p>4 \u2022 le Ministre de la Fonction publique et de la R\u00e9forme du Service public a fait le point sur le suivi des orientations de la rencontre tripartite Etat- Patronat-Syndicats ;<\/p>\n\n\n\n<p>\u2022 le Ministre de la Jeunesse, des Sports et de la Culture a fait une communication sur les pr\u00e9parations des contenus culturels des Jeux olympiques de la Jeunesse JOJ Dakar 2026 et l\u2019\u00e9tat de mise en \u0153uvre des d\u00e9cisions issues du Conseil interminist\u00e9riel.<\/p>\n\n\n\n<p><strong>AU TITRE DES TEXTES LEGISLATIFS ET REGLEMENTAIRES,<br><br>Le Conseil a examin\u00e9 et adopt\u00e9 :<\/strong><\/p>\n\n\n\n<p>\u2022 le Projet de loi portant cr\u00e9ation et fixant les r\u00e8gles d\u2019organisation et de fonctionnement de l\u2019Observatoire national des Lieux de Privation de Libert\u00e9 (ONLPL) ;<\/p>\n\n\n\n<p>\u2022 le Projet de d\u00e9cret portant cr\u00e9ation et fixant les r\u00e8gles d\u2019organisation et de fonctionnement du Fonds de D\u00e9veloppement de la Microfinance islamique (FDMI).<\/p>\n\n\n\n<p><strong>AU TITRE DES MESURES INDIVIDUELLES,<br><br>Le Pr\u00e9sident de la R\u00e9publique a pris les d\u00e9cisions suivantes :<br><br>Au titre de la Primature :<br><br>\u2022 Le Colonel Amadou Cambel DIENG<\/strong>&nbsp;est nomm\u00e9 Directeur du Service civique national \u00e0 la Primature, en remplacement du Colonel Cheikhna DIENG, admis \u00e0 faire valoir ses droits \u00e0 une pension de retraite. Au titre du Minist\u00e8re des Finances et du Budget :<\/p>\n\n\n\n<p><strong>\u2022 Monsieur Massamba DIENG,&nbsp;<\/strong>Magistrat Conseiller en service \u00e0 la Cour des comptes, matricule de solde n\u00b0609860\/M, est nomm\u00e9 Directeur g\u00e9n\u00e9ral du Budget au Minist\u00e8re des Finances et du Budget ;<\/p>\n\n\n\n<p><strong>\u2022 Monsieur Cheikh Tidiane DIAW,<\/strong>&nbsp;Conseiller en planification de classe exceptionnelle, matricule de solde n\u00b0602291\/N, est nomm\u00e9 Coordonnateur de la Direction g\u00e9n\u00e9rale du Budget.<\/p>\n\n\n\n<p><strong>Au titre du Minist\u00e8re de la Sant\u00e9 et de l\u2019Action sociale<br><br>\u2022 Monsieur Assane DRAME,<\/strong>&nbsp;titulaire d\u2019un Doctorat en M\u00e9decine et d\u2019un Master en Administration sanitaire et sant\u00e9 publique, est nomm\u00e9 Directeur du Centre hospitalier r\u00e9gional de la Paix de Ziguinchor, en remplacement de Monsieur Moussa SENE, admis \u00e0 faire valoir ses droits \u00e0 une pension de retraite ;<\/p>\n\n\n\n<p><strong>5 \u2022 Monsieur Kalidou Samba LY<\/strong>, titulaire d\u2019un Doctorat en M\u00e9decine, pr\u00e9c\u00e9demment Chef du Service d\u2019Orthop\u00e9die-traumatologie au Centre hospitalier r\u00e9gional El hadji Ibrahima NIASS de Kaolack, est nomm\u00e9 Directeur de l\u2019Etablissement public de Sant\u00e9 de niveau 1 Youssou Mbergane DIOP de Rufisque, en remplacement de Monsieur Mamadou NDIAYE ;<\/p>\n\n\n\n<p><strong>\u2022 Madame Ouleymatou Khadija DIAGNE,&nbsp;<\/strong>Administrateur des services de sant\u00e9, Sp\u00e9cialiste en Qualit\u00e9, Hygi\u00e8ne, S\u00e9curit\u00e9 et Environnement, est nomm\u00e9e Directeur du Centre hospitalier national pour enfants de Diamniadio, en remplacement de Madame Mame Fama Dieng GAYE ;<br><strong><br>\u2022 Monsieur Babacar FALL,<\/strong>&nbsp;titulaire d\u2019un Doctorat en M\u00e9decine et d\u2019un Master en Management des \u00c9tablissements de Sant\u00e9, est nomm\u00e9 Directeur du Centre hospitalier r\u00e9gional de Fatick, en remplacement de Monsieur Babacar MANE ;<br><strong><br>\u2022 Monsieur Gabriel Mass\u00e8ne SENGHOR,<\/strong>&nbsp;titulaire d\u2019un Doctorat en M\u00e9decine, pr\u00e9c\u00e9demment M\u00e9decin-Chef du District sanitaire de Yeumbeul, est nomm\u00e9 Directeur du Centre hospitalier r\u00e9gional de Ziguinchor, en remplacement de Monsieur Ndiame DIOP ;<\/p>\n\n\n\n<p><strong>\u2022 Monsieur El hadji Sader TOP,&nbsp;<\/strong>titulaire d\u2019un Doctorat en M\u00e9decine et d\u2019un MBA en Economie de la Sant\u00e9, pr\u00e9c\u00e9demment Coordonnateur des Urgences au Centre hospitalier r\u00e9gional de Kaffrine, est nomm\u00e9 Directeur du Centre hospitalier r\u00e9gional de Saint-Louis, en remplacement du Docteur El Hadji Maguette SECK ;<\/p>\n\n\n\n<p><strong>\u2022 Monsieur Ibrahima SOW,<\/strong>&nbsp;titulaire d\u2019un Doctorat en M\u00e9decine et d\u2019un Master en Management des \u00c9tablissements de Sant\u00e9, pr\u00e9c\u00e9demment en service au Centre hospitalier Abass NDAO, est nomm\u00e9 Directeur du Centre hospitalier r\u00e9gional de Matam, en remplacement du Docteur Aladji Arona NDIAYE ;<br><strong><br>\u2022 Monsieur Ibrahima Sitor Souleymane SARR<\/strong>&nbsp;1 titulaire d\u2019un Doctorat en M\u00e9decine, pr\u00e9c\u00e9demment Chef du Service de Chirurgie et de M\u00e9decine l\u00e9gale \u00e0 l\u2019H\u00f4pital Roi Baudouin, est nomm\u00e9 Directeur du Centre hospitalier r\u00e9gional Amadou Sakhir MBAYE de Louga, en remplacement de Monsieur Mouhamed Abdallah GUEYE ;<\/p>\n\n\n\n<p><strong>\u2022 Monsieur Abdoul NDONGO,&nbsp;<\/strong>titulaire d\u2019une Maitrise en g\u00e9ographie option environnement et d\u2019un Dipl\u00f4me d\u2019Etat en Administration de Soins, pr\u00e9c\u00e9demment Surveillant du Service d\u2019Ophtalmologie du Centre hospitalier r\u00e9gional de SaintLouis, est nomm\u00e9 Directeur de l\u2019Etablissement public de Sant\u00e9 de niveau 1 Magatte L\u00d4 de Lingu\u00e8re, en remplacement du Docteur Abdou CISSE ;<\/p>\n\n\n\n<p><strong>\u2022 Monsieur Demba DIEDHIOU,<\/strong>&nbsp;Professeur titulaire des Universit\u00e9s en M\u00e9decine interne, titulaire d\u2019un Master en Management des \u00c9tablissements de Sant\u00e9, est 6 nomm\u00e9 Directeur du Centre hospitalier Abass Ndao, en remplacement du Docteur Amadou NDIAYE, appel\u00e9 \u00e0 d\u2019autres fonctions ;<br><strong><br>\u2022 Monsieur Massamba Thioro SALL,<\/strong>&nbsp;titulaire d\u2019un Doctorat en Sciences de gestion, pr\u00e9c\u00e9demment Responsable de la Cellule Promotion et Partenariat \u00e0 la Direction de la Sant\u00e9 de la M\u00e8re et de l\u2019Enfant au Minist\u00e8re de la Sant\u00e9 et de l\u2019Action sociale, est nomm\u00e9 Directeur de l\u2019H\u00f4pital Matlaboul Fawzeyni de Touba, en remplacement du Docteur Makhtar L\u00d4 ;<\/p>\n\n\n\n<p><strong>\u2022 Monsieur Souleymane LOUCAR,<\/strong>&nbsp;titulaire d\u2019un Doctorat en M\u00e9decine, pr\u00e9c\u00e9demment Chef du Service de Psychiatrie de l\u2019h\u00f4pital r\u00e9gional de Louga, est nomm\u00e9 Directeur du Centre hospitalier national de Pikine, en remplacement du Dr Fatou DIOP ;<\/p>\n\n\n\n<p><strong>\u2022 Monsieur Youssou Mbargane GUEYE,&nbsp;<\/strong>titulaire d\u2019un Doctorat en Sciences de Gestion et d\u2019un Master en Sciences de Gestion, pr\u00e9c\u00e9demment Responsable logistique \u00e0 la Direction des Infrastructures, des \u00c9quipements et de la Maintenance au Minist\u00e8re de la Sant\u00e9 et de l\u2019Action sociale, est nomm\u00e9 Directeur du Centre hospitalier R\u00e9gional Amath Dansokho de K\u00e9dougou, en remplacement du Docteur El Hadji Amadou DIENG.<\/p>\n\n\n\n<p><strong>Le Ministre de la Formation professionnelle et technique,<br>Porte-Parole du Gouvernement?<br>Amadou Moustapha Njekk SARRE<\/strong><\/p>\n\n\n\n<p><\/p>\n","protected":false},"excerpt":{"rendered":"<p>Le Chef de l\u2019Etat, Son Excellence, Monsieur Bassirou Diomaye Diakhar FAYE a pr\u00e9sid\u00e9, ce mercredi 12 mars 2025, la r\u00e9union<\/p>\n","protected":false},"author":1,"featured_media":43464,"comment_status":"open","ping_status":"open","sticky":false,"template":"","format":"standard","meta":{"footnotes":""},"categories":[6],"tags":[],"class_list":["post-53240","post","type-post","status-publish","format-standard","has-post-thumbnail","hentry","category-politics"],"_links":{"self":[{"href":"https:\/\/dekkbi.com\/index.php?rest_route=\/wp\/v2\/posts\/53240","targetHints":{"allow":["GET"]}}],"collection":[{"href":"https:\/\/dekkbi.com\/index.php?rest_route=\/wp\/v2\/posts"}],"about":[{"href":"https:\/\/dekkbi.com\/index.php?rest_route=\/wp\/v2\/types\/post"}],"author":[{"embeddable":true,"href":"https:\/\/dekkbi.com\/index.php?rest_route=\/wp\/v2\/users\/1"}],"replies":[{"embeddable":true,"href":"https:\/\/dekkbi.com\/index.php?rest_route=%2Fwp%2Fv2%2Fcomments&post=53240"}],"version-history":[{"count":1,"href":"https:\/\/dekkbi.com\/index.php?rest_route=\/wp\/v2\/posts\/53240\/revisions"}],"predecessor-version":[{"id":53241,"href":"https:\/\/dekkbi.com\/index.php?rest_route=\/wp\/v2\/posts\/53240\/revisions\/53241"}],"wp:featuredmedia":[{"embeddable":true,"href":"https:\/\/dekkbi.com\/index.php?rest_route=\/wp\/v2\/media\/43464"}],"wp:attachment":[{"href":"https:\/\/dekkbi.com\/index.php?rest_route=%2Fwp%2Fv2%2Fmedia&parent=53240"}],"wp:term":[{"taxonomy":"category","embeddable":true,"href":"https:\/\/dekkbi.com\/index.php?rest_route=%2Fwp%2Fv2%2Fcategories&post=53240"},{"taxonomy":"post_tag","embeddable":true,"href":"https:\/\/dekkbi.com\/index.php?rest_route=%2Fwp%2Fv2%2Ftags&post=53240"}],"curies":[{"name":"wp","href":"https:\/\/api.w.org\/{rel}","templated":true}]}}