{"id":53234,"date":"2025-03-13T09:43:03","date_gmt":"2025-03-13T09:43:03","guid":{"rendered":"https:\/\/dekkbi.com\/?p=53234"},"modified":"2025-03-13T09:43:03","modified_gmt":"2025-03-13T09:43:03","slug":"lutte-contre-le-trafic-international-de-drogue-260516-kg-de-cocaine-incineres-dans-les-fours-de-la-sococim","status":"publish","type":"post","link":"https:\/\/dekkbi.com\/?p=53234","title":{"rendered":"Lutte contre le trafic international de drogue : 2605,16 kg de coca\u00efne incin\u00e9r\u00e9s dans les fours de la SOCOCIM"},"content":{"rendered":"\n<h3 class=\"wp-block-heading\">L\u2019Administration des Douanes a proc\u00e9d\u00e9, ce mercredi 12 mars 2025, \u00e0 une op\u00e9ration d&rsquo;incin\u00e9ration \u00e0 la Sococim, en pr\u00e9sence du Gouverneur de Dakar, du Pr\u00e9fet du d\u00e9partement de Rufisque, du Directeur des Op\u00e9rations douani\u00e8res et des autres Forces de D\u00e9fense et de S\u00e9curit\u00e9. Il s\u2019agit d\u2019une quantit\u00e9 de 2605,16 kg de coca\u00efne saisis en 2024, par les unit\u00e9s douani\u00e8res, sur l&rsquo;ensemble du territoire. La contrevaleur totale de la drogue incin\u00e9r\u00e9e est \u00e9valu\u00e9e \u00e0 plus de 208 milliards de francs Cfa.<\/h3>\n\n\n\n<p>Selon le Directeur des Op\u00e9rations douani\u00e8res, Ousmane Kane, ces r\u00e9sultats forts appr\u00e9ciables sont rendus possibles gr\u00e2ce aux orientations des autorit\u00e9s, \u00e0 l&rsquo;engagement des agents des Douanes, au renforcement des moyens logistiques des unit\u00e9s douani\u00e8res, ainsi qu&rsquo;\u00e0 la collaboration des diff\u00e9rentes autres Forces de D\u00e9fense et de S\u00e9curit\u00e9 et des partenaires internationaux comme l\u2019ONUDC.<\/p>\n\n\n\n<p>\u00ab&nbsp;<em>L&rsquo;Administration des Douanes, reste engag\u00e9e dans la lutte contre le trafic de drogue&nbsp;<\/em>\u00bb, a ajout\u00e9 le DOD, tout en invitant les populations \u00e0 collaborer davantage avec les Douanes, pour plus d\u2019efficacit\u00e9 dans l\u2019ex\u00e9cution du service. Le Directeur des Op\u00e9rations douani\u00e8res, Ousmane Kane a adress\u00e9 ses remerciements \u00e0 tous les services et partenaires ayant contribu\u00e9 \u00e0 la r\u00e9ussite de cette op\u00e9ration d&rsquo;incin\u00e9ration, notamment la SOCOCIM, qui a mis ses installations \u00e0 la disposition de la Douane.<\/p>\n\n\n\n<p>Pour Madame Digou Yala Mathilde Sadio, Adjoint au Gouverneur de la R\u00e9gion de Dakar, charg\u00e9e du D\u00e9veloppement, \u00ab<em>&nbsp;l\u2019acte d\u2019incin\u00e9ration de ce matin est certes symbolique, mais rappelle l\u2019engagement de l\u2019\u00c9tat \u00e0 lutter farouchement contre le trafic de drogue&nbsp;<\/em>\u00bb. Elle a salu\u00e9 la pr\u00e9sence et la collaboration de tous les services, ce qui t\u00e9moigne, selon elle, de la synergie d\u2019action des d\u00e9membrements de l\u2019\u00c9tat, dans la croisade continue contre le fl\u00e9au.<\/p>\n\n\n\n<p>Les Directeurs r\u00e9gionaux des Douanes de Dakar-Port et de Dakar Ouest, ainsi que le Chef de la Subdivision de Tambacounda, dont les unit\u00e9s ont saisi plus de la moiti\u00e9 de la quantit\u00e9 de coca\u00efne incin\u00e9r\u00e9e, ont \u00e9galement pris part \u00e0 l\u2019op\u00e9ration.<\/p>\n\n\n\n<p>SOURCCE LERAL<\/p>\n","protected":false},"excerpt":{"rendered":"<p>L\u2019Administration des Douanes a proc\u00e9d\u00e9, ce mercredi 12 mars 2025, \u00e0 une op\u00e9ration d&rsquo;incin\u00e9ration \u00e0 la Sococim, en pr\u00e9sence du<\/p>\n","protected":false},"author":1,"featured_media":53235,"comment_status":"open","ping_status":"open","sticky":false,"template":"","format":"standard","meta":{"footnotes":""},"categories":[26],"tags":[],"class_list":["post-53234","post","type-post","status-publish","format-standard","has-post-thumbnail","hentry","category-fait-divers"],"_links":{"self":[{"href":"https:\/\/dekkbi.com\/index.php?rest_route=\/wp\/v2\/posts\/53234","targetHints":{"allow":["GET"]}}],"collection":[{"href":"https:\/\/dekkbi.com\/index.php?rest_route=\/wp\/v2\/posts"}],"about":[{"href":"https:\/\/dekkbi.com\/index.php?rest_route=\/wp\/v2\/types\/post"}],"author":[{"embeddable":true,"href":"https:\/\/dekkbi.com\/index.php?rest_route=\/wp\/v2\/users\/1"}],"replies":[{"embeddable":true,"href":"https:\/\/dekkbi.com\/index.php?rest_route=%2Fwp%2Fv2%2Fcomments&post=53234"}],"version-history":[{"count":1,"href":"https:\/\/dekkbi.com\/index.php?rest_route=\/wp\/v2\/posts\/53234\/revisions"}],"predecessor-version":[{"id":53236,"href":"https:\/\/dekkbi.com\/index.php?rest_route=\/wp\/v2\/posts\/53234\/revisions\/53236"}],"wp:featuredmedia":[{"embeddable":true,"href":"https:\/\/dekkbi.com\/index.php?rest_route=\/wp\/v2\/media\/53235"}],"wp:attachment":[{"href":"https:\/\/dekkbi.com\/index.php?rest_route=%2Fwp%2Fv2%2Fmedia&parent=53234"}],"wp:term":[{"taxonomy":"category","embeddable":true,"href":"https:\/\/dekkbi.com\/index.php?rest_route=%2Fwp%2Fv2%2Fcategories&post=53234"},{"taxonomy":"post_tag","embeddable":true,"href":"https:\/\/dekkbi.com\/index.php?rest_route=%2Fwp%2Fv2%2Ftags&post=53234"}],"curies":[{"name":"wp","href":"https:\/\/api.w.org\/{rel}","templated":true}]}}