{"id":53231,"date":"2025-03-13T09:36:10","date_gmt":"2025-03-13T09:36:10","guid":{"rendered":"https:\/\/dekkbi.com\/?p=53231"},"modified":"2025-03-13T09:36:11","modified_gmt":"2025-03-13T09:36:11","slug":"le-magistrat-massamba-dieng-nomme-directeur-general-du-budget","status":"publish","type":"post","link":"https:\/\/dekkbi.com\/?p=53231","title":{"rendered":"Le magistrat Massamba Dieng nomm\u00e9 directeur g\u00e9n\u00e9ral du budget"},"content":{"rendered":"\n<p>Dakar, 13 mars (APS) \u2013 Le magistrat Massamba Dieng, conseiller \u00e0 la Cour des comptes, a \u00e9t\u00e9 nomm\u00e9 directeur g\u00e9n\u00e9ral du budget, au minist\u00e8re des Finances et du Budget, annonce le communiqu\u00e9 du Conseil des ministres de ce mercredi 12 mars.<\/p>\n\n\n\n<p>Selon la m\u00eame source, le conseiller en planification Cheikh Tidiane Diaw est appel\u00e9 \u00e0 exercer maintenant les fonctions de coordonnateur de la direction g\u00e9n\u00e9rale du budget.<\/p>\n\n\n\n<p>Massamba Dieng succ\u00e8de \u00e0 Abdou Diouf, qui est d\u00e9c\u00e9d\u00e9 vendredi 7 mars, \u00e0 l\u2019\u00e2ge de 46 ans.<\/p>\n\n\n\n<p>Lors du Conseil des ministres, le pr\u00e9sident de la R\u00e9publique a estim\u00e9 que le d\u00e9funt directeur g\u00e9n\u00e9ral du budget \u2018\u2019fut un brillant inspecteur du Tr\u00e9sor, dont la comp\u00e9tence, le professionnalisme et le sens de l\u2019\u00c9tat sont unanimement salu\u00e9s\u2019\u2019.<\/p>\n\n\n\n<p>Abdou Diouf avait \u00e9t\u00e9 nomm\u00e9 \u00e0 ce poste en janvier dernier.<\/p>\n\n\n\n<p>ESF<\/p>\n","protected":false},"excerpt":{"rendered":"<p>Dakar, 13 mars (APS) \u2013 Le magistrat Massamba Dieng, conseiller \u00e0 la Cour des comptes, a \u00e9t\u00e9 nomm\u00e9 directeur g\u00e9n\u00e9ral<\/p>\n","protected":false},"author":1,"featured_media":53232,"comment_status":"open","ping_status":"open","sticky":false,"template":"","format":"standard","meta":{"footnotes":""},"categories":[3],"tags":[],"class_list":["post-53231","post","type-post","status-publish","format-standard","has-post-thumbnail","hentry","category-event-more-news"],"_links":{"self":[{"href":"https:\/\/dekkbi.com\/index.php?rest_route=\/wp\/v2\/posts\/53231","targetHints":{"allow":["GET"]}}],"collection":[{"href":"https:\/\/dekkbi.com\/index.php?rest_route=\/wp\/v2\/posts"}],"about":[{"href":"https:\/\/dekkbi.com\/index.php?rest_route=\/wp\/v2\/types\/post"}],"author":[{"embeddable":true,"href":"https:\/\/dekkbi.com\/index.php?rest_route=\/wp\/v2\/users\/1"}],"replies":[{"embeddable":true,"href":"https:\/\/dekkbi.com\/index.php?rest_route=%2Fwp%2Fv2%2Fcomments&post=53231"}],"version-history":[{"count":1,"href":"https:\/\/dekkbi.com\/index.php?rest_route=\/wp\/v2\/posts\/53231\/revisions"}],"predecessor-version":[{"id":53233,"href":"https:\/\/dekkbi.com\/index.php?rest_route=\/wp\/v2\/posts\/53231\/revisions\/53233"}],"wp:featuredmedia":[{"embeddable":true,"href":"https:\/\/dekkbi.com\/index.php?rest_route=\/wp\/v2\/media\/53232"}],"wp:attachment":[{"href":"https:\/\/dekkbi.com\/index.php?rest_route=%2Fwp%2Fv2%2Fmedia&parent=53231"}],"wp:term":[{"taxonomy":"category","embeddable":true,"href":"https:\/\/dekkbi.com\/index.php?rest_route=%2Fwp%2Fv2%2Fcategories&post=53231"},{"taxonomy":"post_tag","embeddable":true,"href":"https:\/\/dekkbi.com\/index.php?rest_route=%2Fwp%2Fv2%2Ftags&post=53231"}],"curies":[{"name":"wp","href":"https:\/\/api.w.org\/{rel}","templated":true}]}}