{"id":53214,"date":"2025-03-13T09:21:52","date_gmt":"2025-03-13T09:21:52","guid":{"rendered":"https:\/\/dekkbi.com\/?p=53214"},"modified":"2025-03-13T09:21:53","modified_gmt":"2025-03-13T09:21:53","slug":"cooperation-le-senegal-renforce-son-accord-de-transport-aerien-avec-le-canada","status":"publish","type":"post","link":"https:\/\/dekkbi.com\/?p=53214","title":{"rendered":"COOPERATION &#8211; Le S\u00e9n\u00e9gal renforce son accord de transport a\u00e9rien avec le Canada"},"content":{"rendered":"\n<p>Le Canada a \u00e9largi son accord de transport a\u00e9rien avec le S\u00e9n\u00e9gal, ouvrant la voie \u00e0 une meilleure connectivit\u00e9 et \u00e0 de nouvelles opportunit\u00e9s commerciales entre les deux pays. Annonc\u00e9e par Anita Anand, ministre des Transports et du Commerce int\u00e9rieur, cette expansion permet aux compagnies a\u00e9riennes canadiennes et s\u00e9n\u00e9galaises d\u2019op\u00e9rer des vols directs vers toutes les destinations de l\u2019autre pays. L\u2019accord autorise \u00e9galement jusqu\u2019\u00e0 14 vols passagers et 10 vols cargo par semaine pour chaque nation, offrant ainsi une plus grande flexibilit\u00e9 au transport de marchandises.<\/p>\n\n\n\n<p>Cette initiative s\u2019inscrit dans la strat\u00e9gie du Canada visant \u00e0 dynamiser les \u00e9changes commerciaux et \u00e0 renforcer ses relations avec l\u2019Afrique. Mary Ng, ministre de la Promotion des exportations, a soulign\u00e9 que cet accord stimulera le tourisme, facilitera les op\u00e9rations des compagnies a\u00e9riennes et ouvrira de nouvelles perspectives pour les entreprises canadiennes.<\/p>\n\n\n\n<p>En 2023, les \u00e9changes commerciaux entre le Canada et le S\u00e9n\u00e9gal ont atteint 119,4 millions de dollars, un chiffre qui pourrait encore cro\u00eetre gr\u00e2ce aux opportunit\u00e9s dans les secteurs minier, agricole, p\u00e9trolier et gazier. Ce nouvel accord s\u2019inscrit dans le cadre de la politique \u00ab Ciel bleu \u00bb du Canada, qui vise \u00e0 favoriser des services a\u00e9riens durables et comp\u00e9titifs.<\/p>\n\n\n\n<p>Ce d\u00e9veloppement marque une avanc\u00e9e significative dans les relations bilat\u00e9rales, avec des retomb\u00e9es positives pour les entreprises, les voyageurs et les exportateurs des deux pays.<\/p>\n\n\n\n<p>SOURCE LESOLEIL<\/p>\n","protected":false},"excerpt":{"rendered":"<p>Le Canada a \u00e9largi son accord de transport a\u00e9rien avec le S\u00e9n\u00e9gal, ouvrant la voie \u00e0 une meilleure connectivit\u00e9 et<\/p>\n","protected":false},"author":1,"featured_media":50754,"comment_status":"open","ping_status":"open","sticky":false,"template":"","format":"standard","meta":{"footnotes":""},"categories":[3],"tags":[],"class_list":["post-53214","post","type-post","status-publish","format-standard","has-post-thumbnail","hentry","category-event-more-news"],"_links":{"self":[{"href":"https:\/\/dekkbi.com\/index.php?rest_route=\/wp\/v2\/posts\/53214","targetHints":{"allow":["GET"]}}],"collection":[{"href":"https:\/\/dekkbi.com\/index.php?rest_route=\/wp\/v2\/posts"}],"about":[{"href":"https:\/\/dekkbi.com\/index.php?rest_route=\/wp\/v2\/types\/post"}],"author":[{"embeddable":true,"href":"https:\/\/dekkbi.com\/index.php?rest_route=\/wp\/v2\/users\/1"}],"replies":[{"embeddable":true,"href":"https:\/\/dekkbi.com\/index.php?rest_route=%2Fwp%2Fv2%2Fcomments&post=53214"}],"version-history":[{"count":1,"href":"https:\/\/dekkbi.com\/index.php?rest_route=\/wp\/v2\/posts\/53214\/revisions"}],"predecessor-version":[{"id":53215,"href":"https:\/\/dekkbi.com\/index.php?rest_route=\/wp\/v2\/posts\/53214\/revisions\/53215"}],"wp:featuredmedia":[{"embeddable":true,"href":"https:\/\/dekkbi.com\/index.php?rest_route=\/wp\/v2\/media\/50754"}],"wp:attachment":[{"href":"https:\/\/dekkbi.com\/index.php?rest_route=%2Fwp%2Fv2%2Fmedia&parent=53214"}],"wp:term":[{"taxonomy":"category","embeddable":true,"href":"https:\/\/dekkbi.com\/index.php?rest_route=%2Fwp%2Fv2%2Fcategories&post=53214"},{"taxonomy":"post_tag","embeddable":true,"href":"https:\/\/dekkbi.com\/index.php?rest_route=%2Fwp%2Fv2%2Ftags&post=53214"}],"curies":[{"name":"wp","href":"https:\/\/api.w.org\/{rel}","templated":true}]}}